{"id":32320,"date":"2022-01-08T13:29:00","date_gmt":"2022-01-08T16:29:00","guid":{"rendered":"https:\/\/blogopara.com.br\/?p=32320"},"modified":"2022-01-08T10:40:34","modified_gmt":"2022-01-08T13:40:34","slug":"fornos-ilegais-sao-destruidos-e-madeiras-nativas-sao-apreendidas-em-acao-do-inema-na-chapada-diamantina","status":"publish","type":"post","link":"https:\/\/blogopara.com.br\/index.php\/2022\/01\/08\/fornos-ilegais-sao-destruidos-e-madeiras-nativas-sao-apreendidas-em-acao-do-inema-na-chapada-diamantina","title":{"rendered":"Fornos ilegais s\u00e3o destru\u00eddos e madeiras nativas s\u00e3o apreendidas em a\u00e7\u00e3o do Inema na Chapada Diamantina"},"content":{"rendered":"<div class=\"mc-column content-text active-extra-styles \" data-block-type=\"unstyled\" data-block-weight=\"54\" data-block-id=\"2\">\n<p class=\"content-text__container \" style=\"text-align: justify;\" data-track-category=\"Link no Texto\" data-track-links=\"\">Seis fornos utilizados para a produ\u00e7\u00e3o ilegal de carv\u00e3o foram destru\u00eddos e pelo menos 15 metros de madeira nativa, j\u00e1 cortada em forma de lenha, foram encontrados em uma a\u00e7\u00e3o que reuniu a Pol\u00edcia Ambiental e t\u00e9cnicos do Instituto Nacional do Meio Ambiente (Inema) na zona rural de Utinga, na regi\u00e3o da Chapada Diamantina.<\/p>\n<\/div>\n<div class=\"wall protected-content\">\n<div class=\"mc-column content-text active-extra-styles \" style=\"text-align: justify;\" data-block-type=\"unstyled\" data-block-weight=\"26\" data-block-id=\"3\">\n<p class=\"content-text__container \" data-track-category=\"Link no Texto\" data-track-links=\"\">O flagrante ocorreu na sexta-feira (7), em uma opera\u00e7\u00e3o que tamb\u00e9m fiscalizou terrenos nas cidades de Bonito e Wagner, vizinhas ao local onde houve a apreens\u00e3o.<\/p>\n<\/div>\n<div class=\"mc-column content-text active-extra-styles \" data-block-type=\"unstyled\" data-block-weight=\"47\" data-block-id=\"4\">\n<p class=\"content-text__container \" style=\"text-align: justify;\" data-track-category=\"Link no Texto\" data-track-links=\"\">De acordo com a Pol\u00edcia Ambiental, outros 380 sacos e 16 m\u00b3 de carv\u00e3o j\u00e1 produzidos estavam escondidos embaixo de uma lona. Os t\u00e9cnicos calculam que, com a a\u00e7\u00e3o criminosa, mais de 16 hectares de Mata Atl\u00e2ntica foram devastados na regi\u00e3o para a produ\u00e7\u00e3o ilegal do material.<\/p>\n<p data-track-category=\"Link no Texto\" data-track-links=\"\">\u00a0<\/p>\n<\/div>\n<p data-track-category=\"Link no Texto\" data-track-links=\"\">Por:; g1 BA<\/p>\n<\/div>\n","protected":false},"excerpt":{"rendered":"<p>Seis fornos utilizados para a produ\u00e7\u00e3o ilegal de carv\u00e3o foram destru\u00eddos e pelo menos 15 metros de madeira nativa, j\u00e1 cortada em forma de lenha, foram encontrados em uma a\u00e7\u00e3o que reuniu a Pol\u00edcia Ambiental e t\u00e9cnicos do Instituto Nacional do Meio Ambiente (Inema) na zona rural de Utinga, na regi\u00e3o da Chapada Diamantina. O [&hellip;]<\/p>\n","protected":false},"author":1,"featured_media":32321,"comment_status":"closed","ping_status":"open","sticky":false,"template":"","format":"standard","meta":{"_uag_custom_page_level_css":"","_monsterinsights_skip_tracking":false,"_monsterinsights_sitenote_active":false,"_monsterinsights_sitenote_note":"","_monsterinsights_sitenote_category":0,"jetpack_post_was_ever_published":false,"_jetpack_newsletter_access":"","_jetpack_dont_email_post_to_subs":false,"_jetpack_newsletter_tier_id":0,"_jetpack_memberships_contains_paywalled_content":false,"_jetpack_memberships_contains_paid_content":false,"footnotes":"","jetpack_publicize_message":"","jetpack_publicize_feature_enabled":true,"jetpack_social_post_already_shared":true,"jetpack_social_options":{"image_generator_settings":{"template":"highway","default_image_id":0,"font":"","enabled":false},"version":2}},"categories":[203],"tags":[7168,6550,7167,7166],"class_list":["post-32320","post","type-post","status-publish","format-standard","has-post-thumbnail","hentry","category-juazeiro","tag-acao-do-inema","tag-chapada-diamantina","tag-destruidos","tag-fornos-ilegais"],"jetpack_publicize_connections":[],"jetpack_featured_media_url":"https:\/\/blogopara.com.br\/wp-content\/uploads\/2022\/01\/image.psd-17-.jpg","uagb_featured_image_src":{"full":["https:\/\/blogopara.com.br\/wp-content\/uploads\/2022\/01\/image.psd-17-.jpg",500,311,false],"thumbnail":["https:\/\/blogopara.com.br\/wp-content\/uploads\/2022\/01\/image.psd-17--150x150.jpg",150,150,true],"medium":["https:\/\/blogopara.com.br\/wp-content\/uploads\/2022\/01\/image.psd-17--300x187.jpg",300,187,true],"medium_large":["https:\/\/blogopara.com.br\/wp-content\/uploads\/2022\/01\/image.psd-17-.jpg",500,311,false],"large":["https:\/\/blogopara.com.br\/wp-content\/uploads\/2022\/01\/image.psd-17-.jpg",500,311,false],"1536x1536":["https:\/\/blogopara.com.br\/wp-content\/uploads\/2022\/01\/image.psd-17-.jpg",500,311,false],"2048x2048":["https:\/\/blogopara.com.br\/wp-content\/uploads\/2022\/01\/image.psd-17-.jpg",500,311,false],"mantranews-slider-large":["https:\/\/blogopara.com.br\/wp-content\/uploads\/2022\/01\/image.psd-17-.jpg",500,311,false],"mantranews-featured-medium":["https:\/\/blogopara.com.br\/wp-content\/uploads\/2022\/01\/image.psd-17--420x307.jpg",420,307,true],"mantranews-featured-long":["https:\/\/blogopara.com.br\/wp-content\/uploads\/2022\/01\/image.psd-17--300x311.jpg",300,311,true],"mantranews-block-medium":["https:\/\/blogopara.com.br\/wp-content\/uploads\/2022\/01\/image.psd-17--464x290.jpg",464,290,true],"mantranews-carousel-image":["https:\/\/blogopara.com.br\/wp-content\/uploads\/2022\/01\/image.psd-17-.jpg",500,311,false],"mantranews-block-thumb":["https:\/\/blogopara.com.br\/wp-content\/uploads\/2022\/01\/image.psd-17--322x230.jpg",322,230,true],"mantranews-single-large":["https:\/\/blogopara.com.br\/wp-content\/uploads\/2022\/01\/image.psd-17-.jpg",500,311,false]},"uagb_author_info":{"display_name":"Reda\u00e7\u00e3o geral","author_link":"https:\/\/blogopara.com.br\/index.php\/author\/blogopara"},"uagb_comment_info":0,"uagb_excerpt":"Seis fornos utilizados para a produ\u00e7\u00e3o ilegal de carv\u00e3o foram destru\u00eddos e pelo menos 15 metros de madeira nativa, j\u00e1 cortada em forma de lenha, foram encontrados em uma a\u00e7\u00e3o que reuniu a Pol\u00edcia Ambiental e t\u00e9cnicos do Instituto Nacional do Meio Ambiente (Inema) na zona rural de Utinga, na regi\u00e3o da Chapada Diamantina. O&hellip;","jetpack_sharing_enabled":true,"jetpack_likes_enabled":true,"_links":{"self":[{"href":"https:\/\/blogopara.com.br\/index.php\/wp-json\/wp\/v2\/posts\/32320","targetHints":{"allow":["GET"]}}],"collection":[{"href":"https:\/\/blogopara.com.br\/index.php\/wp-json\/wp\/v2\/posts"}],"about":[{"href":"https:\/\/blogopara.com.br\/index.php\/wp-json\/wp\/v2\/types\/post"}],"author":[{"embeddable":true,"href":"https:\/\/blogopara.com.br\/index.php\/wp-json\/wp\/v2\/users\/1"}],"replies":[{"embeddable":true,"href":"https:\/\/blogopara.com.br\/index.php\/wp-json\/wp\/v2\/comments?post=32320"}],"version-history":[{"count":1,"href":"https:\/\/blogopara.com.br\/index.php\/wp-json\/wp\/v2\/posts\/32320\/revisions"}],"predecessor-version":[{"id":32322,"href":"https:\/\/blogopara.com.br\/index.php\/wp-json\/wp\/v2\/posts\/32320\/revisions\/32322"}],"wp:featuredmedia":[{"embeddable":true,"href":"https:\/\/blogopara.com.br\/index.php\/wp-json\/wp\/v2\/media\/32321"}],"wp:attachment":[{"href":"https:\/\/blogopara.com.br\/index.php\/wp-json\/wp\/v2\/media?parent=32320"}],"wp:term":[{"taxonomy":"category","embeddable":true,"href":"https:\/\/blogopara.com.br\/index.php\/wp-json\/wp\/v2\/categories?post=32320"},{"taxonomy":"post_tag","embeddable":true,"href":"https:\/\/blogopara.com.br\/index.php\/wp-json\/wp\/v2\/tags?post=32320"}],"curies":[{"name":"wp","href":"https:\/\/api.w.org\/{rel}","templated":true}]}}