{"id":32589,"date":"2022-01-15T17:21:00","date_gmt":"2022-01-15T20:21:00","guid":{"rendered":"https:\/\/blogopara.com.br\/?p=32589"},"modified":"2022-01-15T14:51:53","modified_gmt":"2022-01-15T17:51:53","slug":"estados-decidem-descongelar-icms-dos-combustiveis-a-partir-de-fevereiro","status":"publish","type":"post","link":"https:\/\/blogopara.com.br\/index.php\/2022\/01\/15\/estados-decidem-descongelar-icms-dos-combustiveis-a-partir-de-fevereiro","title":{"rendered":"Estados decidem descongelar ICMS dos combust\u00edveis a partir de fevereiro"},"content":{"rendered":"<p style=\"text-align: justify;\">Estados decidiram que v\u00e3o\u00a0<strong>descongelar o valor do ICMS que incide sobre combust\u00edveis a partir de fevereiro<\/strong>. O valor do ICMS cobrado sobre combust\u00edveis foi congelado por 90 dias, prazo que se encerra no dia 31 de janeiro. J\u00e1 havia maioria para a n\u00e3o prorroga\u00e7\u00e3o da medida entre os governadores e os secret\u00e1rios de Fazenda tomaram a mesma posi\u00e7\u00e3o nesta sexta-feira.<\/p>\n<div class=\"teads-inread sm-screen\" style=\"text-align: justify;\">\n<div id=\"teads0\" class=\"teads-player\"><span style=\"font-size: revert; color: initial;\">O estopim para a decis\u00e3o de descongelar o valor do ICMS foi o <\/span><strong style=\"font-size: revert; color: initial;\">novo an\u00fancio de aumento do pre\u00e7o da gasolina e do diesel<\/strong><span style=\"font-size: revert; color: initial;\">\u00a0feito pela Petrobras nesta semana. O congelamento foi decidido pelo Conselho Nacional de Pol\u00edtica Fazend\u00e1ria (Confaz) em outubro do ano passado, com a justificativa de colaborar com a manuten\u00e7\u00e3o dos pre\u00e7os, em uma tentativa de segurar a infla\u00e7\u00e3o.<\/span><\/div>\n<\/div>\n<div id=\"ad-middle\" class=\" adRef\" style=\"text-align: justify;\" data-google-query-id=\"CJntmNyntPUCFfwFuQYdP-EHgA\">\n<div id=\"google_ads_iframe_\/21867286880\/folhape\/middle_0__container__\"><\/div>\n<\/div>\n<p style=\"text-align: justify;\">Nesta sexta, o\u00a0<strong>Comit\u00ea Nacional dos Secret\u00e1rios de Fazenda dos Estados e do Distrito Federal (Comsefaz)<\/strong>\u00a0divulgou que os secret\u00e1rios j\u00e1 haviam formado maioria pelo descongelamento do tributo e apontou que \u00e9 preciso alterar a pol\u00edtica de pre\u00e7os da Petrobras para que haja uma diminui\u00e7\u00e3o que atinja a popula\u00e7\u00e3o.<\/p>\n<div class=\"dn_noticiasRelacionadas\" style=\"text-align: justify;\">\n<div><\/div>\n<div class=\"spacer30\"><span style=\"font-size: revert; color: initial;\">Em nota, <\/span><strong style=\"font-size: revert; color: initial;\">Wellington Dias (PT)<\/strong><span style=\"font-size: revert; color: initial;\">, governador do Piau\u00ed e coordenador no F\u00f3rum Nacional de Governadores, comentou a decis\u00e3o pelo descongelamento do valor do ICMS.<\/span><\/div>\n<\/div>\n<p style=\"text-align: justify;\">\u201cFizemos nossa parte: congelamento do pre\u00e7o de refer\u00eancia para ICMS, n\u00e3o valorizaram este gesto concreto, n\u00e3o respeitaram o povo. A resposta foi aumento, aumento mais aumento nos pre\u00e7os dos combust\u00edveis\u201d, disse.<\/p>\n<p style=\"text-align: justify;\">Os estados devem, agora, solicitar uma nova reuni\u00e3o ao Confaz para comunicar a decis\u00e3o sobre encerrar o congelamento do ICMS,<\/p>\n<div id=\"ad-middle1\" class=\" adRef\" style=\"text-align: justify;\" data-google-query-id=\"CPWbp96ntPUCFf8HuQYdxmIGhw\">\n<div id=\"google_ads_iframe_\/21867286880\/folhape\/middle1_0__container__\"><span style=\"font-size: revert; color: initial;\">A discuss\u00e3o sobre o peso do ICMS no pre\u00e7o dos combust\u00edveis foi acirrada ao longo de 2021. De um lado, o presidente Jair Bolsonaro e aliados costumavam atribuir a responsabilidade pela alta no pre\u00e7o da gasolina, diesel e etanol ao tributo cobrado pelos estados. Estes, por sua vez, criticam a pol\u00edtica de pre\u00e7os da Petrobras, que \u00e9 atrelada a varia\u00e7\u00e3o do mercado externo e, portanto, ao d\u00f3lar.<\/span><\/div>\n<\/div>\n<div style=\"text-align: justify;\"><\/div>\n<div style=\"text-align: justify;\"><\/div>\n<div style=\"text-align: justify;\">Por:<strong>\u00a0Ag\u00eancia O Globo<\/strong><\/div>\n","protected":false},"excerpt":{"rendered":"<p>Estados decidiram que v\u00e3o\u00a0descongelar o valor do ICMS que incide sobre combust\u00edveis a partir de fevereiro. O valor do ICMS cobrado sobre combust\u00edveis foi congelado por 90 dias, prazo que se encerra no dia 31 de janeiro. J\u00e1 havia maioria para a n\u00e3o prorroga\u00e7\u00e3o da medida entre os governadores e os secret\u00e1rios de Fazenda tomaram [&hellip;]<\/p>\n","protected":false},"author":1,"featured_media":32590,"comment_status":"closed","ping_status":"open","sticky":false,"template":"","format":"standard","meta":{"_uag_custom_page_level_css":"","_monsterinsights_skip_tracking":false,"_monsterinsights_sitenote_active":false,"_monsterinsights_sitenote_note":"","_monsterinsights_sitenote_category":0,"jetpack_post_was_ever_published":false,"_jetpack_newsletter_access":"","_jetpack_dont_email_post_to_subs":false,"_jetpack_newsletter_tier_id":0,"_jetpack_memberships_contains_paywalled_content":false,"_jetpack_memberships_contains_paid_content":false,"footnotes":"","jetpack_publicize_message":"","jetpack_publicize_feature_enabled":true,"jetpack_social_post_already_shared":true,"jetpack_social_options":{"image_generator_settings":{"template":"highway","default_image_id":0,"font":"","enabled":false},"version":2}},"categories":[200],"tags":[7295,7294,7296],"class_list":["post-32589","post","type-post","status-publish","format-standard","has-post-thumbnail","hentry","category-brasil","tag-descongelar-icms-dos-combustiveis","tag-estados-decidem","tag-fevereiro"],"jetpack_publicize_connections":[],"jetpack_featured_media_url":"https:\/\/blogopara.com.br\/wp-content\/uploads\/2022\/01\/jfcrz-abr-30051916366df_2.jpg","uagb_featured_image_src":{"full":["https:\/\/blogopara.com.br\/wp-content\/uploads\/2022\/01\/jfcrz-abr-30051916366df_2.jpg",500,298,false],"thumbnail":["https:\/\/blogopara.com.br\/wp-content\/uploads\/2022\/01\/jfcrz-abr-30051916366df_2-150x150.jpg",150,150,true],"medium":["https:\/\/blogopara.com.br\/wp-content\/uploads\/2022\/01\/jfcrz-abr-30051916366df_2-300x179.jpg",300,179,true],"medium_large":["https:\/\/blogopara.com.br\/wp-content\/uploads\/2022\/01\/jfcrz-abr-30051916366df_2.jpg",500,298,false],"large":["https:\/\/blogopara.com.br\/wp-content\/uploads\/2022\/01\/jfcrz-abr-30051916366df_2.jpg",500,298,false],"1536x1536":["https:\/\/blogopara.com.br\/wp-content\/uploads\/2022\/01\/jfcrz-abr-30051916366df_2.jpg",500,298,false],"2048x2048":["https:\/\/blogopara.com.br\/wp-content\/uploads\/2022\/01\/jfcrz-abr-30051916366df_2.jpg",500,298,false],"mantranews-slider-large":["https:\/\/blogopara.com.br\/wp-content\/uploads\/2022\/01\/jfcrz-abr-30051916366df_2.jpg",500,298,false],"mantranews-featured-medium":["https:\/\/blogopara.com.br\/wp-content\/uploads\/2022\/01\/jfcrz-abr-30051916366df_2-420x298.jpg",420,298,true],"mantranews-featured-long":["https:\/\/blogopara.com.br\/wp-content\/uploads\/2022\/01\/jfcrz-abr-30051916366df_2-300x298.jpg",300,298,true],"mantranews-block-medium":["https:\/\/blogopara.com.br\/wp-content\/uploads\/2022\/01\/jfcrz-abr-30051916366df_2-464x290.jpg",464,290,true],"mantranews-carousel-image":["https:\/\/blogopara.com.br\/wp-content\/uploads\/2022\/01\/jfcrz-abr-30051916366df_2.jpg",500,298,false],"mantranews-block-thumb":["https:\/\/blogopara.com.br\/wp-content\/uploads\/2022\/01\/jfcrz-abr-30051916366df_2-322x230.jpg",322,230,true],"mantranews-single-large":["https:\/\/blogopara.com.br\/wp-content\/uploads\/2022\/01\/jfcrz-abr-30051916366df_2.jpg",500,298,false]},"uagb_author_info":{"display_name":"Reda\u00e7\u00e3o geral","author_link":"https:\/\/blogopara.com.br\/index.php\/author\/blogopara"},"uagb_comment_info":0,"uagb_excerpt":"Estados decidiram que v\u00e3o\u00a0descongelar o valor do ICMS que incide sobre combust\u00edveis a partir de fevereiro. O valor do ICMS cobrado sobre combust\u00edveis foi congelado por 90 dias, prazo que se encerra no dia 31 de janeiro. J\u00e1 havia maioria para a n\u00e3o prorroga\u00e7\u00e3o da medida entre os governadores e os secret\u00e1rios de Fazenda tomaram&hellip;","jetpack_sharing_enabled":true,"jetpack_likes_enabled":true,"_links":{"self":[{"href":"https:\/\/blogopara.com.br\/index.php\/wp-json\/wp\/v2\/posts\/32589","targetHints":{"allow":["GET"]}}],"collection":[{"href":"https:\/\/blogopara.com.br\/index.php\/wp-json\/wp\/v2\/posts"}],"about":[{"href":"https:\/\/blogopara.com.br\/index.php\/wp-json\/wp\/v2\/types\/post"}],"author":[{"embeddable":true,"href":"https:\/\/blogopara.com.br\/index.php\/wp-json\/wp\/v2\/users\/1"}],"replies":[{"embeddable":true,"href":"https:\/\/blogopara.com.br\/index.php\/wp-json\/wp\/v2\/comments?post=32589"}],"version-history":[{"count":1,"href":"https:\/\/blogopara.com.br\/index.php\/wp-json\/wp\/v2\/posts\/32589\/revisions"}],"predecessor-version":[{"id":32591,"href":"https:\/\/blogopara.com.br\/index.php\/wp-json\/wp\/v2\/posts\/32589\/revisions\/32591"}],"wp:featuredmedia":[{"embeddable":true,"href":"https:\/\/blogopara.com.br\/index.php\/wp-json\/wp\/v2\/media\/32590"}],"wp:attachment":[{"href":"https:\/\/blogopara.com.br\/index.php\/wp-json\/wp\/v2\/media?parent=32589"}],"wp:term":[{"taxonomy":"category","embeddable":true,"href":"https:\/\/blogopara.com.br\/index.php\/wp-json\/wp\/v2\/categories?post=32589"},{"taxonomy":"post_tag","embeddable":true,"href":"https:\/\/blogopara.com.br\/index.php\/wp-json\/wp\/v2\/tags?post=32589"}],"curies":[{"name":"wp","href":"https:\/\/api.w.org\/{rel}","templated":true}]}}