{"id":32621,"date":"2022-01-16T19:54:00","date_gmt":"2022-01-16T22:54:00","guid":{"rendered":"https:\/\/blogopara.com.br\/?p=32621"},"modified":"2022-01-16T14:39:39","modified_gmt":"2022-01-16T17:39:39","slug":"94-dos-municipios-relatam-crescimento-preocupante-de-pessoas-com-sintomas-gripais-diz-pesquisa","status":"publish","type":"post","link":"https:\/\/blogopara.com.br\/index.php\/2022\/01\/16\/94-dos-municipios-relatam-crescimento-preocupante-de-pessoas-com-sintomas-gripais-diz-pesquisa","title":{"rendered":"94% dos Munic\u00edpios relatam crescimento preocupante de pessoas com sintomas gripais, diz pesquisa"},"content":{"rendered":"<p style=\"text-align: justify;\">O crescimento de casos de Covid-19 e o aumento de pessoas com sintomas gripais foi captado pela 33\u00aa edi\u00e7\u00e3o da pesquisa realizada pela Confedera\u00e7\u00e3o Nacional de Munic\u00edpios (CNM), primeiro levantamento de 2022, promovido entre os dias 10 e 13 de janeiro.<\/p>\n<p style=\"text-align: justify;\">Dos quase 2 mil Munic\u00edpios que participaram do mapeamento, 93,9% apontaram o crescimento preocupante de atendimentos a pessoas com sintomas gripais em hospitais e postos de sa\u00fade.<\/p>\n<p style=\"text-align: justify;\">O levantamento mostra que 1.555 (83,1%) confirmaram aumento nos casos de Covid-19 e mais de 1,1 mil (60%) prefeituras afirmaram que ocorreu o aumento no afastamento de servidores municipais por conta do coronav\u00edrus. Esta edi\u00e7\u00e3o da pesquisa tamb\u00e9m trouxe informa\u00e7\u00f5es sobre a gripe H3N2, que \u00e9 uma variante do v\u00edrus Influenza A. Pelos dados da CNM, 1.149 (61,4%) cidades j\u00e1 possuem medicamentos para enfrentar a prolifera\u00e7\u00e3o desse v\u00edrus. Na pesquisa, 529 (28,3%) localidades afirmam ter registrado casos da gripe comprovados.<\/p>\n<p style=\"text-align: justify;\">Outro tema desta edi\u00e7\u00e3o da pesquisa \u00e9 o teste para detec\u00e7\u00e3o da Covid-19. Enquanto 1.499 (80,1%) gestores afirmam ter teste r\u00e1pido para a detec\u00e7\u00e3o da Covid-19 dispon\u00edvel, outros 339 (18,1%) sinalizaram a falta dessa ferramenta de aux\u00edlio no diagn\u00f3stico. A ampla testagem pode ajudar no controle da prolifera\u00e7\u00e3o do v\u00edrus, por isso, o Plano Nacional de Expans\u00e3o de testagem para Covid-19 prometia enviar testes para os 5.568 Munic\u00edpios do pa\u00eds, seguindo o crit\u00e9rio populacional e o cen\u00e1rio epidemiol\u00f3gico de cada localidade. No entanto, 969 (51,8%) gestores afirmam n\u00e3o ter recebido apoio do governo em rela\u00e7\u00e3o \u00e0 testagem por meio do Plano; enquanto 759 (40,6%) afirmaram ter tido apoio.<\/p>\n<p style=\"text-align: justify;\">A CNM tamb\u00e9m perguntou sobre a contrata\u00e7\u00e3o de laborat\u00f3rio para fazer testes por RT-PCR e 452 (24,2%) gestores afirmaram que firmaram contrato; j\u00e1 1.371 (73,3%) n\u00e3o contam com esse tipo de contrata\u00e7\u00e3o. Ainda sobre a testagem de pessoas com sintomas, quando o PCR \u00e9 encaminhado para as redes estaduais, o resultado sai em at\u00e9 quatro dias para 697 (37,3%) Munic\u00edpios; em 794 (42,4%) cidades, os laudos ficam prontos entre cinco a sete dias; e em apenas 295 localidades o diagn\u00f3stico leva at\u00e9 15 dias.<\/p>\n<p style=\"text-align: justify;\"><strong>Recursos financeiros<\/strong><\/p>\n<p style=\"text-align: justify;\">Uma grande preocupa\u00e7\u00e3o que tem repercutido nas gest\u00f5es municipais \u00e9 a impossibilidade de execu\u00e7\u00e3o no ano de 2022 dos recursos Coronav\u00edrus repassados em 2020. O Decreto Federal 10.579\/2020 indicou que as transfer\u00eancias financeiras realizadas pelo Fundo Nacional de Sa\u00fade diretamente aos fundos de sa\u00fade estaduais, municipais e distrital, em 2020, para enfrentamento da pandemia de Covid-19, poderiam ser executadas pelos Entes federativos at\u00e9 31 de dezembro de 2021.<\/p>\n<p style=\"text-align: justify;\">Segundo a pesquisa, 48,5% dos Munic\u00edpios n\u00e3o t\u00eam registro de parte desses valores nas contas do Fundo Municipal. J\u00e1 para 41,8% ainda h\u00e1 valores em conta e, portanto, n\u00e3o podem executar esses valores.<\/p>\n","protected":false},"excerpt":{"rendered":"<p>O crescimento de casos de Covid-19 e o aumento de pessoas com sintomas gripais foi captado pela 33\u00aa edi\u00e7\u00e3o da pesquisa realizada pela Confedera\u00e7\u00e3o Nacional de Munic\u00edpios (CNM), primeiro levantamento de 2022, promovido entre os dias 10 e 13 de janeiro. Dos quase 2 mil Munic\u00edpios que participaram do mapeamento, 93,9% apontaram o crescimento preocupante [&hellip;]<\/p>\n","protected":false},"author":1,"featured_media":32635,"comment_status":"closed","ping_status":"open","sticky":false,"template":"","format":"standard","meta":{"_uag_custom_page_level_css":"","_monsterinsights_skip_tracking":false,"_monsterinsights_sitenote_active":false,"_monsterinsights_sitenote_note":"","_monsterinsights_sitenote_category":0,"jetpack_post_was_ever_published":false,"_jetpack_newsletter_access":"","_jetpack_dont_email_post_to_subs":false,"_jetpack_newsletter_tier_id":0,"_jetpack_memberships_contains_paywalled_content":false,"_jetpack_memberships_contains_paid_content":false,"footnotes":"","jetpack_publicize_message":"","jetpack_publicize_feature_enabled":true,"jetpack_social_post_already_shared":true,"jetpack_social_options":{"image_generator_settings":{"template":"highway","default_image_id":0,"font":"","enabled":false},"version":2}},"categories":[200,205],"tags":[],"class_list":["post-32621","post","type-post","status-publish","format-standard","has-post-thumbnail","hentry","category-brasil","category-saude"],"jetpack_publicize_connections":[],"jetpack_featured_media_url":"https:\/\/blogopara.com.br\/wp-content\/uploads\/2022\/01\/images.jpg","uagb_featured_image_src":{"full":["https:\/\/blogopara.com.br\/wp-content\/uploads\/2022\/01\/images.jpg",400,299,false],"thumbnail":["https:\/\/blogopara.com.br\/wp-content\/uploads\/2022\/01\/images-150x150.jpg",150,150,true],"medium":["https:\/\/blogopara.com.br\/wp-content\/uploads\/2022\/01\/images-300x224.jpg",300,224,true],"medium_large":["https:\/\/blogopara.com.br\/wp-content\/uploads\/2022\/01\/images.jpg",400,299,false],"large":["https:\/\/blogopara.com.br\/wp-content\/uploads\/2022\/01\/images.jpg",400,299,false],"1536x1536":["https:\/\/blogopara.com.br\/wp-content\/uploads\/2022\/01\/images.jpg",400,299,false],"2048x2048":["https:\/\/blogopara.com.br\/wp-content\/uploads\/2022\/01\/images.jpg",400,299,false],"mantranews-slider-large":["https:\/\/blogopara.com.br\/wp-content\/uploads\/2022\/01\/images.jpg",400,299,false],"mantranews-featured-medium":["https:\/\/blogopara.com.br\/wp-content\/uploads\/2022\/01\/images.jpg",400,299,false],"mantranews-featured-long":["https:\/\/blogopara.com.br\/wp-content\/uploads\/2022\/01\/images-300x299.jpg",300,299,true],"mantranews-block-medium":["https:\/\/blogopara.com.br\/wp-content\/uploads\/2022\/01\/images-400x290.jpg",400,290,true],"mantranews-carousel-image":["https:\/\/blogopara.com.br\/wp-content\/uploads\/2022\/01\/images.jpg",400,299,false],"mantranews-block-thumb":["https:\/\/blogopara.com.br\/wp-content\/uploads\/2022\/01\/images-322x230.jpg",322,230,true],"mantranews-single-large":["https:\/\/blogopara.com.br\/wp-content\/uploads\/2022\/01\/images.jpg",400,299,false]},"uagb_author_info":{"display_name":"Reda\u00e7\u00e3o geral","author_link":"https:\/\/blogopara.com.br\/index.php\/author\/blogopara"},"uagb_comment_info":0,"uagb_excerpt":"O crescimento de casos de Covid-19 e o aumento de pessoas com sintomas gripais foi captado pela 33\u00aa edi\u00e7\u00e3o da pesquisa realizada pela Confedera\u00e7\u00e3o Nacional de Munic\u00edpios (CNM), primeiro levantamento de 2022, promovido entre os dias 10 e 13 de janeiro. Dos quase 2 mil Munic\u00edpios que participaram do mapeamento, 93,9% apontaram o crescimento preocupante&hellip;","jetpack_sharing_enabled":true,"jetpack_likes_enabled":true,"_links":{"self":[{"href":"https:\/\/blogopara.com.br\/index.php\/wp-json\/wp\/v2\/posts\/32621","targetHints":{"allow":["GET"]}}],"collection":[{"href":"https:\/\/blogopara.com.br\/index.php\/wp-json\/wp\/v2\/posts"}],"about":[{"href":"https:\/\/blogopara.com.br\/index.php\/wp-json\/wp\/v2\/types\/post"}],"author":[{"embeddable":true,"href":"https:\/\/blogopara.com.br\/index.php\/wp-json\/wp\/v2\/users\/1"}],"replies":[{"embeddable":true,"href":"https:\/\/blogopara.com.br\/index.php\/wp-json\/wp\/v2\/comments?post=32621"}],"version-history":[{"count":1,"href":"https:\/\/blogopara.com.br\/index.php\/wp-json\/wp\/v2\/posts\/32621\/revisions"}],"predecessor-version":[{"id":32636,"href":"https:\/\/blogopara.com.br\/index.php\/wp-json\/wp\/v2\/posts\/32621\/revisions\/32636"}],"wp:featuredmedia":[{"embeddable":true,"href":"https:\/\/blogopara.com.br\/index.php\/wp-json\/wp\/v2\/media\/32635"}],"wp:attachment":[{"href":"https:\/\/blogopara.com.br\/index.php\/wp-json\/wp\/v2\/media?parent=32621"}],"wp:term":[{"taxonomy":"category","embeddable":true,"href":"https:\/\/blogopara.com.br\/index.php\/wp-json\/wp\/v2\/categories?post=32621"},{"taxonomy":"post_tag","embeddable":true,"href":"https:\/\/blogopara.com.br\/index.php\/wp-json\/wp\/v2\/tags?post=32621"}],"curies":[{"name":"wp","href":"https:\/\/api.w.org\/{rel}","templated":true}]}}