{"id":32637,"date":"2022-01-17T07:48:00","date_gmt":"2022-01-17T10:48:00","guid":{"rendered":"https:\/\/blogopara.com.br\/?p=32637"},"modified":"2022-01-16T23:11:49","modified_gmt":"2022-01-17T02:11:49","slug":"juazeiro-registra-um-obito-por-covid-19-no-boletim-deste-domingo","status":"publish","type":"post","link":"https:\/\/blogopara.com.br\/index.php\/2022\/01\/17\/juazeiro-registra-um-obito-por-covid-19-no-boletim-deste-domingo","title":{"rendered":"Juazeiro registra um \u00f3bito por Covid-19 no boletim deste domingo"},"content":{"rendered":"<p style=\"font-weight: 400; text-align: justify;\">Juazeiro registrou um \u00f3bito por complica\u00e7\u00f5es da Covid-19 neste domingo (16). Com isso, o munic\u00edpio contabiliza 423 mortes em decorr\u00eancia da doen\u00e7a. A informa\u00e7\u00e3o est\u00e1 no boletim epidemiol\u00f3gico da Secretaria Municipal de Sa\u00fade (Sesau).<\/p>\n<p style=\"font-weight: 400; text-align: justify;\">O \u00f3bito foi de uma pessoa do sexo feminino, de 84 anos, e ocorreu em um hospital p\u00fablico de Juazeiro. Segundo o boletim, a paciente n\u00e3o possu\u00eda hist\u00f3rico de comorbidade.<\/p>\n<p style=\"font-weight: 400; text-align: justify;\">Sem novos casos neste domingo, o levantamento aponta que 20.088 moradores foram infectados desde o in\u00edcio da pandemia na cidade, dos quais 19.441 j\u00e1 est\u00e3o recuperados. Os casos descartados somam 37.236. Juazeiro tem 224 casos ativos do novo coronav\u00edrus.<\/p>\n<p style=\"font-weight: 400; text-align: justify;\">\u00a0<\/p>\n<p style=\"font-weight: 400; text-align: justify;\"><strong>Testes<\/strong><\/p>\n<p>\u00a0<\/p>\n<p style=\"font-weight: 400; text-align: justify;\">Foram realizados desde o in\u00edcio da pandemia 44.874 testes r\u00e1pidos pela prefeitura e 6.373 pelo Lacen, em Salvador.<\/p>\n<p style=\"font-weight: 400; text-align: justify;\">\u00a0<\/p>\n<p style=\"font-weight: 400; text-align: justify;\"><strong>Ocupa\u00e7\u00e3o de leitos<\/strong><\/p>\n<p style=\"font-weight: 400; text-align: justify;\">\u00a0<\/p>\n<p style=\"font-weight: 400; text-align: justify;\">Na rede hospitalar, o percentual de ocupa\u00e7\u00e3o dos leitos de UTI para Juazeiro na rede PEBA (hospitais de Pernambuco e Bahia) \u00e9 de 50%, com 59 leitos dispon\u00edveis. Em Juazeiro, 75% dos leitos de UTI para pacientes com Covid-19 est\u00e3o ocupados, com 2 leitos dispon\u00edveis.<\/p>\n<p style=\"font-weight: 400; text-align: justify;\">\u00a0<\/p>\n<p style=\"font-weight: 400; text-align: justify;\">Ascom\/Sesau\/PMJ<\/p>\n","protected":false},"excerpt":{"rendered":"<p>Juazeiro registrou um \u00f3bito por complica\u00e7\u00f5es da Covid-19 neste domingo (16). Com isso, o munic\u00edpio contabiliza 423 mortes em decorr\u00eancia da doen\u00e7a. A informa\u00e7\u00e3o est\u00e1 no boletim epidemiol\u00f3gico da Secretaria Municipal de Sa\u00fade (Sesau). O \u00f3bito foi de uma pessoa do sexo feminino, de 84 anos, e ocorreu em um hospital p\u00fablico de Juazeiro. Segundo [&hellip;]<\/p>\n","protected":false},"author":1,"featured_media":32638,"comment_status":"closed","ping_status":"open","sticky":false,"template":"","format":"standard","meta":{"_uag_custom_page_level_css":"","_monsterinsights_skip_tracking":false,"_monsterinsights_sitenote_active":false,"_monsterinsights_sitenote_note":"","_monsterinsights_sitenote_category":0,"jetpack_post_was_ever_published":false,"_jetpack_newsletter_access":"","_jetpack_dont_email_post_to_subs":false,"_jetpack_newsletter_tier_id":0,"_jetpack_memberships_contains_paywalled_content":false,"_jetpack_memberships_contains_paid_content":false,"footnotes":"","jetpack_publicize_message":"","jetpack_publicize_feature_enabled":true,"jetpack_social_post_already_shared":true,"jetpack_social_options":{"image_generator_settings":{"template":"highway","default_image_id":0,"font":"","enabled":false},"version":2}},"categories":[2801],"tags":[7313,3155,6987,6988],"class_list":["post-32637","post","type-post","status-publish","format-standard","has-post-thumbnail","hentry","category-covid19","tag-boletim-domingo","tag-covid-19-2","tag-juazeiro-registra","tag-um-obito"],"jetpack_publicize_connections":[],"jetpack_featured_media_url":"https:\/\/blogopara.com.br\/wp-content\/uploads\/2022\/01\/Dados-Covid-16-janeiro.jpg","uagb_featured_image_src":{"full":["https:\/\/blogopara.com.br\/wp-content\/uploads\/2022\/01\/Dados-Covid-16-janeiro.jpg",500,500,false],"thumbnail":["https:\/\/blogopara.com.br\/wp-content\/uploads\/2022\/01\/Dados-Covid-16-janeiro-150x150.jpg",150,150,true],"medium":["https:\/\/blogopara.com.br\/wp-content\/uploads\/2022\/01\/Dados-Covid-16-janeiro-300x300.jpg",300,300,true],"medium_large":["https:\/\/blogopara.com.br\/wp-content\/uploads\/2022\/01\/Dados-Covid-16-janeiro.jpg",500,500,false],"large":["https:\/\/blogopara.com.br\/wp-content\/uploads\/2022\/01\/Dados-Covid-16-janeiro.jpg",500,500,false],"1536x1536":["https:\/\/blogopara.com.br\/wp-content\/uploads\/2022\/01\/Dados-Covid-16-janeiro.jpg",500,500,false],"2048x2048":["https:\/\/blogopara.com.br\/wp-content\/uploads\/2022\/01\/Dados-Covid-16-janeiro.jpg",500,500,false],"mantranews-slider-large":["https:\/\/blogopara.com.br\/wp-content\/uploads\/2022\/01\/Dados-Covid-16-janeiro.jpg",500,500,false],"mantranews-featured-medium":["https:\/\/blogopara.com.br\/wp-content\/uploads\/2022\/01\/Dados-Covid-16-janeiro-420x307.jpg",420,307,true],"mantranews-featured-long":["https:\/\/blogopara.com.br\/wp-content\/uploads\/2022\/01\/Dados-Covid-16-janeiro-300x443.jpg",300,443,true],"mantranews-block-medium":["https:\/\/blogopara.com.br\/wp-content\/uploads\/2022\/01\/Dados-Covid-16-janeiro-464x290.jpg",464,290,true],"mantranews-carousel-image":["https:\/\/blogopara.com.br\/wp-content\/uploads\/2022\/01\/Dados-Covid-16-janeiro.jpg",500,500,false],"mantranews-block-thumb":["https:\/\/blogopara.com.br\/wp-content\/uploads\/2022\/01\/Dados-Covid-16-janeiro-322x230.jpg",322,230,true],"mantranews-single-large":["https:\/\/blogopara.com.br\/wp-content\/uploads\/2022\/01\/Dados-Covid-16-janeiro.jpg",500,500,false]},"uagb_author_info":{"display_name":"Reda\u00e7\u00e3o geral","author_link":"https:\/\/blogopara.com.br\/index.php\/author\/blogopara"},"uagb_comment_info":0,"uagb_excerpt":"Juazeiro registrou um \u00f3bito por complica\u00e7\u00f5es da Covid-19 neste domingo (16). Com isso, o munic\u00edpio contabiliza 423 mortes em decorr\u00eancia da doen\u00e7a. A informa\u00e7\u00e3o est\u00e1 no boletim epidemiol\u00f3gico da Secretaria Municipal de Sa\u00fade (Sesau). O \u00f3bito foi de uma pessoa do sexo feminino, de 84 anos, e ocorreu em um hospital p\u00fablico de Juazeiro. Segundo&hellip;","jetpack_sharing_enabled":true,"jetpack_likes_enabled":true,"_links":{"self":[{"href":"https:\/\/blogopara.com.br\/index.php\/wp-json\/wp\/v2\/posts\/32637","targetHints":{"allow":["GET"]}}],"collection":[{"href":"https:\/\/blogopara.com.br\/index.php\/wp-json\/wp\/v2\/posts"}],"about":[{"href":"https:\/\/blogopara.com.br\/index.php\/wp-json\/wp\/v2\/types\/post"}],"author":[{"embeddable":true,"href":"https:\/\/blogopara.com.br\/index.php\/wp-json\/wp\/v2\/users\/1"}],"replies":[{"embeddable":true,"href":"https:\/\/blogopara.com.br\/index.php\/wp-json\/wp\/v2\/comments?post=32637"}],"version-history":[{"count":2,"href":"https:\/\/blogopara.com.br\/index.php\/wp-json\/wp\/v2\/posts\/32637\/revisions"}],"predecessor-version":[{"id":32640,"href":"https:\/\/blogopara.com.br\/index.php\/wp-json\/wp\/v2\/posts\/32637\/revisions\/32640"}],"wp:featuredmedia":[{"embeddable":true,"href":"https:\/\/blogopara.com.br\/index.php\/wp-json\/wp\/v2\/media\/32638"}],"wp:attachment":[{"href":"https:\/\/blogopara.com.br\/index.php\/wp-json\/wp\/v2\/media?parent=32637"}],"wp:term":[{"taxonomy":"category","embeddable":true,"href":"https:\/\/blogopara.com.br\/index.php\/wp-json\/wp\/v2\/categories?post=32637"},{"taxonomy":"post_tag","embeddable":true,"href":"https:\/\/blogopara.com.br\/index.php\/wp-json\/wp\/v2\/tags?post=32637"}],"curies":[{"name":"wp","href":"https:\/\/api.w.org\/{rel}","templated":true}]}}