{"id":32672,"date":"2022-01-18T08:00:00","date_gmt":"2022-01-18T11:00:00","guid":{"rendered":"https:\/\/blogopara.com.br\/?p=32672"},"modified":"2022-01-18T07:44:15","modified_gmt":"2022-01-18T10:44:15","slug":"vereador-lourival-quirino-acompanha-a-retirada-dos-moradores-do-angary","status":"publish","type":"post","link":"https:\/\/blogopara.com.br\/index.php\/2022\/01\/18\/vereador-lourival-quirino-acompanha-a-retirada-dos-moradores-do-angary","title":{"rendered":"Vereador Lourival Quirino acompanha a retirada dos moradores do Angary"},"content":{"rendered":"<p style=\"text-align: justify;\">O vereador Lourival Quirino (sem partido) acompanhou na manh\u00e3 desta segunda-feira (17), a retirada das primeiras fam\u00edlias do tradicional bairro de pescadores do Angari. O local deve ser alagado nos pr\u00f3ximos dias por causa do aumento da vaz\u00e3o do Rio S\u00e3o Francisco, que deve chegar a 4.000 m\u00b3\/s at\u00e9 o dia 24 de janeiro.<\/p>\n<p style=\"text-align: justify;\">Dois caminh\u00f5es foram disponibilizados pela prefeitura de Juazeiro para fazer a mudan\u00e7a dos m\u00f3veis e ajudar no deslocamento dos moradores, que ficar\u00e3o abrigados na Escola Municipal de Tempo Integral Paulo VI. Toda uma infraestrutura foi montada no local, com o apoio de diversas secretarias do munic\u00edpio. Estava programada a transfer\u00eancia de 25 fam\u00edlias, mas inicialmente apenas duas decidiram se mudar nesta segunda-feira<\/p>\n<p style=\"text-align: justify;\">Segundo o vereador Lourival, logo ap\u00f3s uma <span style=\"font-size: revert; color: initial;\">reuni\u00e3o com a prefeita Suzana Ramos, ficou acordado que a prefeitura via efetuar compras emergenciais de colch\u00f5es, cobertores, travesseiros, \u00e1lcool em gel, \u00e1gua mineral e alimentos, &#8220;Tudo que essas pessoas precisarem estar\u00e1 \u00e0 disposi\u00e7\u00e3o delas. L\u00e1 no col\u00e9gio Paulo VI uma sala ser\u00e1 destinada, exclusivamente, para pessoas com sintomas gripais. Caso seja Covid, as pessoas ser\u00e3o conduzidas ao Hospital de Campanha&#8221;, finalizou o vereador.<\/span><\/p>\n","protected":false},"excerpt":{"rendered":"<p>O vereador Lourival Quirino (sem partido) acompanhou na manh\u00e3 desta segunda-feira (17), a retirada das primeiras fam\u00edlias do tradicional bairro de pescadores do Angari. O local deve ser alagado nos pr\u00f3ximos dias por causa do aumento da vaz\u00e3o do Rio S\u00e3o Francisco, que deve chegar a 4.000 m\u00b3\/s at\u00e9 o dia 24 de janeiro. Dois [&hellip;]<\/p>\n","protected":false},"author":1,"featured_media":32673,"comment_status":"closed","ping_status":"open","sticky":false,"template":"","format":"standard","meta":{"_uag_custom_page_level_css":"","_monsterinsights_skip_tracking":false,"_monsterinsights_sitenote_active":false,"_monsterinsights_sitenote_note":"","_monsterinsights_sitenote_category":0,"jetpack_post_was_ever_published":false,"_jetpack_newsletter_access":"","_jetpack_dont_email_post_to_subs":false,"_jetpack_newsletter_tier_id":0,"_jetpack_memberships_contains_paywalled_content":false,"_jetpack_memberships_contains_paid_content":false,"footnotes":"","jetpack_publicize_message":"","jetpack_publicize_feature_enabled":true,"jetpack_social_post_already_shared":true,"jetpack_social_options":{"image_generator_settings":{"template":"highway","default_image_id":0,"font":"","enabled":false},"version":2}},"categories":[203,197],"tags":[541,955,1832,233],"class_list":["post-32672","post","type-post","status-publish","format-standard","has-post-thumbnail","hentry","category-juazeiro","category-politica","tag-chesf","tag-inundacao","tag-lourival-quirino","tag-vereador"],"jetpack_publicize_connections":[],"jetpack_featured_media_url":"https:\/\/blogopara.com.br\/wp-content\/uploads\/2022\/01\/FAKE-NEWS-2.jpg","uagb_featured_image_src":{"full":["https:\/\/blogopara.com.br\/wp-content\/uploads\/2022\/01\/FAKE-NEWS-2.jpg",500,500,false],"thumbnail":["https:\/\/blogopara.com.br\/wp-content\/uploads\/2022\/01\/FAKE-NEWS-2-150x150.jpg",150,150,true],"medium":["https:\/\/blogopara.com.br\/wp-content\/uploads\/2022\/01\/FAKE-NEWS-2-300x300.jpg",300,300,true],"medium_large":["https:\/\/blogopara.com.br\/wp-content\/uploads\/2022\/01\/FAKE-NEWS-2.jpg",500,500,false],"large":["https:\/\/blogopara.com.br\/wp-content\/uploads\/2022\/01\/FAKE-NEWS-2.jpg",500,500,false],"1536x1536":["https:\/\/blogopara.com.br\/wp-content\/uploads\/2022\/01\/FAKE-NEWS-2.jpg",500,500,false],"2048x2048":["https:\/\/blogopara.com.br\/wp-content\/uploads\/2022\/01\/FAKE-NEWS-2.jpg",500,500,false],"mantranews-slider-large":["https:\/\/blogopara.com.br\/wp-content\/uploads\/2022\/01\/FAKE-NEWS-2.jpg",500,500,false],"mantranews-featured-medium":["https:\/\/blogopara.com.br\/wp-content\/uploads\/2022\/01\/FAKE-NEWS-2-420x307.jpg",420,307,true],"mantranews-featured-long":["https:\/\/blogopara.com.br\/wp-content\/uploads\/2022\/01\/FAKE-NEWS-2-300x443.jpg",300,443,true],"mantranews-block-medium":["https:\/\/blogopara.com.br\/wp-content\/uploads\/2022\/01\/FAKE-NEWS-2-464x290.jpg",464,290,true],"mantranews-carousel-image":["https:\/\/blogopara.com.br\/wp-content\/uploads\/2022\/01\/FAKE-NEWS-2.jpg",500,500,false],"mantranews-block-thumb":["https:\/\/blogopara.com.br\/wp-content\/uploads\/2022\/01\/FAKE-NEWS-2-322x230.jpg",322,230,true],"mantranews-single-large":["https:\/\/blogopara.com.br\/wp-content\/uploads\/2022\/01\/FAKE-NEWS-2.jpg",500,500,false]},"uagb_author_info":{"display_name":"Reda\u00e7\u00e3o geral","author_link":"https:\/\/blogopara.com.br\/index.php\/author\/blogopara"},"uagb_comment_info":0,"uagb_excerpt":"O vereador Lourival Quirino (sem partido) acompanhou na manh\u00e3 desta segunda-feira (17), a retirada das primeiras fam\u00edlias do tradicional bairro de pescadores do Angari. O local deve ser alagado nos pr\u00f3ximos dias por causa do aumento da vaz\u00e3o do Rio S\u00e3o Francisco, que deve chegar a 4.000 m\u00b3\/s at\u00e9 o dia 24 de janeiro. Dois&hellip;","jetpack_sharing_enabled":true,"jetpack_likes_enabled":true,"_links":{"self":[{"href":"https:\/\/blogopara.com.br\/index.php\/wp-json\/wp\/v2\/posts\/32672","targetHints":{"allow":["GET"]}}],"collection":[{"href":"https:\/\/blogopara.com.br\/index.php\/wp-json\/wp\/v2\/posts"}],"about":[{"href":"https:\/\/blogopara.com.br\/index.php\/wp-json\/wp\/v2\/types\/post"}],"author":[{"embeddable":true,"href":"https:\/\/blogopara.com.br\/index.php\/wp-json\/wp\/v2\/users\/1"}],"replies":[{"embeddable":true,"href":"https:\/\/blogopara.com.br\/index.php\/wp-json\/wp\/v2\/comments?post=32672"}],"version-history":[{"count":1,"href":"https:\/\/blogopara.com.br\/index.php\/wp-json\/wp\/v2\/posts\/32672\/revisions"}],"predecessor-version":[{"id":32674,"href":"https:\/\/blogopara.com.br\/index.php\/wp-json\/wp\/v2\/posts\/32672\/revisions\/32674"}],"wp:featuredmedia":[{"embeddable":true,"href":"https:\/\/blogopara.com.br\/index.php\/wp-json\/wp\/v2\/media\/32673"}],"wp:attachment":[{"href":"https:\/\/blogopara.com.br\/index.php\/wp-json\/wp\/v2\/media?parent=32672"}],"wp:term":[{"taxonomy":"category","embeddable":true,"href":"https:\/\/blogopara.com.br\/index.php\/wp-json\/wp\/v2\/categories?post=32672"},{"taxonomy":"post_tag","embeddable":true,"href":"https:\/\/blogopara.com.br\/index.php\/wp-json\/wp\/v2\/tags?post=32672"}],"curies":[{"name":"wp","href":"https:\/\/api.w.org\/{rel}","templated":true}]}}