{"id":32699,"date":"2022-01-18T15:22:00","date_gmt":"2022-01-18T18:22:00","guid":{"rendered":"https:\/\/blogopara.com.br\/?p=32699"},"modified":"2022-01-18T11:35:02","modified_gmt":"2022-01-18T14:35:02","slug":"vereador-de-salvador-e-secretario-de-rui-costa-batem-boca-ao-vivo-em-radio","status":"publish","type":"post","link":"https:\/\/blogopara.com.br\/index.php\/2022\/01\/18\/vereador-de-salvador-e-secretario-de-rui-costa-batem-boca-ao-vivo-em-radio","title":{"rendered":"Vereador de Salvador e secret\u00e1rio de Rui Costa batem boca ao vivo em r\u00e1dio"},"content":{"rendered":"<p style=\"text-align: justify;\">O vereador\u00a0<a href=\"https:\/\/www.bnews.com.br\/tags\/claudio-tinoco\" target=\"_blank\" rel=\"noopener\">Cl\u00e1udio Tinoco (DEM)<\/a>, ex-secret\u00e1rio de Cultura e Turismo de Salvador, bateu boca com o secret\u00e1rio de Comunica\u00e7\u00e3o do Governo da Bahia,\u00a0<a href=\"https:\/\/www.bnews.com.br\/tags\/andre-curvello\" target=\"_blank\" rel=\"noopener\">Andr\u00e9 Curvello<\/a>, sobre postura do governador Rui Costa (PT) diante do setor de eventos.<\/p>\n<p style=\"text-align: justify;\">Ap\u00f3s mais um decreto que reduz para 3 mil pessoas o limite de p\u00fablico nas festas e amea\u00e7as de medidas ainda mais restritivas, Tinoco pediu que Rui indenize os produtores\u00a0<a href=\"https:\/\/www.bnews.com.br\/noticias\/entretenimento\/setor-de-eventos-volta-a-ser-afetado-apos-novo-decreto-do-governo-da-bahia-e-abrape-reprova-ato-em-carta-aberta.html\" target=\"_blank\" rel=\"noopener\">dos eventos que precisaram ser cancelados<\/a>.<\/p>\n<p style=\"text-align: justify;\">&#8220;O governador tem usado ret\u00f3rica de amea\u00e7a &#8216;eu posso diminuir&#8217;. Por que n\u00e3o chama os organizadores de eventos que est\u00e3o vendendo ingressos dentro da regra? Por que quando disse que n\u00e3o poderia fazer o Carnaval, usou argumento que poderia receber uma chuva de a\u00e7\u00f5es cobrando indeniza\u00e7\u00f5es. Agora ele vai falar na TV pedir que n\u00e3o comprem ingresso?\u00a0<a href=\"https:\/\/www.bnews.com.br\/noticias\/entretenimento\/leo-santana-desabafa-apos-ter-shows-cancelados-por-causa-de-novo-decreto-do-governo-da-bahia-nao-da.html\" target=\"_blank\" rel=\"noopener\">E quem j\u00e1 comprou?<\/a>\u00a0E quem est\u00e1 com evento vendido, 2 mil, 3 mil pessoas? Tem que indenizar essas pessoas que est\u00e3o cumprindo decreto, que tem licenciamento&#8221;, afirmou Tinoco.<\/p>\n<p style=\"text-align: justify;\">&#8220;A fala do governador mostra o que temos apontado h\u00e1 um tempo: incoer\u00eancia. Como governador, tem decreto, lei vigente, que permite evento at\u00e9 3 mil pessoas, pede que as pessoas n\u00e3o comprem ingressos? Fala incoerente e desassociada de qualquer razoabilidade&#8221;, criticou Tinoco, que repetiu que falta ao petista di\u00e1logo com a classe trabalhadora e do empresariado.<\/p>\n<p style=\"text-align: justify;\">Mesmo com o aumento de casos, Tinoco defende que o governo olhe com &#8220;compreens\u00e3o&#8221; para a &#8220;ind\u00fastria de entretenimento&#8221;, que tem participa\u00e7\u00e3o fundamental na economia e na gera\u00e7\u00e3o de empregos em todo o estado.<\/p>\n<p style=\"text-align: justify;\">&#8220;Existe a necessidade de compreens\u00e3o que existe a ind\u00fastria do entretenimento na Bahia, que gera emprego, movimenta a economia, passa pelo mercado de publicidade, n\u00e3o s\u00f3 dos trabalhadores e empres\u00e1rios, v\u00e1rios setores que s\u00e3o afetados. \u00c9 preciso primeiro ter di\u00e1logo e essas decis\u00f5es e amea\u00e7as precisam ser deixadas de lado&#8221;, declarou o ex-titular da Secult, em entrevista ao programa de Jos\u00e9 Eduardo, na r\u00e1dio Metr\u00f3pole.<\/p>\n<p style=\"text-align: justify;\">Logo em seguida, foi a vez do secret\u00e1rio de Comunica\u00e7\u00e3o do governo, Andr\u00e9 Curvello, entrar no ar e defender a atua\u00e7\u00e3o do chefe do Executivo. Por telefone, ele lembrou as mais de 600 mil mortes decorrentes na doen\u00e7a no pa\u00eds e garantiu que tem se reunido com &#8220;representantes do setor&#8221;. Recentemente, em encontro que teve presen\u00e7a do diretor da\u00a0<a href=\"https:\/\/www.bnews.com.br\/tags\/bahiatursa\" target=\"_blank\" rel=\"noopener\">Bahiatursa<\/a>, Diogo Medrado, recebeu uma carta de entidades ligadas \u00e0 cultura e entretenimento, mas que enquanto houver a pandemia, a &#8220;prioridade&#8221; ser\u00e1 a &#8220;vida&#8221;.<\/p>\n<p style=\"text-align: justify;\">&#8220;N\u00f3s estamos sens\u00edveis, o governo \u00e9 muito sens\u00edvel ao setor de eventos, mas n\u00e3o estamos tratando isso como pol\u00edtica eleitoral em ano eleitoral. A vida das pessoas, a seguran\u00e7a, isso \u00e9 mais importante. A carta vai ser olhada, vamos tentar uma solu\u00e7\u00e3o, mas a prioridade \u00e9 a vida. N\u00e3o se pode brincar. Ano passado a situa\u00e7\u00e3o foi muito cr\u00edtica&#8221;, recordou.<\/p>\n<p style=\"text-align: justify;\">Para Tinoco, a pr\u00f3pria presen\u00e7a de Curvello no programa mostra que Rui Costa &#8220;se esconde da verdade&#8221; e evitar discutir o assunto publicamente. Segundo o vereador, nos \u00faltimos dois anos ele n\u00e3o recebeu em seu gabinete nenhum empres\u00e1rio do setor, e que \u00e9 preciso pensar em outras a\u00e7\u00f5es para al\u00e9m da redu\u00e7\u00e3o e limita\u00e7\u00e3o do p\u00fablicos nos shows.<\/p>\n<p style=\"text-align: justify;\">&#8220;Porque n\u00e3o faz um pedido do balan\u00e7o de quantos eventos est\u00e3o pedindo licen\u00e7a? Voc\u00eas j\u00e1 provocaram o cancelamento da alta esta\u00e7\u00e3o em Salvador e na Bahia. O governador n\u00e3o responde porque 78% dos pacientes em leito Covid s\u00e3o do interior do estado. Porque n\u00e3o fala em abrir grip\u00e1rios onde tem origem das contamina\u00e7\u00f5es?&#8221;, questionou.<\/p>\n<p style=\"text-align: justify;\">Sobrou at\u00e9 para o caso da compra fracassada de respiradores pelo governo da Bahia, no in\u00edcio da pandemia, que resultou na d<a href=\"https:\/\/www.bnews.com.br\/noticias\/politica\/ex-secretario-bruno-dauster-e-indiciado-em-cpi-dos-respiradores-no-rn.html\" target=\"_blank\" rel=\"noopener\">emiss\u00e3o do secret\u00e1rio Bruno Dauster<\/a>.<\/p>\n<p style=\"text-align: justify;\">&#8220;As pessoas est\u00e3o cobrando o dinheiro dos respiradores, governador demitiu secret\u00e1rio de confian\u00e7a. Falta compreens\u00e3o, o governador precisa ligar para os empres\u00e1rios, tem que ter profissionalismo. Quem n\u00e3o \u00e9 sens\u00edvel \u00e0 vida humana? Mas n\u00e3o vamos deixar de apontar, de forma construtiva, cr\u00edticas, com documentos formais [&#8230;] as decis\u00f5es de Rui foram todas pessoais&#8221;, concluiu.<\/p>\n<p>Por: BNews<\/p>\n","protected":false},"excerpt":{"rendered":"<p>O vereador\u00a0Cl\u00e1udio Tinoco (DEM), ex-secret\u00e1rio de Cultura e Turismo de Salvador, bateu boca com o secret\u00e1rio de Comunica\u00e7\u00e3o do Governo da Bahia,\u00a0Andr\u00e9 Curvello, sobre postura do governador Rui Costa (PT) diante do setor de eventos. Ap\u00f3s mais um decreto que reduz para 3 mil pessoas o limite de p\u00fablico nas festas e amea\u00e7as de medidas [&hellip;]<\/p>\n","protected":false},"author":1,"featured_media":32700,"comment_status":"closed","ping_status":"open","sticky":false,"template":"","format":"standard","meta":{"_uag_custom_page_level_css":"","_monsterinsights_skip_tracking":false,"_monsterinsights_sitenote_active":false,"_monsterinsights_sitenote_note":"","_monsterinsights_sitenote_category":0,"jetpack_post_was_ever_published":false,"_jetpack_newsletter_access":"","_jetpack_dont_email_post_to_subs":false,"_jetpack_newsletter_tier_id":0,"_jetpack_memberships_contains_paywalled_content":false,"_jetpack_memberships_contains_paid_content":false,"footnotes":"","jetpack_publicize_message":"","jetpack_publicize_feature_enabled":true,"jetpack_social_post_already_shared":true,"jetpack_social_options":{"image_generator_settings":{"template":"highway","default_image_id":0,"font":"","enabled":false},"version":2}},"categories":[199,197],"tags":[7340,7341,7339],"class_list":["post-32699","post","type-post","status-publish","format-standard","has-post-thumbnail","hentry","category-bahia","category-politica","tag-batem-boca-ao-vivo","tag-radio","tag-secretario-rui-costa"],"jetpack_publicize_connections":[],"jetpack_featured_media_url":"https:\/\/blogopara.com.br\/wp-content\/uploads\/2022\/01\/tinoco_andre_curvello_jose_eduardo_metropole_reproducao_youtube_widelg.png","uagb_featured_image_src":{"full":["https:\/\/blogopara.com.br\/wp-content\/uploads\/2022\/01\/tinoco_andre_curvello_jose_eduardo_metropole_reproducao_youtube_widelg.png",500,281,false],"thumbnail":["https:\/\/blogopara.com.br\/wp-content\/uploads\/2022\/01\/tinoco_andre_curvello_jose_eduardo_metropole_reproducao_youtube_widelg-150x150.png",150,150,true],"medium":["https:\/\/blogopara.com.br\/wp-content\/uploads\/2022\/01\/tinoco_andre_curvello_jose_eduardo_metropole_reproducao_youtube_widelg-300x169.png",300,169,true],"medium_large":["https:\/\/blogopara.com.br\/wp-content\/uploads\/2022\/01\/tinoco_andre_curvello_jose_eduardo_metropole_reproducao_youtube_widelg.png",500,281,false],"large":["https:\/\/blogopara.com.br\/wp-content\/uploads\/2022\/01\/tinoco_andre_curvello_jose_eduardo_metropole_reproducao_youtube_widelg.png",500,281,false],"1536x1536":["https:\/\/blogopara.com.br\/wp-content\/uploads\/2022\/01\/tinoco_andre_curvello_jose_eduardo_metropole_reproducao_youtube_widelg.png",500,281,false],"2048x2048":["https:\/\/blogopara.com.br\/wp-content\/uploads\/2022\/01\/tinoco_andre_curvello_jose_eduardo_metropole_reproducao_youtube_widelg.png",500,281,false],"mantranews-slider-large":["https:\/\/blogopara.com.br\/wp-content\/uploads\/2022\/01\/tinoco_andre_curvello_jose_eduardo_metropole_reproducao_youtube_widelg.png",500,281,false],"mantranews-featured-medium":["https:\/\/blogopara.com.br\/wp-content\/uploads\/2022\/01\/tinoco_andre_curvello_jose_eduardo_metropole_reproducao_youtube_widelg-420x281.png",420,281,true],"mantranews-featured-long":["https:\/\/blogopara.com.br\/wp-content\/uploads\/2022\/01\/tinoco_andre_curvello_jose_eduardo_metropole_reproducao_youtube_widelg-300x281.png",300,281,true],"mantranews-block-medium":["https:\/\/blogopara.com.br\/wp-content\/uploads\/2022\/01\/tinoco_andre_curvello_jose_eduardo_metropole_reproducao_youtube_widelg-464x281.png",464,281,true],"mantranews-carousel-image":["https:\/\/blogopara.com.br\/wp-content\/uploads\/2022\/01\/tinoco_andre_curvello_jose_eduardo_metropole_reproducao_youtube_widelg.png",500,281,false],"mantranews-block-thumb":["https:\/\/blogopara.com.br\/wp-content\/uploads\/2022\/01\/tinoco_andre_curvello_jose_eduardo_metropole_reproducao_youtube_widelg-322x230.png",322,230,true],"mantranews-single-large":["https:\/\/blogopara.com.br\/wp-content\/uploads\/2022\/01\/tinoco_andre_curvello_jose_eduardo_metropole_reproducao_youtube_widelg.png",500,281,false]},"uagb_author_info":{"display_name":"Reda\u00e7\u00e3o geral","author_link":"https:\/\/blogopara.com.br\/index.php\/author\/blogopara"},"uagb_comment_info":0,"uagb_excerpt":"O vereador\u00a0Cl\u00e1udio Tinoco (DEM), ex-secret\u00e1rio de Cultura e Turismo de Salvador, bateu boca com o secret\u00e1rio de Comunica\u00e7\u00e3o do Governo da Bahia,\u00a0Andr\u00e9 Curvello, sobre postura do governador Rui Costa (PT) diante do setor de eventos. Ap\u00f3s mais um decreto que reduz para 3 mil pessoas o limite de p\u00fablico nas festas e amea\u00e7as de medidas&hellip;","jetpack_sharing_enabled":true,"jetpack_likes_enabled":true,"_links":{"self":[{"href":"https:\/\/blogopara.com.br\/index.php\/wp-json\/wp\/v2\/posts\/32699","targetHints":{"allow":["GET"]}}],"collection":[{"href":"https:\/\/blogopara.com.br\/index.php\/wp-json\/wp\/v2\/posts"}],"about":[{"href":"https:\/\/blogopara.com.br\/index.php\/wp-json\/wp\/v2\/types\/post"}],"author":[{"embeddable":true,"href":"https:\/\/blogopara.com.br\/index.php\/wp-json\/wp\/v2\/users\/1"}],"replies":[{"embeddable":true,"href":"https:\/\/blogopara.com.br\/index.php\/wp-json\/wp\/v2\/comments?post=32699"}],"version-history":[{"count":1,"href":"https:\/\/blogopara.com.br\/index.php\/wp-json\/wp\/v2\/posts\/32699\/revisions"}],"predecessor-version":[{"id":32701,"href":"https:\/\/blogopara.com.br\/index.php\/wp-json\/wp\/v2\/posts\/32699\/revisions\/32701"}],"wp:featuredmedia":[{"embeddable":true,"href":"https:\/\/blogopara.com.br\/index.php\/wp-json\/wp\/v2\/media\/32700"}],"wp:attachment":[{"href":"https:\/\/blogopara.com.br\/index.php\/wp-json\/wp\/v2\/media?parent=32699"}],"wp:term":[{"taxonomy":"category","embeddable":true,"href":"https:\/\/blogopara.com.br\/index.php\/wp-json\/wp\/v2\/categories?post=32699"},{"taxonomy":"post_tag","embeddable":true,"href":"https:\/\/blogopara.com.br\/index.php\/wp-json\/wp\/v2\/tags?post=32699"}],"curies":[{"name":"wp","href":"https:\/\/api.w.org\/{rel}","templated":true}]}}