{"id":32736,"date":"2022-01-19T14:11:00","date_gmt":"2022-01-19T17:11:00","guid":{"rendered":"https:\/\/blogopara.com.br\/?p=32736"},"modified":"2022-01-19T10:13:47","modified_gmt":"2022-01-19T13:13:47","slug":"a-mulher-que-morreu-com-dezenas-de-perfuracoes-apos-cirurgia-plastica-carnificina","status":"publish","type":"post","link":"https:\/\/blogopara.com.br\/index.php\/2022\/01\/19\/a-mulher-que-morreu-com-dezenas-de-perfuracoes-apos-cirurgia-plastica-carnificina","title":{"rendered":"A mulher que morreu com dezenas de perfura\u00e7\u00f5es ap\u00f3s cirurgia pl\u00e1stica: &#8216;Carnificina&#8217;"},"content":{"rendered":"<div class=\"bbc-19j92fr e57qer20\" dir=\"ltr\">\n<p class=\"bbc-bm53ic e1cc2ql70\" dir=\"ltr\" style=\"text-align: justify;\"><b>&#8220;Estamos em choque. N\u00e3o podemos acreditar.&#8221; A fam\u00edlia de Sara G\u00f3mez, uma mulher de 39 anos que morreu em 1\u00ba de janeiro na Espanha ap\u00f3s uma cirurgia pl\u00e1stica, ainda tenta assimilar o que aconteceu.<\/b><\/p>\n<\/div>\n<div class=\"bbc-19j92fr e57qer20\" dir=\"ltr\" style=\"text-align: justify;\">\n<p class=\"bbc-bm53ic e1cc2ql70\" dir=\"ltr\">Eles ainda n\u00e3o entendem como Sara saiu da cirurgia com &#8220;les\u00f5es t\u00edpicas de uma briga com armas&#8221;, cerca de 30 perfura\u00e7\u00f5es de 0,5 a 2 cent\u00edmetros em \u00f3rg\u00e3os como rins, c\u00f3lon, intestino ou f\u00edgado, entre outros, segundo um advogado da fam\u00edlia.<\/p>\n<\/div>\n<div class=\"bbc-19j92fr e57qer20\" dir=\"ltr\" style=\"text-align: justify;\">\n<p class=\"bbc-bm53ic e1cc2ql70\" dir=\"ltr\">&#8220;Queremos que todo o peso da lei recaia sobre os culpados, porque foi uma carnificina&#8221;, disse Ezequiel Nicol\u00e1s, ex-marido de Sara e porta-voz da fam\u00edlia da mulher, que acusa o cirurgi\u00e3o e o anestesista que a operaram de homic\u00eddio por imprud\u00eancia.<\/p>\n<\/div>\n<div class=\"bbc-19j92fr e57qer20\" dir=\"ltr\" style=\"text-align: justify;\">\n<p class=\"bbc-bm53ic e1cc2ql70\" dir=\"ltr\">Em 2 de dezembro, a mulher &#8211; que estava bem de sa\u00fade, segundo sua fam\u00edlia &#8211; deu entrada em uma cl\u00ednica particular de Cartagena, uma cidade portu\u00e1ria no sudeste da Espanha, para se submeter a uma lipoescultura.<\/p>\n<\/div>\n<div class=\"bbc-19j92fr e57qer20\" dir=\"ltr\">\n<p class=\"bbc-bm53ic e1cc2ql70\" dir=\"ltr\" style=\"text-align: justify;\">Nesse tipo de interven\u00e7\u00e3o, a gordura \u00e9 extra\u00edda de uma parte do corpo por meio de uma c\u00e2nula e \u00e9 transferida para outras regi\u00f5es para remodelar a forma de uma pessoa.<\/p>\n<\/div>\n","protected":false},"excerpt":{"rendered":"<p>&#8220;Estamos em choque. N\u00e3o podemos acreditar.&#8221; A fam\u00edlia de Sara G\u00f3mez, uma mulher de 39 anos que morreu em 1\u00ba de janeiro na Espanha ap\u00f3s uma cirurgia pl\u00e1stica, ainda tenta assimilar o que aconteceu. Eles ainda n\u00e3o entendem como Sara saiu da cirurgia com &#8220;les\u00f5es t\u00edpicas de uma briga com armas&#8221;, cerca de 30 perfura\u00e7\u00f5es [&hellip;]<\/p>\n","protected":false},"author":1,"featured_media":32737,"comment_status":"closed","ping_status":"open","sticky":false,"template":"","format":"standard","meta":{"_uag_custom_page_level_css":"","_monsterinsights_skip_tracking":false,"_monsterinsights_sitenote_active":false,"_monsterinsights_sitenote_note":"","_monsterinsights_sitenote_category":0,"jetpack_post_was_ever_published":false,"_jetpack_newsletter_access":"","_jetpack_dont_email_post_to_subs":false,"_jetpack_newsletter_tier_id":0,"_jetpack_memberships_contains_paywalled_content":false,"_jetpack_memberships_contains_paid_content":false,"footnotes":"","jetpack_publicize_message":"","jetpack_publicize_feature_enabled":true,"jetpack_social_post_already_shared":true,"jetpack_social_options":{"image_generator_settings":{"template":"highway","default_image_id":0,"font":"","enabled":false},"version":2}},"categories":[200,202],"tags":[],"class_list":["post-32736","post","type-post","status-publish","format-standard","has-post-thumbnail","hentry","category-brasil","category-policia"],"jetpack_publicize_connections":[],"jetpack_featured_media_url":"https:\/\/blogopara.com.br\/wp-content\/uploads\/2022\/01\/download.jpg","uagb_featured_image_src":{"full":["https:\/\/blogopara.com.br\/wp-content\/uploads\/2022\/01\/download.jpg",400,224,false],"thumbnail":["https:\/\/blogopara.com.br\/wp-content\/uploads\/2022\/01\/download-150x150.jpg",150,150,true],"medium":["https:\/\/blogopara.com.br\/wp-content\/uploads\/2022\/01\/download-300x168.jpg",300,168,true],"medium_large":["https:\/\/blogopara.com.br\/wp-content\/uploads\/2022\/01\/download.jpg",400,224,false],"large":["https:\/\/blogopara.com.br\/wp-content\/uploads\/2022\/01\/download.jpg",400,224,false],"1536x1536":["https:\/\/blogopara.com.br\/wp-content\/uploads\/2022\/01\/download.jpg",400,224,false],"2048x2048":["https:\/\/blogopara.com.br\/wp-content\/uploads\/2022\/01\/download.jpg",400,224,false],"mantranews-slider-large":["https:\/\/blogopara.com.br\/wp-content\/uploads\/2022\/01\/download.jpg",400,224,false],"mantranews-featured-medium":["https:\/\/blogopara.com.br\/wp-content\/uploads\/2022\/01\/download.jpg",400,224,false],"mantranews-featured-long":["https:\/\/blogopara.com.br\/wp-content\/uploads\/2022\/01\/download-300x224.jpg",300,224,true],"mantranews-block-medium":["https:\/\/blogopara.com.br\/wp-content\/uploads\/2022\/01\/download.jpg",400,224,false],"mantranews-carousel-image":["https:\/\/blogopara.com.br\/wp-content\/uploads\/2022\/01\/download.jpg",400,224,false],"mantranews-block-thumb":["https:\/\/blogopara.com.br\/wp-content\/uploads\/2022\/01\/download-322x224.jpg",322,224,true],"mantranews-single-large":["https:\/\/blogopara.com.br\/wp-content\/uploads\/2022\/01\/download.jpg",400,224,false]},"uagb_author_info":{"display_name":"Reda\u00e7\u00e3o geral","author_link":"https:\/\/blogopara.com.br\/index.php\/author\/blogopara"},"uagb_comment_info":0,"uagb_excerpt":"&#8220;Estamos em choque. N\u00e3o podemos acreditar.&#8221; A fam\u00edlia de Sara G\u00f3mez, uma mulher de 39 anos que morreu em 1\u00ba de janeiro na Espanha ap\u00f3s uma cirurgia pl\u00e1stica, ainda tenta assimilar o que aconteceu. Eles ainda n\u00e3o entendem como Sara saiu da cirurgia com &#8220;les\u00f5es t\u00edpicas de uma briga com armas&#8221;, cerca de 30 perfura\u00e7\u00f5es&hellip;","jetpack_sharing_enabled":true,"jetpack_likes_enabled":true,"_links":{"self":[{"href":"https:\/\/blogopara.com.br\/index.php\/wp-json\/wp\/v2\/posts\/32736","targetHints":{"allow":["GET"]}}],"collection":[{"href":"https:\/\/blogopara.com.br\/index.php\/wp-json\/wp\/v2\/posts"}],"about":[{"href":"https:\/\/blogopara.com.br\/index.php\/wp-json\/wp\/v2\/types\/post"}],"author":[{"embeddable":true,"href":"https:\/\/blogopara.com.br\/index.php\/wp-json\/wp\/v2\/users\/1"}],"replies":[{"embeddable":true,"href":"https:\/\/blogopara.com.br\/index.php\/wp-json\/wp\/v2\/comments?post=32736"}],"version-history":[{"count":1,"href":"https:\/\/blogopara.com.br\/index.php\/wp-json\/wp\/v2\/posts\/32736\/revisions"}],"predecessor-version":[{"id":32738,"href":"https:\/\/blogopara.com.br\/index.php\/wp-json\/wp\/v2\/posts\/32736\/revisions\/32738"}],"wp:featuredmedia":[{"embeddable":true,"href":"https:\/\/blogopara.com.br\/index.php\/wp-json\/wp\/v2\/media\/32737"}],"wp:attachment":[{"href":"https:\/\/blogopara.com.br\/index.php\/wp-json\/wp\/v2\/media?parent=32736"}],"wp:term":[{"taxonomy":"category","embeddable":true,"href":"https:\/\/blogopara.com.br\/index.php\/wp-json\/wp\/v2\/categories?post=32736"},{"taxonomy":"post_tag","embeddable":true,"href":"https:\/\/blogopara.com.br\/index.php\/wp-json\/wp\/v2\/tags?post=32736"}],"curies":[{"name":"wp","href":"https:\/\/api.w.org\/{rel}","templated":true}]}}