{"id":32795,"date":"2022-01-21T07:45:00","date_gmt":"2022-01-21T10:45:00","guid":{"rendered":"https:\/\/blogopara.com.br\/?p=32795"},"modified":"2022-01-21T10:45:44","modified_gmt":"2022-01-21T13:45:44","slug":"prefeitura-de-juazeiro-inicia-obras-de-pracas-no-bairro-centenario-e-no-distrito-de-juremal-e-populacao-comemora-novos-espacos-de-lazer","status":"publish","type":"post","link":"https:\/\/blogopara.com.br\/index.php\/2022\/01\/21\/prefeitura-de-juazeiro-inicia-obras-de-pracas-no-bairro-centenario-e-no-distrito-de-juremal-e-populacao-comemora-novos-espacos-de-lazer","title":{"rendered":"Prefeitura de Juazeiro inicia obras de pra\u00e7as no bairro Centen\u00e1rio e no distrito de Juremal e popula\u00e7\u00e3o comemora novos espa\u00e7os de lazer"},"content":{"rendered":"<p style=\"text-align: justify;\">A Prefeitura de Juazeiro segue avan\u00e7ando com melhorias estruturantes em todos os cantos da cidade, e atrav\u00e9s da Secretaria de Obras e Desenvolvimento Urbano (Sedur), garantir\u00e1 \u00e0 popula\u00e7\u00e3o do bairro Centen\u00e1rio um novo espa\u00e7o de lazer e conviv\u00eancia: a Pra\u00e7a das Brom\u00e9lias. A obra j\u00e1 foi iniciada e segue acelerada.<\/p>\n<p style=\"text-align: justify;\">O trabalho continua tamb\u00e9m no interior. Em Juremal, a popula\u00e7\u00e3o ganhar\u00e1 a requalifica\u00e7\u00e3o da pra\u00e7a que fica no acesso do distrito. De acordo com a prefeita Suzana Ramos, est\u00e3o sendo realizadas a\u00e7\u00f5es para melhorar o ambiente urbano, embelezamento e disponibilizar novas op\u00e7\u00f5es de lazer para a popula\u00e7\u00e3o.<br aria-hidden=\"true\"><br aria-hidden=\"true\">\u201cO trabalho da Prefeitura de Juazeiro est\u00e1 chegando nos quatro cantos da cidade. Nosso objetivo \u00e9 promover melhorias em locais que n\u00e3o contam com espa\u00e7os de lazer e que a popula\u00e7\u00e3o cobrava h\u00e1 muito tempo. Fico muito feliz com as realiza\u00e7\u00f5es do ano de 2021 e este ano j\u00e1 come\u00e7ou com muitos projetos sendo colocados em pr\u00e1tica. Vem muito mais por a\u00ed\u201d, destacou a prefeita.<br aria-hidden=\"true\"><br aria-hidden=\"true\">De acordo com a arquiteta da Sedur, Iasmin Duarte, a Pra\u00e7a das Brom\u00e9lias ser\u00e1 um novo espa\u00e7o de encontro de moradores. \u201cSer\u00e3o implantados parque infantil e piso intertravado, realiza\u00e7\u00e3o de paisagismo e ilumina\u00e7\u00e3o. Essa \u00e1rea vai proporcionar um ambiente novo para o bairro e sabemos que ser\u00e1 muito bem aproveitado pela comunidade\u201d, disse Iasmin. \u201cJ\u00e1 no distrito de Juremal, a revitaliza\u00e7\u00e3o da pra\u00e7a tamb\u00e9m ter\u00e1 piso intertravado, paisagismo, ilumina\u00e7\u00e3o, mobili\u00e1rio, letreiro tur\u00edstico e est\u00e1tua do padroeiro local, S\u00e3o Jo\u00e3o Batista\u201d, finaliza a arquiteta.<br aria-hidden=\"true\"><br aria-hidden=\"true\">Para a moradora no bairro Centen\u00e1rio, Juliana Michele Amorim, a nova pra\u00e7a vai trazer diversos benef\u00edcios para a comunidade. \u201cAqui vai melhorar muita coisa, principalmente porque existem muitas crian\u00e7as e vai ser um lazer para elas. A obra vai trazer algo mais bonito para nossa rua. Os vizinhos aqui s\u00e3o muito unidos e vai ser muito melhor ainda com este espa\u00e7o para confraterniza\u00e7\u00e3o\u201d, ressaltou.<br aria-hidden=\"true\"><br aria-hidden=\"true\">A pequena Emilly Gabriele dos Santos, de 10 anos, que estava acompanhando os servi\u00e7os afirma que agora ter\u00e1 um espa\u00e7o apropriado para brincar. \u201cEu acho que vai ser legal porque antigamente n\u00e3o tinha nada, a gente sentava em troncos de \u00e1rvores, e agora vai ter bancos e brinquedos para a gente usar e se divertir mais&#8221;, comemorou.<\/p>\n<div style=\"text-align: justify;\"><\/div>\n<div style=\"text-align: justify;\"><\/div>\n","protected":false},"excerpt":{"rendered":"<p>A Prefeitura de Juazeiro segue avan\u00e7ando com melhorias estruturantes em todos os cantos da cidade, e atrav\u00e9s da Secretaria de Obras e Desenvolvimento Urbano (Sedur), garantir\u00e1 \u00e0 popula\u00e7\u00e3o do bairro Centen\u00e1rio um novo espa\u00e7o de lazer e conviv\u00eancia: a Pra\u00e7a das Brom\u00e9lias. A obra j\u00e1 foi iniciada e segue acelerada. O trabalho continua tamb\u00e9m no [&hellip;]<\/p>\n","protected":false},"author":1,"featured_media":32796,"comment_status":"closed","ping_status":"open","sticky":false,"template":"","format":"standard","meta":{"_uag_custom_page_level_css":"","_monsterinsights_skip_tracking":false,"_monsterinsights_sitenote_active":false,"_monsterinsights_sitenote_note":"","_monsterinsights_sitenote_category":0,"jetpack_post_was_ever_published":false,"_jetpack_newsletter_access":"","_jetpack_dont_email_post_to_subs":false,"_jetpack_newsletter_tier_id":0,"_jetpack_memberships_contains_paywalled_content":false,"_jetpack_memberships_contains_paid_content":false,"footnotes":"","jetpack_publicize_message":"","jetpack_publicize_feature_enabled":true,"jetpack_social_post_already_shared":true,"jetpack_social_options":{"image_generator_settings":{"template":"highway","default_image_id":0,"font":"","enabled":false},"version":2}},"categories":[203,1720],"tags":[],"class_list":["post-32795","post","type-post","status-publish","format-standard","has-post-thumbnail","hentry","category-juazeiro","category-obras"],"jetpack_publicize_connections":[],"jetpack_featured_media_url":"https:\/\/blogopara.com.br\/wp-content\/uploads\/2022\/01\/Obras-1.jpeg","uagb_featured_image_src":{"full":["https:\/\/blogopara.com.br\/wp-content\/uploads\/2022\/01\/Obras-1.jpeg",500,333,false],"thumbnail":["https:\/\/blogopara.com.br\/wp-content\/uploads\/2022\/01\/Obras-1-150x150.jpeg",150,150,true],"medium":["https:\/\/blogopara.com.br\/wp-content\/uploads\/2022\/01\/Obras-1-300x200.jpeg",300,200,true],"medium_large":["https:\/\/blogopara.com.br\/wp-content\/uploads\/2022\/01\/Obras-1.jpeg",500,333,false],"large":["https:\/\/blogopara.com.br\/wp-content\/uploads\/2022\/01\/Obras-1.jpeg",500,333,false],"1536x1536":["https:\/\/blogopara.com.br\/wp-content\/uploads\/2022\/01\/Obras-1.jpeg",500,333,false],"2048x2048":["https:\/\/blogopara.com.br\/wp-content\/uploads\/2022\/01\/Obras-1.jpeg",500,333,false],"mantranews-slider-large":["https:\/\/blogopara.com.br\/wp-content\/uploads\/2022\/01\/Obras-1.jpeg",500,333,false],"mantranews-featured-medium":["https:\/\/blogopara.com.br\/wp-content\/uploads\/2022\/01\/Obras-1-420x307.jpeg",420,307,true],"mantranews-featured-long":["https:\/\/blogopara.com.br\/wp-content\/uploads\/2022\/01\/Obras-1-300x333.jpeg",300,333,true],"mantranews-block-medium":["https:\/\/blogopara.com.br\/wp-content\/uploads\/2022\/01\/Obras-1-464x290.jpeg",464,290,true],"mantranews-carousel-image":["https:\/\/blogopara.com.br\/wp-content\/uploads\/2022\/01\/Obras-1.jpeg",500,333,false],"mantranews-block-thumb":["https:\/\/blogopara.com.br\/wp-content\/uploads\/2022\/01\/Obras-1-322x230.jpeg",322,230,true],"mantranews-single-large":["https:\/\/blogopara.com.br\/wp-content\/uploads\/2022\/01\/Obras-1.jpeg",500,333,false]},"uagb_author_info":{"display_name":"Reda\u00e7\u00e3o geral","author_link":"https:\/\/blogopara.com.br\/index.php\/author\/blogopara"},"uagb_comment_info":0,"uagb_excerpt":"A Prefeitura de Juazeiro segue avan\u00e7ando com melhorias estruturantes em todos os cantos da cidade, e atrav\u00e9s da Secretaria de Obras e Desenvolvimento Urbano (Sedur), garantir\u00e1 \u00e0 popula\u00e7\u00e3o do bairro Centen\u00e1rio um novo espa\u00e7o de lazer e conviv\u00eancia: a Pra\u00e7a das Brom\u00e9lias. A obra j\u00e1 foi iniciada e segue acelerada. O trabalho continua tamb\u00e9m no&hellip;","jetpack_sharing_enabled":true,"jetpack_likes_enabled":true,"_links":{"self":[{"href":"https:\/\/blogopara.com.br\/index.php\/wp-json\/wp\/v2\/posts\/32795","targetHints":{"allow":["GET"]}}],"collection":[{"href":"https:\/\/blogopara.com.br\/index.php\/wp-json\/wp\/v2\/posts"}],"about":[{"href":"https:\/\/blogopara.com.br\/index.php\/wp-json\/wp\/v2\/types\/post"}],"author":[{"embeddable":true,"href":"https:\/\/blogopara.com.br\/index.php\/wp-json\/wp\/v2\/users\/1"}],"replies":[{"embeddable":true,"href":"https:\/\/blogopara.com.br\/index.php\/wp-json\/wp\/v2\/comments?post=32795"}],"version-history":[{"count":2,"href":"https:\/\/blogopara.com.br\/index.php\/wp-json\/wp\/v2\/posts\/32795\/revisions"}],"predecessor-version":[{"id":32829,"href":"https:\/\/blogopara.com.br\/index.php\/wp-json\/wp\/v2\/posts\/32795\/revisions\/32829"}],"wp:featuredmedia":[{"embeddable":true,"href":"https:\/\/blogopara.com.br\/index.php\/wp-json\/wp\/v2\/media\/32796"}],"wp:attachment":[{"href":"https:\/\/blogopara.com.br\/index.php\/wp-json\/wp\/v2\/media?parent=32795"}],"wp:term":[{"taxonomy":"category","embeddable":true,"href":"https:\/\/blogopara.com.br\/index.php\/wp-json\/wp\/v2\/categories?post=32795"},{"taxonomy":"post_tag","embeddable":true,"href":"https:\/\/blogopara.com.br\/index.php\/wp-json\/wp\/v2\/tags?post=32795"}],"curies":[{"name":"wp","href":"https:\/\/api.w.org\/{rel}","templated":true}]}}