{"id":32862,"date":"2022-01-22T10:35:00","date_gmt":"2022-01-22T13:35:00","guid":{"rendered":"https:\/\/blogopara.com.br\/?p=32862"},"modified":"2022-01-22T08:42:37","modified_gmt":"2022-01-22T11:42:37","slug":"tj-ba-concede-liminar-favoravel-a-pm-que-decidiu-nao-se-vacinar-contra-covid","status":"publish","type":"post","link":"https:\/\/blogopara.com.br\/index.php\/2022\/01\/22\/tj-ba-concede-liminar-favoravel-a-pm-que-decidiu-nao-se-vacinar-contra-covid","title":{"rendered":"TJ-BA concede liminar favor\u00e1vel a PM que decidiu n\u00e3o se vacinar contra Covid"},"content":{"rendered":"<p style=\"text-align: justify;\">A Se\u00e7\u00e3o C\u00edvel de Direito P\u00fablico do Tribunal de Justi\u00e7a da Bahia (TJ-BA) concedeu uma liminar favor\u00e1vel ao Centro de Apoio aos Policiais Militares (AJUPM) contra o\u00a0<a href=\"https:\/\/www.bnews.com.br\/noticias\/coronavirus\/servidores-estaduais-que-nao-se-vacinaram-serao-afastados-anuncia-rui.html\" target=\"_blank\" rel=\"noopener\">decreto que obriga servidores estaduais baianos a se vacinarem<\/a>\u00a0contra a Covid-19. A a\u00e7\u00e3o foi impetrada por um policial militar, que por motivos de sa\u00fade discriminados em documentos m\u00e9dicos anexados ao processo, optou por n\u00e3o se vacinar contra o coronav\u00edrus.<\/p>\n<p style=\"text-align: justify;\">Segundo o texto da decis\u00e3o ao qual o\u00a0<strong>BNews<\/strong>\u00a0teve acesso, o solicitante afirma que decidiu n\u00e3o se vacinar ante a &#8220;instabilidade e total inseguran\u00e7a sobre as vacinas disponibilizadas, que al\u00e9m de se encontrarem em fase de estudos e an\u00e1lises, em est\u00e1gio de testes, s\u00f3 foram liberadas em fun\u00e7\u00e3o do estado e car\u00e1ter emergencial que se encontra o pa\u00eds, mas sem maiores comprova\u00e7\u00f5es de sua real efic\u00e1cia e efici\u00eancia no combate preventivo da doen\u00e7a pand\u00eamica&#8221;.<\/p>\n<p style=\"text-align: justify;\">No documento, a defesa do servidor p\u00fablico ressalta que &#8220;tais problemas de sa\u00fade v\u00e3o de encontro \u00e0s bulas das vacinas experimentais que sugerem, alguns efeitos colaterais, dentre estes, trombose&#8221; e que atrav\u00e9s do decreto n\u00ba 20.885 de 16 de novembro de 2021, &#8220;est\u00e1 sendo compelido se submeter, contra sua vontade, \u00e0 vacina\u00e7\u00e3o contra Covid-19&#8221;.<\/p>\n<p style=\"text-align: justify;\">Na \u00faltima quinta-feira (20), o governador Rui Costa (PT) comunicou durante entrevista coletiva que os\u00a0<a href=\"https:\/\/www.bnews.com.br\/noticias\/coronavirus\/servidores-estaduais-que-nao-se-vacinaram-serao-afastados-anuncia-rui.html\" target=\"_blank\" rel=\"noopener\">servidores estaduais baianos que n\u00e3o se vacinaram contra a Covid-19 ser\u00e3o afastados<\/a>.<\/p>\n<p style=\"text-align: justify;\">De acordo com Rui, os servidores n\u00e3o concursados que n\u00e3o se imunizarem ser\u00e3o demitidos. Ainda segundo o governador, os afastamentos de concursados j\u00e1 come\u00e7aram a ser publicados. \u201cAfastaremos todos do trabalho\u201d, enfatizou.<\/p>\n<p style=\"text-align: justify;\">O documento afirma ainda que &#8220;as vacinas desenvolvidas como imunizantes contra a Covid-19 ainda s\u00e3o consideradas experimentais pela comunidade cient\u00edfica nacional e internacional e que os meios de comunica\u00e7\u00e3o t\u00eam constantemente noticiado os efeitos delet\u00e9rios decorrentes da aplica\u00e7\u00e3o das vacinas utilizadas contra a COVID-19 em todo o mundo&#8221;.<\/p>\n<p style=\"text-align: justify;\">A defesa do policial militar &#8220;requer liminarmente concess\u00e3o de medida liminar para suspender a exig\u00eancia de vacina\u00e7\u00e3o contra a COVID-19 imposta ao impetrante para que o mesmo continue a trabalhar exercendo a sua fun\u00e7\u00e3o, vinculado ao Estado da Bahia, mesmo sem tomar a aludida vacina, mantendo-se \u00edntegra sua remunera\u00e7\u00e3o, sem descontos pelos dias em que for eventualmente impedido de acessar seu ambiente de trabalho&#8221;.<\/p>\n<p style=\"text-align: justify;\">&#8220;A imposi\u00e7\u00e3o da obrigatoriedade da vacina\u00e7\u00e3o pelo Poder P\u00fablico viola sem justificativa plaus\u00edvel direitos fundamentais ditados pela Constitui\u00e7\u00e3o Federal, porque as vacinas experimentais n\u00e3o s\u00e3o extreme de d\u00favidas e nem seguras&#8221;, cita outro trecho.<\/p>\n<p style=\"text-align: justify;\">Na decis\u00e3o, a desembargadora afirma que &#8220;a autonomia do paciente\/cidad\u00e3o corresponde e se origina de princ\u00edpios bio\u00e9ticos que envolve a capacidade do indiv\u00edduo de decidir sobre o que \u00e9 melhor para si. O indiv\u00edduo deve ser livre para decidir, sem coer\u00e7\u00f5es e constrangimentos externos de controle que influenciam as suas decis\u00f5es&#8221;.<\/p>\n<p style=\"text-align: justify;\">Ela ainda destaca que a decis\u00e3o deve ficar a cargo da pessoa que recebe a vacina, &#8220;pois \u00e9 seu corpo que arcar\u00e1 com os riscos dos efeitos adversos ainda pouco esclarecidos. Lado outro, o direito ao trabalho, nas condi\u00e7\u00f5es em que o impetrante galgou, \u00e9 direito fundamental sobre o qual o estado n\u00e3o pode indiretamente atrav\u00e9s da obrigatoriedade da vacina priv\u00e1-lo, sob o fundamento de dissemina\u00e7\u00e3o no v\u00edrus cuja vacina n\u00e3o impede de se contaminar nem de transmiti-lo&#8221;.<\/p>\n<p>Por: BNews<\/p>\n","protected":false},"excerpt":{"rendered":"<p>A Se\u00e7\u00e3o C\u00edvel de Direito P\u00fablico do Tribunal de Justi\u00e7a da Bahia (TJ-BA) concedeu uma liminar favor\u00e1vel ao Centro de Apoio aos Policiais Militares (AJUPM) contra o\u00a0decreto que obriga servidores estaduais baianos a se vacinarem\u00a0contra a Covid-19. A a\u00e7\u00e3o foi impetrada por um policial militar, que por motivos de sa\u00fade discriminados em documentos m\u00e9dicos anexados [&hellip;]<\/p>\n","protected":false},"author":1,"featured_media":32863,"comment_status":"closed","ping_status":"open","sticky":false,"template":"","format":"standard","meta":{"_uag_custom_page_level_css":"","_monsterinsights_skip_tracking":false,"_monsterinsights_sitenote_active":false,"_monsterinsights_sitenote_note":"","_monsterinsights_sitenote_category":0,"jetpack_post_was_ever_published":false,"_jetpack_newsletter_access":"","_jetpack_dont_email_post_to_subs":false,"_jetpack_newsletter_tier_id":0,"_jetpack_memberships_contains_paywalled_content":false,"_jetpack_memberships_contains_paid_content":false,"footnotes":"","jetpack_publicize_message":"","jetpack_publicize_feature_enabled":true,"jetpack_social_post_already_shared":true,"jetpack_social_options":{"image_generator_settings":{"template":"highway","default_image_id":0,"font":"","enabled":false},"version":2}},"categories":[199,1624],"tags":[7387,7388,7389,2774],"class_list":["post-32862","post","type-post","status-publish","format-standard","has-post-thumbnail","hentry","category-bahia","category-covid-19","tag-concede-liminar","tag-favoravel-a-pm","tag-que-se-negou-a-tomar-vacina","tag-tj-ba"],"jetpack_publicize_connections":[],"jetpack_featured_media_url":"https:\/\/blogopara.com.br\/wp-content\/uploads\/2022\/01\/vacinao-contra-covid-19_51331386709_o_0_widelg.jpg","uagb_featured_image_src":{"full":["https:\/\/blogopara.com.br\/wp-content\/uploads\/2022\/01\/vacinao-contra-covid-19_51331386709_o_0_widelg.jpg",500,281,false],"thumbnail":["https:\/\/blogopara.com.br\/wp-content\/uploads\/2022\/01\/vacinao-contra-covid-19_51331386709_o_0_widelg-150x150.jpg",150,150,true],"medium":["https:\/\/blogopara.com.br\/wp-content\/uploads\/2022\/01\/vacinao-contra-covid-19_51331386709_o_0_widelg-300x169.jpg",300,169,true],"medium_large":["https:\/\/blogopara.com.br\/wp-content\/uploads\/2022\/01\/vacinao-contra-covid-19_51331386709_o_0_widelg.jpg",500,281,false],"large":["https:\/\/blogopara.com.br\/wp-content\/uploads\/2022\/01\/vacinao-contra-covid-19_51331386709_o_0_widelg.jpg",500,281,false],"1536x1536":["https:\/\/blogopara.com.br\/wp-content\/uploads\/2022\/01\/vacinao-contra-covid-19_51331386709_o_0_widelg.jpg",500,281,false],"2048x2048":["https:\/\/blogopara.com.br\/wp-content\/uploads\/2022\/01\/vacinao-contra-covid-19_51331386709_o_0_widelg.jpg",500,281,false],"mantranews-slider-large":["https:\/\/blogopara.com.br\/wp-content\/uploads\/2022\/01\/vacinao-contra-covid-19_51331386709_o_0_widelg.jpg",500,281,false],"mantranews-featured-medium":["https:\/\/blogopara.com.br\/wp-content\/uploads\/2022\/01\/vacinao-contra-covid-19_51331386709_o_0_widelg-420x281.jpg",420,281,true],"mantranews-featured-long":["https:\/\/blogopara.com.br\/wp-content\/uploads\/2022\/01\/vacinao-contra-covid-19_51331386709_o_0_widelg-300x281.jpg",300,281,true],"mantranews-block-medium":["https:\/\/blogopara.com.br\/wp-content\/uploads\/2022\/01\/vacinao-contra-covid-19_51331386709_o_0_widelg-464x281.jpg",464,281,true],"mantranews-carousel-image":["https:\/\/blogopara.com.br\/wp-content\/uploads\/2022\/01\/vacinao-contra-covid-19_51331386709_o_0_widelg.jpg",500,281,false],"mantranews-block-thumb":["https:\/\/blogopara.com.br\/wp-content\/uploads\/2022\/01\/vacinao-contra-covid-19_51331386709_o_0_widelg-322x230.jpg",322,230,true],"mantranews-single-large":["https:\/\/blogopara.com.br\/wp-content\/uploads\/2022\/01\/vacinao-contra-covid-19_51331386709_o_0_widelg.jpg",500,281,false]},"uagb_author_info":{"display_name":"Reda\u00e7\u00e3o geral","author_link":"https:\/\/blogopara.com.br\/index.php\/author\/blogopara"},"uagb_comment_info":0,"uagb_excerpt":"A Se\u00e7\u00e3o C\u00edvel de Direito P\u00fablico do Tribunal de Justi\u00e7a da Bahia (TJ-BA) concedeu uma liminar favor\u00e1vel ao Centro de Apoio aos Policiais Militares (AJUPM) contra o\u00a0decreto que obriga servidores estaduais baianos a se vacinarem\u00a0contra a Covid-19. A a\u00e7\u00e3o foi impetrada por um policial militar, que por motivos de sa\u00fade discriminados em documentos m\u00e9dicos anexados&hellip;","jetpack_sharing_enabled":true,"jetpack_likes_enabled":true,"_links":{"self":[{"href":"https:\/\/blogopara.com.br\/index.php\/wp-json\/wp\/v2\/posts\/32862","targetHints":{"allow":["GET"]}}],"collection":[{"href":"https:\/\/blogopara.com.br\/index.php\/wp-json\/wp\/v2\/posts"}],"about":[{"href":"https:\/\/blogopara.com.br\/index.php\/wp-json\/wp\/v2\/types\/post"}],"author":[{"embeddable":true,"href":"https:\/\/blogopara.com.br\/index.php\/wp-json\/wp\/v2\/users\/1"}],"replies":[{"embeddable":true,"href":"https:\/\/blogopara.com.br\/index.php\/wp-json\/wp\/v2\/comments?post=32862"}],"version-history":[{"count":1,"href":"https:\/\/blogopara.com.br\/index.php\/wp-json\/wp\/v2\/posts\/32862\/revisions"}],"predecessor-version":[{"id":32864,"href":"https:\/\/blogopara.com.br\/index.php\/wp-json\/wp\/v2\/posts\/32862\/revisions\/32864"}],"wp:featuredmedia":[{"embeddable":true,"href":"https:\/\/blogopara.com.br\/index.php\/wp-json\/wp\/v2\/media\/32863"}],"wp:attachment":[{"href":"https:\/\/blogopara.com.br\/index.php\/wp-json\/wp\/v2\/media?parent=32862"}],"wp:term":[{"taxonomy":"category","embeddable":true,"href":"https:\/\/blogopara.com.br\/index.php\/wp-json\/wp\/v2\/categories?post=32862"},{"taxonomy":"post_tag","embeddable":true,"href":"https:\/\/blogopara.com.br\/index.php\/wp-json\/wp\/v2\/tags?post=32862"}],"curies":[{"name":"wp","href":"https:\/\/api.w.org\/{rel}","templated":true}]}}