{"id":3287,"date":"2019-09-21T06:39:15","date_gmt":"2019-09-21T09:39:15","guid":{"rendered":"http:\/\/blogopara.com.br\/?p=3287"},"modified":"2019-09-22T07:35:51","modified_gmt":"2019-09-22T10:35:51","slug":"senhor-do-bomfim-bombeiros-retiram-motorista-preso-nas-ferragens","status":"publish","type":"post","link":"https:\/\/blogopara.com.br\/index.php\/2019\/09\/21\/senhor-do-bomfim-bombeiros-retiram-motorista-preso-nas-ferragens","title":{"rendered":"SENHOR DO BOMFIM: BOMBEIROS RETIRAM MOTORISTA PRESO NAS FERRAGENS"},"content":{"rendered":"<p style=\"text-align: justify;\">Por volta das 06h25 de sexta-feira (20) uma guarni\u00e7\u00e3o do Subgrupamento de Bombeiros de Senhor do Bomfim, deslocou at\u00e9 a BR 407, km 135, a fim de atender uma ocorrencia de capotamento de veiculo com\u00a0 vitima presa entre as ferragens. A viatura ABS 22 composta pelo Sgt Ad\u00e3o, Sgt Ednei, Sgt Ernesto, Sd Vital, SD Franklin, Sd Aloysia e Sd Souza Leite.<\/p>\n<p style=\"text-align: justify;\">Chegando ao local a guarni\u00e7\u00e3o se deparou com ve\u00edculo Scania, cor vermelha, placa AZD 9853, e o condutor preso gravemente entre as ferragens. Ap\u00f3s intensa opera\u00e7\u00e3o, o mesmo fora retirado das ferragens, por\u00e9m veio a \u00f3bito em seguida.<\/p>\n<p><img loading=\"lazy\" decoding=\"async\" class=\"alignnone size-medium wp-image-3289\" src=\"https:\/\/blogopara.com.br\/wp-content\/uploads\/2019\/09\/bomba2-300x225.jpeg\" alt=\"\" width=\"300\" height=\"225\" srcset=\"https:\/\/blogopara.com.br\/wp-content\/uploads\/2019\/09\/bomba2-300x225.jpeg 300w, https:\/\/blogopara.com.br\/wp-content\/uploads\/2019\/09\/bomba2-768x576.jpeg 768w, https:\/\/blogopara.com.br\/wp-content\/uploads\/2019\/09\/bomba2-1024x768.jpeg 1024w, https:\/\/blogopara.com.br\/wp-content\/uploads\/2019\/09\/bomba2.jpeg 1040w\" sizes=\"auto, (max-width: 300px) 100vw, 300px\" \/><img loading=\"lazy\" decoding=\"async\" class=\"alignnone size-medium wp-image-3290\" src=\"https:\/\/blogopara.com.br\/wp-content\/uploads\/2019\/09\/bomba3-300x225.jpeg\" alt=\"\" width=\"300\" height=\"225\" srcset=\"https:\/\/blogopara.com.br\/wp-content\/uploads\/2019\/09\/bomba3-300x225.jpeg 300w, https:\/\/blogopara.com.br\/wp-content\/uploads\/2019\/09\/bomba3-768x576.jpeg 768w, https:\/\/blogopara.com.br\/wp-content\/uploads\/2019\/09\/bomba3-1024x768.jpeg 1024w, https:\/\/blogopara.com.br\/wp-content\/uploads\/2019\/09\/bomba3.jpeg 1040w\" sizes=\"auto, (max-width: 300px) 100vw, 300px\" \/><\/p>\n<pre>ASCOM<\/pre>\n","protected":false},"excerpt":{"rendered":"<p>Por volta das 06h25 de sexta-feira (20) uma guarni\u00e7\u00e3o do Subgrupamento de Bombeiros de Senhor do Bomfim, deslocou at\u00e9 a BR 407, km 135, a fim de atender uma ocorrencia de capotamento de veiculo com\u00a0 vitima presa entre as ferragens. A viatura ABS 22 composta pelo Sgt Ad\u00e3o, Sgt Ednei, Sgt Ernesto, Sd Vital, SD [&hellip;]<\/p>\n","protected":false},"author":1,"featured_media":3288,"comment_status":"open","ping_status":"open","sticky":false,"template":"","format":"standard","meta":{"_uag_custom_page_level_css":"","_monsterinsights_skip_tracking":false,"_monsterinsights_sitenote_active":false,"_monsterinsights_sitenote_note":"","_monsterinsights_sitenote_category":0,"jetpack_post_was_ever_published":false,"_jetpack_newsletter_access":"","_jetpack_dont_email_post_to_subs":false,"_jetpack_newsletter_tier_id":0,"_jetpack_memberships_contains_paywalled_content":false,"_jetpack_memberships_contains_paid_content":false,"footnotes":"","jetpack_publicize_message":"","jetpack_publicize_feature_enabled":true,"jetpack_social_post_already_shared":true,"jetpack_social_options":{"image_generator_settings":{"template":"highway","default_image_id":0,"font":"","enabled":false},"version":2}},"categories":[199],"tags":[136],"class_list":["post-3287","post","type-post","status-publish","format-standard","has-post-thumbnail","hentry","category-bahia","tag-corpo-de-bombeiros"],"jetpack_publicize_connections":[],"jetpack_featured_media_url":"https:\/\/blogopara.com.br\/wp-content\/uploads\/2019\/09\/bomba1.jpeg","uagb_featured_image_src":{"full":["https:\/\/blogopara.com.br\/wp-content\/uploads\/2019\/09\/bomba1.jpeg",1040,780,false],"thumbnail":["https:\/\/blogopara.com.br\/wp-content\/uploads\/2019\/09\/bomba1-150x150.jpeg",150,150,true],"medium":["https:\/\/blogopara.com.br\/wp-content\/uploads\/2019\/09\/bomba1-300x225.jpeg",300,225,true],"medium_large":["https:\/\/blogopara.com.br\/wp-content\/uploads\/2019\/09\/bomba1-768x576.jpeg",640,480,true],"large":["https:\/\/blogopara.com.br\/wp-content\/uploads\/2019\/09\/bomba1-1024x768.jpeg",640,480,true],"1536x1536":["https:\/\/blogopara.com.br\/wp-content\/uploads\/2019\/09\/bomba1.jpeg",1040,780,false],"2048x2048":["https:\/\/blogopara.com.br\/wp-content\/uploads\/2019\/09\/bomba1.jpeg",1040,780,false],"mantranews-slider-large":["https:\/\/blogopara.com.br\/wp-content\/uploads\/2019\/09\/bomba1.jpeg",988,741,false],"mantranews-featured-medium":["https:\/\/blogopara.com.br\/wp-content\/uploads\/2019\/09\/bomba1.jpeg",409,307,false],"mantranews-featured-long":["https:\/\/blogopara.com.br\/wp-content\/uploads\/2019\/09\/bomba1.jpeg",300,225,false],"mantranews-block-medium":["https:\/\/blogopara.com.br\/wp-content\/uploads\/2019\/09\/bomba1.jpeg",387,290,false],"mantranews-carousel-image":["https:\/\/blogopara.com.br\/wp-content\/uploads\/2019\/09\/bomba1.jpeg",600,450,false],"mantranews-block-thumb":["https:\/\/blogopara.com.br\/wp-content\/uploads\/2019\/09\/bomba1.jpeg",307,230,false],"mantranews-single-large":["https:\/\/blogopara.com.br\/wp-content\/uploads\/2019\/09\/bomba1.jpeg",856,642,false]},"uagb_author_info":{"display_name":"Reda\u00e7\u00e3o geral","author_link":"https:\/\/blogopara.com.br\/index.php\/author\/blogopara"},"uagb_comment_info":0,"uagb_excerpt":"Por volta das 06h25 de sexta-feira (20) uma guarni\u00e7\u00e3o do Subgrupamento de Bombeiros de Senhor do Bomfim, deslocou at\u00e9 a BR 407, km 135, a fim de atender uma ocorrencia de capotamento de veiculo com\u00a0 vitima presa entre as ferragens. A viatura ABS 22 composta pelo Sgt Ad\u00e3o, Sgt Ednei, Sgt Ernesto, Sd Vital, SD&hellip;","jetpack_sharing_enabled":true,"jetpack_likes_enabled":true,"_links":{"self":[{"href":"https:\/\/blogopara.com.br\/index.php\/wp-json\/wp\/v2\/posts\/3287","targetHints":{"allow":["GET"]}}],"collection":[{"href":"https:\/\/blogopara.com.br\/index.php\/wp-json\/wp\/v2\/posts"}],"about":[{"href":"https:\/\/blogopara.com.br\/index.php\/wp-json\/wp\/v2\/types\/post"}],"author":[{"embeddable":true,"href":"https:\/\/blogopara.com.br\/index.php\/wp-json\/wp\/v2\/users\/1"}],"replies":[{"embeddable":true,"href":"https:\/\/blogopara.com.br\/index.php\/wp-json\/wp\/v2\/comments?post=3287"}],"version-history":[{"count":2,"href":"https:\/\/blogopara.com.br\/index.php\/wp-json\/wp\/v2\/posts\/3287\/revisions"}],"predecessor-version":[{"id":3332,"href":"https:\/\/blogopara.com.br\/index.php\/wp-json\/wp\/v2\/posts\/3287\/revisions\/3332"}],"wp:featuredmedia":[{"embeddable":true,"href":"https:\/\/blogopara.com.br\/index.php\/wp-json\/wp\/v2\/media\/3288"}],"wp:attachment":[{"href":"https:\/\/blogopara.com.br\/index.php\/wp-json\/wp\/v2\/media?parent=3287"}],"wp:term":[{"taxonomy":"category","embeddable":true,"href":"https:\/\/blogopara.com.br\/index.php\/wp-json\/wp\/v2\/categories?post=3287"},{"taxonomy":"post_tag","embeddable":true,"href":"https:\/\/blogopara.com.br\/index.php\/wp-json\/wp\/v2\/tags?post=3287"}],"curies":[{"name":"wp","href":"https:\/\/api.w.org\/{rel}","templated":true}]}}