{"id":32879,"date":"2022-01-23T07:45:00","date_gmt":"2022-01-23T10:45:00","guid":{"rendered":"https:\/\/blogopara.com.br\/?p=32879"},"modified":"2022-01-22T12:19:57","modified_gmt":"2022-01-22T15:19:57","slug":"fake-governo-do-estado-nao-suspendeu-aulas-e-transporte-intermunicipal-na-bahia","status":"publish","type":"post","link":"https:\/\/blogopara.com.br\/index.php\/2022\/01\/23\/fake-governo-do-estado-nao-suspendeu-aulas-e-transporte-intermunicipal-na-bahia","title":{"rendered":"Fake! Governo do Estado n\u00e3o suspendeu aulas e transporte intermunicipal na Bahia"},"content":{"rendered":"<p style=\"text-align: justify;\">Um v\u00eddeo antigo, gravado em 18 de mar\u00e7o de 2020, est\u00e1 sendo compartilhado como se fosse atual em grupos de WhatsApp e nas redes sociais com o objetivo de confundir as pessoas em rela\u00e7\u00e3o \u00e0s medidas de enfrentamento ao coronav\u00edrus estabelecidas pelo Governo do Estado. No v\u00eddeo, o governador Rui Costa anuncia a suspens\u00e3o das aulas em col\u00e9gios p\u00fablicos e privados de toda a Bahia e determina a suspens\u00e3o do transporte intermunicipal nas cidades de Salvador, Prado, Porto Seguro e Feira de Santana. A grava\u00e7\u00e3o foi feita durante entrevista concedida pelo gestor no Hospital Espanhol, que nesta data estava sendo vistoriado para ser reaberto para atender \u00e0s v\u00edtimas da Covid-19 no estado.<\/p>\n<p style=\"text-align: justify;\">Publicado nas redes sociais oficiais do governador em mar\u00e7o de 2020, o v\u00eddeo agora est\u00e1 sendo disseminado sem a correta contextualiza\u00e7\u00e3o. Na \u00e9poca, n\u00e3o havia obrigatoriedade do uso de m\u00e1scara na Bahia, fato que tamb\u00e9m chama a aten\u00e7\u00e3o de quem assiste \u00e0 grava\u00e7\u00e3o nos dias atuais. O v\u00eddeo continua dispon\u00edvel no Facebook do governador e pode ser assistido clicando<strong>\u00a0<a href=\"https:\/\/www.facebook.com\/ruicostaoficial\/videos\/1664804973660372\/\" target=\"_blank\" rel=\"noreferrer noopener\">aqui<\/a><\/strong>.<\/p>\n<p style=\"text-align: justify;\">Em 19 de janeiro de 2022, data de publica\u00e7\u00e3o desta nota de esclarecimento, o transporte intermunicipal na Bahia n\u00e3o est\u00e1 suspenso e as aulas nas redes p\u00fablica e privada est\u00e3o autorizadas em todo territ\u00f3rio baiano.<\/p>\n","protected":false},"excerpt":{"rendered":"<p>Um v\u00eddeo antigo, gravado em 18 de mar\u00e7o de 2020, est\u00e1 sendo compartilhado como se fosse atual em grupos de WhatsApp e nas redes sociais com o objetivo de confundir as pessoas em rela\u00e7\u00e3o \u00e0s medidas de enfrentamento ao coronav\u00edrus estabelecidas pelo Governo do Estado. No v\u00eddeo, o governador Rui Costa anuncia a suspens\u00e3o das [&hellip;]<\/p>\n","protected":false},"author":1,"featured_media":32882,"comment_status":"closed","ping_status":"open","sticky":false,"template":"","format":"standard","meta":{"_uag_custom_page_level_css":"","_monsterinsights_skip_tracking":false,"_monsterinsights_sitenote_active":false,"_monsterinsights_sitenote_note":"","_monsterinsights_sitenote_category":0,"jetpack_post_was_ever_published":false,"_jetpack_newsletter_access":"","_jetpack_dont_email_post_to_subs":false,"_jetpack_newsletter_tier_id":0,"_jetpack_memberships_contains_paywalled_content":false,"_jetpack_memberships_contains_paid_content":false,"footnotes":"","jetpack_publicize_message":"","jetpack_publicize_feature_enabled":true,"jetpack_social_post_already_shared":true,"jetpack_social_options":{"image_generator_settings":{"template":"highway","default_image_id":0,"font":"","enabled":false},"version":2}},"categories":[199,1624],"tags":[],"class_list":["post-32879","post","type-post","status-publish","format-standard","has-post-thumbnail","hentry","category-bahia","category-covid-19"],"jetpack_publicize_connections":[],"jetpack_featured_media_url":"https:\/\/blogopara.com.br\/wp-content\/uploads\/2022\/01\/ruicosta.jpg","uagb_featured_image_src":{"full":["https:\/\/blogopara.com.br\/wp-content\/uploads\/2022\/01\/ruicosta.jpg",500,419,false],"thumbnail":["https:\/\/blogopara.com.br\/wp-content\/uploads\/2022\/01\/ruicosta-150x150.jpg",150,150,true],"medium":["https:\/\/blogopara.com.br\/wp-content\/uploads\/2022\/01\/ruicosta-300x251.jpg",300,251,true],"medium_large":["https:\/\/blogopara.com.br\/wp-content\/uploads\/2022\/01\/ruicosta.jpg",500,419,false],"large":["https:\/\/blogopara.com.br\/wp-content\/uploads\/2022\/01\/ruicosta.jpg",500,419,false],"1536x1536":["https:\/\/blogopara.com.br\/wp-content\/uploads\/2022\/01\/ruicosta.jpg",500,419,false],"2048x2048":["https:\/\/blogopara.com.br\/wp-content\/uploads\/2022\/01\/ruicosta.jpg",500,419,false],"mantranews-slider-large":["https:\/\/blogopara.com.br\/wp-content\/uploads\/2022\/01\/ruicosta.jpg",500,419,false],"mantranews-featured-medium":["https:\/\/blogopara.com.br\/wp-content\/uploads\/2022\/01\/ruicosta-420x307.jpg",420,307,true],"mantranews-featured-long":["https:\/\/blogopara.com.br\/wp-content\/uploads\/2022\/01\/ruicosta-300x419.jpg",300,419,true],"mantranews-block-medium":["https:\/\/blogopara.com.br\/wp-content\/uploads\/2022\/01\/ruicosta-464x290.jpg",464,290,true],"mantranews-carousel-image":["https:\/\/blogopara.com.br\/wp-content\/uploads\/2022\/01\/ruicosta.jpg",500,419,false],"mantranews-block-thumb":["https:\/\/blogopara.com.br\/wp-content\/uploads\/2022\/01\/ruicosta-322x230.jpg",322,230,true],"mantranews-single-large":["https:\/\/blogopara.com.br\/wp-content\/uploads\/2022\/01\/ruicosta.jpg",500,419,false]},"uagb_author_info":{"display_name":"Reda\u00e7\u00e3o geral","author_link":"https:\/\/blogopara.com.br\/index.php\/author\/blogopara"},"uagb_comment_info":0,"uagb_excerpt":"Um v\u00eddeo antigo, gravado em 18 de mar\u00e7o de 2020, est\u00e1 sendo compartilhado como se fosse atual em grupos de WhatsApp e nas redes sociais com o objetivo de confundir as pessoas em rela\u00e7\u00e3o \u00e0s medidas de enfrentamento ao coronav\u00edrus estabelecidas pelo Governo do Estado. No v\u00eddeo, o governador Rui Costa anuncia a suspens\u00e3o das&hellip;","jetpack_sharing_enabled":true,"jetpack_likes_enabled":true,"_links":{"self":[{"href":"https:\/\/blogopara.com.br\/index.php\/wp-json\/wp\/v2\/posts\/32879","targetHints":{"allow":["GET"]}}],"collection":[{"href":"https:\/\/blogopara.com.br\/index.php\/wp-json\/wp\/v2\/posts"}],"about":[{"href":"https:\/\/blogopara.com.br\/index.php\/wp-json\/wp\/v2\/types\/post"}],"author":[{"embeddable":true,"href":"https:\/\/blogopara.com.br\/index.php\/wp-json\/wp\/v2\/users\/1"}],"replies":[{"embeddable":true,"href":"https:\/\/blogopara.com.br\/index.php\/wp-json\/wp\/v2\/comments?post=32879"}],"version-history":[{"count":1,"href":"https:\/\/blogopara.com.br\/index.php\/wp-json\/wp\/v2\/posts\/32879\/revisions"}],"predecessor-version":[{"id":32884,"href":"https:\/\/blogopara.com.br\/index.php\/wp-json\/wp\/v2\/posts\/32879\/revisions\/32884"}],"wp:featuredmedia":[{"embeddable":true,"href":"https:\/\/blogopara.com.br\/index.php\/wp-json\/wp\/v2\/media\/32882"}],"wp:attachment":[{"href":"https:\/\/blogopara.com.br\/index.php\/wp-json\/wp\/v2\/media?parent=32879"}],"wp:term":[{"taxonomy":"category","embeddable":true,"href":"https:\/\/blogopara.com.br\/index.php\/wp-json\/wp\/v2\/categories?post=32879"},{"taxonomy":"post_tag","embeddable":true,"href":"https:\/\/blogopara.com.br\/index.php\/wp-json\/wp\/v2\/tags?post=32879"}],"curies":[{"name":"wp","href":"https:\/\/api.w.org\/{rel}","templated":true}]}}