{"id":32993,"date":"2022-01-25T07:48:00","date_gmt":"2022-01-25T10:48:00","guid":{"rendered":"https:\/\/blogopara.com.br\/?p=32993"},"modified":"2022-01-24T22:50:37","modified_gmt":"2022-01-25T01:50:37","slug":"prefeita-suzana-ramos-inaugura-unidade-movel-de-atendimento-odontologico-na-segunda-edicao-do-saude-em-movimento","status":"publish","type":"post","link":"https:\/\/blogopara.com.br\/index.php\/2022\/01\/25\/prefeita-suzana-ramos-inaugura-unidade-movel-de-atendimento-odontologico-na-segunda-edicao-do-saude-em-movimento","title":{"rendered":"Prefeita Suzana Ramos inaugura Unidade M\u00f3vel de Atendimento Odontol\u00f3gico na segunda edi\u00e7\u00e3o do \u2018Sa\u00fade em Movimento\u2019"},"content":{"rendered":"<p style=\"font-weight: 400; text-align: justify;\">Juazeiro agora conta com uma Unidade M\u00f3vel de Atendimento Odontol\u00f3gico. A inaugura\u00e7\u00e3o do equipamento aconteceu nesta segunda-feira (24) durante a segunda edi\u00e7\u00e3o do programa \u2018Sa\u00fade em Movimento\u2019, que foi realizada na comunidade quilombola de Alagadi\u00e7o, no Salitre.<\/p>\n<p style=\"font-weight: 400; text-align: justify;\">Na ocasi\u00e3o, a prefeita Suzana Ramos conversou com a comunidade e, junto com o secret\u00e1rio de Sa\u00fade de Juazeiro, Fernando Costa, inaugurou oficialmente os atendimentos no ve\u00edculo totalmente equipado para realizar procedimentos de sa\u00fade bucal.<\/p>\n<p style=\"font-weight: 400; text-align: justify;\">A proposta do \u2018Sa\u00fade em Movimento\u2019 \u00e9 oferecer diversos atendimentos para a popula\u00e7\u00e3o de bairros mais distantes e tamb\u00e9m comunidades da zona rural. E a Unidade M\u00f3vel de Atendimento Odontol\u00f3gico vai refor\u00e7ar os servi\u00e7os, como explica a prefeita Suzana Ramos.<\/p>\n<p style=\"font-weight: 400; text-align: justify;\">\n<p style=\"font-weight: 400; text-align: justify;\">\u201cFiquei muito feliz em inaugurar a Unidade M\u00f3vel de Atendimento Odontol\u00f3gico, porque isso vai facilitar a vida das pessoas que n\u00e3o t\u00eam atendimento. Isso vai melhorar a vida das pessoas, que \u00e9 o que mais quero. Estou perto da comunidade, ouvindo o povo e isso \u00e9 muito gratificante. N\u00f3s temos hoje aqui ortopedista, cl\u00ednico geral, nutricionista e muitos outros atendimentos. Vamos ampliar esse trabalho cada vez mais\u201d, frisou a gestora.<\/p>\n<p style=\"font-weight: 400; text-align: justify;\">O primeiro paciente da Unidade M\u00f3vel foi o pequeno Jos\u00e9 Levi Batista, de 6 anos. A m\u00e3e, Crispina Batista de Jesus, agradeceu pelo excelente atendimento. \u201c\u00c9 algo maravilhoso, porque \u00e9 uma oportunidade que muitas vezes a gente n\u00e3o tem, e ter assim na minha porta \u00e9 uma ben\u00e7\u00e3o de Deus\u201d, disse Crispina Batista.<\/p>\n<p style=\"font-weight: 400; text-align: justify;\">\n<p style=\"font-weight: 400; text-align: justify;\"><strong>Outros servi\u00e7os<\/strong><\/p>\n<p style=\"font-weight: 400; text-align: justify;\">\n<p style=\"font-weight: 400; text-align: justify;\">Al\u00e9m dos servi\u00e7os odontol\u00f3gicos, foram ofertados tamb\u00e9m atendimento com cl\u00ednicos gerais e ortopedista, realiza\u00e7\u00e3o de exame preventivo, atualiza\u00e7\u00e3o e cadastro do Cart\u00e3o SUS, aferi\u00e7\u00e3o de press\u00e3o arterial e de glicemia, orienta\u00e7\u00f5es nutricionais, auriculoterapia, roda de conversa com profissionais de sa\u00fade mental, vacina\u00e7\u00e3o Covid-19 de crian\u00e7a de 5 a 11 anos e de pessoas com 12 anos ou mais (primeira dose, segunda dose e dose de refor\u00e7o), entre outros.<\/p>\n<p style=\"font-weight: 400; text-align: justify;\">O secret\u00e1rio de Sa\u00fade de Juazeiro, Fernando Costa, enfatizou o sucesso do \u2018Sa\u00fade em Movimento\u2019. \u201cO programa est\u00e1 chegando a localidades mais distantes, com servi\u00e7os de sa\u00fade essenciais. Hoje, n\u00f3s estamos muito felizes, apresentamos tamb\u00e9m \u00e0 popula\u00e7\u00e3o o servi\u00e7o m\u00f3vel de odontologia com toda a equipe, a vacina\u00e7\u00e3o itinerante. Ent\u00e3o a popula\u00e7\u00e3o ficou muito bem assistida e agradecida e \u00e9 contagiante ver nos olhos das pessoas, no sorriso das crian\u00e7as, a felicidade encontrada aqui nessa localidade. N\u00f3s agradecemos \u00e0 comunidade Alagadi\u00e7o por nos acolher t\u00e3o bem\u201d, destacou o secret\u00e1rio.<\/p>\n<p style=\"font-weight: 400; text-align: justify;\">\n<p style=\"font-weight: 400; text-align: justify;\">Jo\u00e3o Carlos da Silva, de 52 anos, aproveitou para completar o esquema vacinal contra a Covid-19 e ainda levou sua irm\u00e3 para consulta. \u201cVim tomar a terceira dose da vacina. J\u00e1 aproveitei e trouxe minha irm\u00e3 para se consultar, pois ela tem necessidades especiais e, as vezes, \u00e9 dif\u00edcil levar para outros lugares. Ent\u00e3o aqui foi tudo muito bom. A gest\u00e3o municipal est\u00e1 de parab\u00e9ns\u201d, pontuou o morador.<\/p>\n<p style=\"font-weight: 400; text-align: justify;\">Durante a inaugura\u00e7\u00e3o estavam presentes o diretor de Sa\u00fade Bucal, Marcos Jorge de S\u00e1 Silva, a representante da comunidade Alagadi\u00e7o, Lindsey Laianne dos Santos Barbosa e o vereador Assis da Apolo.<\/p>\n<p style=\"text-align: justify;\">\n<p style=\"font-weight: 400; text-align: justify;\">Ascom\/Sesau\/PMJ<\/p>\n<p style=\"font-weight: 400; text-align: justify;\">\n","protected":false},"excerpt":{"rendered":"<p>Juazeiro agora conta com uma Unidade M\u00f3vel de Atendimento Odontol\u00f3gico. A inaugura\u00e7\u00e3o do equipamento aconteceu nesta segunda-feira (24) durante a segunda edi\u00e7\u00e3o do programa \u2018Sa\u00fade em Movimento\u2019, que foi realizada na comunidade quilombola de Alagadi\u00e7o, no Salitre. Na ocasi\u00e3o, a prefeita Suzana Ramos conversou com a comunidade e, junto com o secret\u00e1rio de Sa\u00fade de [&hellip;]<\/p>\n","protected":false},"author":1,"featured_media":32994,"comment_status":"closed","ping_status":"open","sticky":false,"template":"","format":"standard","meta":{"_uag_custom_page_level_css":"","_monsterinsights_skip_tracking":false,"_monsterinsights_sitenote_active":false,"_monsterinsights_sitenote_note":"","_monsterinsights_sitenote_category":0,"jetpack_post_was_ever_published":false,"_jetpack_newsletter_access":"","_jetpack_dont_email_post_to_subs":false,"_jetpack_newsletter_tier_id":0,"_jetpack_memberships_contains_paywalled_content":false,"_jetpack_memberships_contains_paid_content":false,"footnotes":"","jetpack_publicize_message":"","jetpack_publicize_feature_enabled":true,"jetpack_social_post_already_shared":true,"jetpack_social_options":{"image_generator_settings":{"template":"highway","default_image_id":0,"font":"","enabled":false},"version":2}},"categories":[203],"tags":[7432,3532,5195,7431],"class_list":["post-32993","post","type-post","status-publish","format-standard","has-post-thumbnail","hentry","category-juazeiro","tag-atendimento-odontologico","tag-inauguracao","tag-prefeita-suzana-ramos","tag-unidade-movel"],"jetpack_publicize_connections":[],"jetpack_featured_media_url":"https:\/\/blogopara.com.br\/wp-content\/uploads\/2022\/01\/Saude-em-Movimento-5.jpeg","uagb_featured_image_src":{"full":["https:\/\/blogopara.com.br\/wp-content\/uploads\/2022\/01\/Saude-em-Movimento-5.jpeg",500,333,false],"thumbnail":["https:\/\/blogopara.com.br\/wp-content\/uploads\/2022\/01\/Saude-em-Movimento-5-150x150.jpeg",150,150,true],"medium":["https:\/\/blogopara.com.br\/wp-content\/uploads\/2022\/01\/Saude-em-Movimento-5-300x200.jpeg",300,200,true],"medium_large":["https:\/\/blogopara.com.br\/wp-content\/uploads\/2022\/01\/Saude-em-Movimento-5.jpeg",500,333,false],"large":["https:\/\/blogopara.com.br\/wp-content\/uploads\/2022\/01\/Saude-em-Movimento-5.jpeg",500,333,false],"1536x1536":["https:\/\/blogopara.com.br\/wp-content\/uploads\/2022\/01\/Saude-em-Movimento-5.jpeg",500,333,false],"2048x2048":["https:\/\/blogopara.com.br\/wp-content\/uploads\/2022\/01\/Saude-em-Movimento-5.jpeg",500,333,false],"mantranews-slider-large":["https:\/\/blogopara.com.br\/wp-content\/uploads\/2022\/01\/Saude-em-Movimento-5.jpeg",500,333,false],"mantranews-featured-medium":["https:\/\/blogopara.com.br\/wp-content\/uploads\/2022\/01\/Saude-em-Movimento-5-420x307.jpeg",420,307,true],"mantranews-featured-long":["https:\/\/blogopara.com.br\/wp-content\/uploads\/2022\/01\/Saude-em-Movimento-5-300x333.jpeg",300,333,true],"mantranews-block-medium":["https:\/\/blogopara.com.br\/wp-content\/uploads\/2022\/01\/Saude-em-Movimento-5-464x290.jpeg",464,290,true],"mantranews-carousel-image":["https:\/\/blogopara.com.br\/wp-content\/uploads\/2022\/01\/Saude-em-Movimento-5.jpeg",500,333,false],"mantranews-block-thumb":["https:\/\/blogopara.com.br\/wp-content\/uploads\/2022\/01\/Saude-em-Movimento-5-322x230.jpeg",322,230,true],"mantranews-single-large":["https:\/\/blogopara.com.br\/wp-content\/uploads\/2022\/01\/Saude-em-Movimento-5.jpeg",500,333,false]},"uagb_author_info":{"display_name":"Reda\u00e7\u00e3o geral","author_link":"https:\/\/blogopara.com.br\/index.php\/author\/blogopara"},"uagb_comment_info":0,"uagb_excerpt":"Juazeiro agora conta com uma Unidade M\u00f3vel de Atendimento Odontol\u00f3gico. A inaugura\u00e7\u00e3o do equipamento aconteceu nesta segunda-feira (24) durante a segunda edi\u00e7\u00e3o do programa \u2018Sa\u00fade em Movimento\u2019, que foi realizada na comunidade quilombola de Alagadi\u00e7o, no Salitre. Na ocasi\u00e3o, a prefeita Suzana Ramos conversou com a comunidade e, junto com o secret\u00e1rio de Sa\u00fade de&hellip;","jetpack_sharing_enabled":true,"jetpack_likes_enabled":true,"_links":{"self":[{"href":"https:\/\/blogopara.com.br\/index.php\/wp-json\/wp\/v2\/posts\/32993","targetHints":{"allow":["GET"]}}],"collection":[{"href":"https:\/\/blogopara.com.br\/index.php\/wp-json\/wp\/v2\/posts"}],"about":[{"href":"https:\/\/blogopara.com.br\/index.php\/wp-json\/wp\/v2\/types\/post"}],"author":[{"embeddable":true,"href":"https:\/\/blogopara.com.br\/index.php\/wp-json\/wp\/v2\/users\/1"}],"replies":[{"embeddable":true,"href":"https:\/\/blogopara.com.br\/index.php\/wp-json\/wp\/v2\/comments?post=32993"}],"version-history":[{"count":1,"href":"https:\/\/blogopara.com.br\/index.php\/wp-json\/wp\/v2\/posts\/32993\/revisions"}],"predecessor-version":[{"id":32995,"href":"https:\/\/blogopara.com.br\/index.php\/wp-json\/wp\/v2\/posts\/32993\/revisions\/32995"}],"wp:featuredmedia":[{"embeddable":true,"href":"https:\/\/blogopara.com.br\/index.php\/wp-json\/wp\/v2\/media\/32994"}],"wp:attachment":[{"href":"https:\/\/blogopara.com.br\/index.php\/wp-json\/wp\/v2\/media?parent=32993"}],"wp:term":[{"taxonomy":"category","embeddable":true,"href":"https:\/\/blogopara.com.br\/index.php\/wp-json\/wp\/v2\/categories?post=32993"},{"taxonomy":"post_tag","embeddable":true,"href":"https:\/\/blogopara.com.br\/index.php\/wp-json\/wp\/v2\/tags?post=32993"}],"curies":[{"name":"wp","href":"https:\/\/api.w.org\/{rel}","templated":true}]}}