{"id":32997,"date":"2022-01-25T08:29:29","date_gmt":"2022-01-25T11:29:29","guid":{"rendered":"https:\/\/blogopara.com.br\/?p=32997"},"modified":"2022-01-25T08:29:33","modified_gmt":"2022-01-25T11:29:33","slug":"morre-o-guru-bolsonarista-olavo-de-carvalho-nos-eua-aos-74-anos","status":"publish","type":"post","link":"https:\/\/blogopara.com.br\/index.php\/2022\/01\/25\/morre-o-guru-bolsonarista-olavo-de-carvalho-nos-eua-aos-74-anos","title":{"rendered":"Morre o guru bolsonarista Olavo de Carvalho, nos EUA, aos 74 anos"},"content":{"rendered":"<p style=\"text-align: justify;\">O fil\u00f3sofo Olavo de Carvalho morreu na noite desta segunda-feira (24) aos 74 anos. A fam\u00edlia do escritor confirmou a not\u00edcia nas redes sociais. Carvalho estava\u00a0 internado em um hospital de Richmond, no estado da Virg\u00ednia, nos Estados Unidos. A causa da morte n\u00e3o foi informada.<\/p>\n<p style=\"text-align: justify;\">&#8220;Com grande pesar, a fam\u00edlia do professor Olavo de Carvalho comunica a not\u00edcia de sua morte na noite de 24 de janeiro, na regi\u00e3o de Richmond, na Virg\u00ednia, onde se encontrava hospitalizado&#8221;, diz a nota.<\/p>\n<p style=\"text-align: justify;\">O presidente Jair Bolsonaro (PL) elogiou o fil\u00f3sofo nas redes sociais e lamentou sua morte. &#8220;Nos deixa hoje um dos maiores pensadores da hist\u00f3ria do nosso pa\u00eds, o Fil\u00f3sofo e Professor Olavo Luiz Pimentel de Carvalho. Olavo foi um gigante na luta pela liberdade e um farol para milh\u00f5es de brasileiros. Seu exemplo e seus ensinamentos nos marcar\u00e3o para sempre&#8221;, escreveu o chefe do executivo no Twitter.<\/p>\n<p style=\"text-align: justify;\">Ao fazer seu primeiro pronunciamento como presidente, Bolsonaro deixou \u00e0 mostra quatro livros: a \u201cB\u00edblia Sagrada\u201d; a Constitui\u00e7\u00e3o brasileira de 1988; \u201cMem\u00f3rias da Segunda Guerra Mundial\u201d, de Winston Churchill; e \u201cO M\u00ednimo Que Voc\u00ea Precisa Saber Para N\u00e3o Ser Um Idiota\u201d, de Olavo de Carvalho. Entre as principais obras do autor, est\u00e3o &#8220;O Imbecil Coletivo&#8221; e &#8220;O Jardim das Afli\u00e7\u00f5es&#8221;.<\/p>\n<p style=\"text-align: justify;\">Olavo Luiz Pimentel de Carvalho nasceu em Campinas, no interior de S\u00e3o Paulo, e se tornou um expoente do conservadorismo pol\u00edtico no pa\u00eds. Foi fundador do Semin\u00e1rio de Filosofia e do Curso Online de Filosofia (COF), al\u00e9m de apresentador do programa True Outspeak. Carvalho deixa a esposa, Roxane, oito filhos e 18 netos.<\/p>\n","protected":false},"excerpt":{"rendered":"<p>Presidente Bolsonaro lamentou o falecimento. Escritor havia sido diagnosticado com Covid-19 no dia 16 de janeiro, mas causa oficial da morte ainda n\u00e3o foi divulgada<\/p>\n","protected":false},"author":1,"featured_media":32998,"comment_status":"closed","ping_status":"open","sticky":false,"template":"","format":"standard","meta":{"_uag_custom_page_level_css":"","_monsterinsights_skip_tracking":false,"_monsterinsights_sitenote_active":false,"_monsterinsights_sitenote_note":"","_monsterinsights_sitenote_category":0,"jetpack_post_was_ever_published":false,"_jetpack_newsletter_access":"","_jetpack_dont_email_post_to_subs":false,"_jetpack_newsletter_tier_id":0,"_jetpack_memberships_contains_paywalled_content":false,"_jetpack_memberships_contains_paid_content":false,"footnotes":"","jetpack_publicize_message":"","jetpack_publicize_feature_enabled":true,"jetpack_social_post_already_shared":true,"jetpack_social_options":{"image_generator_settings":{"template":"highway","default_image_id":0,"font":"","enabled":false},"version":2}},"categories":[200,197],"tags":[1943,21,223,1290,96],"class_list":["post-32997","post","type-post","status-publish","format-standard","has-post-thumbnail","hentry","category-brasil","category-politica","tag-bolsonaristas","tag-bolsonaro","tag-eua","tag-morte","tag-olavo-de-carvalho"],"jetpack_publicize_connections":[],"jetpack_featured_media_url":"https:\/\/blogopara.com.br\/wp-content\/uploads\/2022\/01\/Olavo-x-Bolsonaro-x-militares-x-olavistas.jpg","uagb_featured_image_src":{"full":["https:\/\/blogopara.com.br\/wp-content\/uploads\/2022\/01\/Olavo-x-Bolsonaro-x-militares-x-olavistas.jpg",500,373,false],"thumbnail":["https:\/\/blogopara.com.br\/wp-content\/uploads\/2022\/01\/Olavo-x-Bolsonaro-x-militares-x-olavistas-150x150.jpg",150,150,true],"medium":["https:\/\/blogopara.com.br\/wp-content\/uploads\/2022\/01\/Olavo-x-Bolsonaro-x-militares-x-olavistas-300x224.jpg",300,224,true],"medium_large":["https:\/\/blogopara.com.br\/wp-content\/uploads\/2022\/01\/Olavo-x-Bolsonaro-x-militares-x-olavistas.jpg",500,373,false],"large":["https:\/\/blogopara.com.br\/wp-content\/uploads\/2022\/01\/Olavo-x-Bolsonaro-x-militares-x-olavistas.jpg",500,373,false],"1536x1536":["https:\/\/blogopara.com.br\/wp-content\/uploads\/2022\/01\/Olavo-x-Bolsonaro-x-militares-x-olavistas.jpg",500,373,false],"2048x2048":["https:\/\/blogopara.com.br\/wp-content\/uploads\/2022\/01\/Olavo-x-Bolsonaro-x-militares-x-olavistas.jpg",500,373,false],"mantranews-slider-large":["https:\/\/blogopara.com.br\/wp-content\/uploads\/2022\/01\/Olavo-x-Bolsonaro-x-militares-x-olavistas.jpg",500,373,false],"mantranews-featured-medium":["https:\/\/blogopara.com.br\/wp-content\/uploads\/2022\/01\/Olavo-x-Bolsonaro-x-militares-x-olavistas-420x307.jpg",420,307,true],"mantranews-featured-long":["https:\/\/blogopara.com.br\/wp-content\/uploads\/2022\/01\/Olavo-x-Bolsonaro-x-militares-x-olavistas-300x373.jpg",300,373,true],"mantranews-block-medium":["https:\/\/blogopara.com.br\/wp-content\/uploads\/2022\/01\/Olavo-x-Bolsonaro-x-militares-x-olavistas-464x290.jpg",464,290,true],"mantranews-carousel-image":["https:\/\/blogopara.com.br\/wp-content\/uploads\/2022\/01\/Olavo-x-Bolsonaro-x-militares-x-olavistas.jpg",500,373,false],"mantranews-block-thumb":["https:\/\/blogopara.com.br\/wp-content\/uploads\/2022\/01\/Olavo-x-Bolsonaro-x-militares-x-olavistas-322x230.jpg",322,230,true],"mantranews-single-large":["https:\/\/blogopara.com.br\/wp-content\/uploads\/2022\/01\/Olavo-x-Bolsonaro-x-militares-x-olavistas.jpg",500,373,false]},"uagb_author_info":{"display_name":"Reda\u00e7\u00e3o geral","author_link":"https:\/\/blogopara.com.br\/index.php\/author\/blogopara"},"uagb_comment_info":0,"uagb_excerpt":"Presidente Bolsonaro lamentou o falecimento. Escritor havia sido diagnosticado com Covid-19 no dia 16 de janeiro, mas causa oficial da morte ainda n\u00e3o foi divulgada","jetpack_sharing_enabled":true,"jetpack_likes_enabled":true,"_links":{"self":[{"href":"https:\/\/blogopara.com.br\/index.php\/wp-json\/wp\/v2\/posts\/32997","targetHints":{"allow":["GET"]}}],"collection":[{"href":"https:\/\/blogopara.com.br\/index.php\/wp-json\/wp\/v2\/posts"}],"about":[{"href":"https:\/\/blogopara.com.br\/index.php\/wp-json\/wp\/v2\/types\/post"}],"author":[{"embeddable":true,"href":"https:\/\/blogopara.com.br\/index.php\/wp-json\/wp\/v2\/users\/1"}],"replies":[{"embeddable":true,"href":"https:\/\/blogopara.com.br\/index.php\/wp-json\/wp\/v2\/comments?post=32997"}],"version-history":[{"count":1,"href":"https:\/\/blogopara.com.br\/index.php\/wp-json\/wp\/v2\/posts\/32997\/revisions"}],"predecessor-version":[{"id":32999,"href":"https:\/\/blogopara.com.br\/index.php\/wp-json\/wp\/v2\/posts\/32997\/revisions\/32999"}],"wp:featuredmedia":[{"embeddable":true,"href":"https:\/\/blogopara.com.br\/index.php\/wp-json\/wp\/v2\/media\/32998"}],"wp:attachment":[{"href":"https:\/\/blogopara.com.br\/index.php\/wp-json\/wp\/v2\/media?parent=32997"}],"wp:term":[{"taxonomy":"category","embeddable":true,"href":"https:\/\/blogopara.com.br\/index.php\/wp-json\/wp\/v2\/categories?post=32997"},{"taxonomy":"post_tag","embeddable":true,"href":"https:\/\/blogopara.com.br\/index.php\/wp-json\/wp\/v2\/tags?post=32997"}],"curies":[{"name":"wp","href":"https:\/\/api.w.org\/{rel}","templated":true}]}}