{"id":33021,"date":"2022-01-25T13:01:00","date_gmt":"2022-01-25T16:01:00","guid":{"rendered":"https:\/\/blogopara.com.br\/?p=33021"},"modified":"2022-01-25T11:03:47","modified_gmt":"2022-01-25T14:03:47","slug":"podemos-repudia-instalacao-de-cpi-contra-moro-so-mostra-o-tamanho-do-medo-deles","status":"publish","type":"post","link":"https:\/\/blogopara.com.br\/index.php\/2022\/01\/25\/podemos-repudia-instalacao-de-cpi-contra-moro-so-mostra-o-tamanho-do-medo-deles","title":{"rendered":"Podemos repudia instala\u00e7\u00e3o de CPI contra Moro: &#8216;S\u00f3 mostra o tamanho do medo deles&#8217;"},"content":{"rendered":"<div class=\"box-body\" data-io-article-url=\"https:\/\/www.bahianoticias.com.br\/\">\n<div class=\"text-descricao\">\n<p style=\"text-align: justify;\">A Executiva nacional do Podemos divulgou, nesta segunda-feira (24), uma nota de rep\u00fadio para a possibilidade de cria\u00e7\u00e3o de uma CPI (Comiss\u00e3o Parlamentar de Inqu\u00e9rito) contra o ex-ministro Sergio Moro. &#8220;Repudia a uni\u00e3o do PT de Lula com o governo Jair Bolsonaro e ao PP de Ciro Nogueira e Arthur Lira&#8221;, inicia o texto.<\/p>\n<p style=\"text-align: justify;\">De acordo com a executiva do partido, a possibilidade \u00e9 uma &#8220;linha de vingan\u00e7a que une campos opostos contra um brasileiro honesto e \u00edntegro que entra na pol\u00edtica para colocar seu nome \u00e0 disposi\u00e7\u00e3o do povo brasileiro para liderar um projeto de reconstru\u00e7\u00e3o do Brasil&#8221;.<\/p>\n<p style=\"text-align: justify;\">Moro trabalhou por quase um ano em uma empresa de consultoria que atua nos processos de recupera\u00e7\u00e3o fiscal de alvos da Lava Jato. O processo do Tribunal de Contas da Uni\u00e3o sobre a atua\u00e7\u00e3o de Sergio Moro (Podemos) na empresa Alvarez &amp; Marsal gerou a primeira cis\u00e3o mais s\u00e9ria na sua pr\u00e9-campanha. Parte dos aliados avalia que seria melhor revelar os valores recebidos o quanto antes, algo que o ex-juiz, por enquanto, tem resistido a fazer. Ele diz confiar nos precedentes do STF que barram a divulga\u00e7\u00e3o desse tipo de informa\u00e7\u00e3o.<\/p>\n<p style=\"text-align: justify;\">Moro \u00e9 pr\u00e9-candidato \u00e0 Presid\u00eancia da Rep\u00fablica e rec\u00e9m filiado ao Podemos.<\/p>\n<p style=\"text-align: justify;\">Leia a nota do Podemos na \u00edntegra:<\/p>\n<p style=\"text-align: justify;\">&#8220;<em>NOTA DE REP\u00daDIO<\/em><\/p>\n<p style=\"text-align: justify;\"><em>A executiva nacional do Podemos repudia a uni\u00e3o do PT de Lula com o governo Jair Bolsonaro e ao PP de Ciro Nogueira e Arthur Lira para criar uma CPI contra S\u00e9rgio Moro.<\/em><\/p>\n<p style=\"text-align: justify;\"><em>Refutamos essa lament\u00e1vel linha de vingan\u00e7a que une campos opostos contra um brasileiro honesto e \u00edntegro que entra na pol\u00edtica para colocar seu nome \u00e0 disposi\u00e7\u00e3o do povo brasileiro para liderar um projeto de reconstru\u00e7\u00e3o do Brasil.<\/em><\/p>\n<p style=\"text-align: justify;\"><em>Criar uma CPI para se investigar a rela\u00e7\u00e3o de trabalho desse brasileiro com uma empresa particular \u00e9 ilegal perante as nossas leis vigentes.<\/em><\/p>\n<p style=\"text-align: justify;\"><em>Atacar Moro com CPI, manipula\u00e7\u00e3o de fatos e fakenews s\u00f3 mostra o tamanho do medo deles contra o combate ao sistema corrupto.<\/em><\/p>\n<p style=\"text-align: justify;\"><em>O povo brasileiro, assim como n\u00f3s, do Podemos, repudiamos a uni\u00e3o dos que apoiam a corrup\u00e7\u00e3o.<br \/>\nSomos milh\u00f5es e, para desespero daqueles que atacam os cofres p\u00fablicos, vamos fazer o Brasil Justo para Todos!<\/em><\/p>\n<p style=\"text-align: justify;\"><em>EXECUTIVA NACIONAL DO PODEMOS&#8221;<\/em><\/p>\n<\/div>\n<\/div>\n<div class=\"box-footer\">\n<div class=\"bar-share clearfix\" style=\"text-align: justify;\"><\/div>\n<\/div>\n","protected":false},"excerpt":{"rendered":"<p>A Executiva nacional do Podemos divulgou, nesta segunda-feira (24), uma nota de rep\u00fadio para a possibilidade de cria\u00e7\u00e3o de uma CPI (Comiss\u00e3o Parlamentar de Inqu\u00e9rito) contra o ex-ministro Sergio Moro. &#8220;Repudia a uni\u00e3o do PT de Lula com o governo Jair Bolsonaro e ao PP de Ciro Nogueira e Arthur Lira&#8221;, inicia o texto. De [&hellip;]<\/p>\n","protected":false},"author":1,"featured_media":9660,"comment_status":"closed","ping_status":"open","sticky":false,"template":"","format":"standard","meta":{"_uag_custom_page_level_css":"","_monsterinsights_skip_tracking":false,"_monsterinsights_sitenote_active":false,"_monsterinsights_sitenote_note":"","_monsterinsights_sitenote_category":0,"jetpack_post_was_ever_published":false,"_jetpack_newsletter_access":"","_jetpack_dont_email_post_to_subs":false,"_jetpack_newsletter_tier_id":0,"_jetpack_memberships_contains_paywalled_content":false,"_jetpack_memberships_contains_paid_content":false,"footnotes":"","jetpack_publicize_message":"","jetpack_publicize_feature_enabled":true,"jetpack_social_post_already_shared":true,"jetpack_social_options":{"image_generator_settings":{"template":"highway","default_image_id":0,"font":"","enabled":false},"version":2}},"categories":[200,197],"tags":[],"class_list":["post-33021","post","type-post","status-publish","format-standard","has-post-thumbnail","hentry","category-brasil","category-politica"],"jetpack_publicize_connections":[],"jetpack_featured_media_url":"https:\/\/blogopara.com.br\/wp-content\/uploads\/2020\/04\/20190731-sergio_moro_foto_lula_marques_fotos_publicas.jpg","uagb_featured_image_src":{"full":["https:\/\/blogopara.com.br\/wp-content\/uploads\/2020\/04\/20190731-sergio_moro_foto_lula_marques_fotos_publicas.jpg",500,333,false],"thumbnail":["https:\/\/blogopara.com.br\/wp-content\/uploads\/2020\/04\/20190731-sergio_moro_foto_lula_marques_fotos_publicas-150x150.jpg",150,150,true],"medium":["https:\/\/blogopara.com.br\/wp-content\/uploads\/2020\/04\/20190731-sergio_moro_foto_lula_marques_fotos_publicas-300x200.jpg",300,200,true],"medium_large":["https:\/\/blogopara.com.br\/wp-content\/uploads\/2020\/04\/20190731-sergio_moro_foto_lula_marques_fotos_publicas.jpg",500,333,false],"large":["https:\/\/blogopara.com.br\/wp-content\/uploads\/2020\/04\/20190731-sergio_moro_foto_lula_marques_fotos_publicas.jpg",500,333,false],"1536x1536":["https:\/\/blogopara.com.br\/wp-content\/uploads\/2020\/04\/20190731-sergio_moro_foto_lula_marques_fotos_publicas.jpg",500,333,false],"2048x2048":["https:\/\/blogopara.com.br\/wp-content\/uploads\/2020\/04\/20190731-sergio_moro_foto_lula_marques_fotos_publicas.jpg",500,333,false],"mantranews-slider-large":["https:\/\/blogopara.com.br\/wp-content\/uploads\/2020\/04\/20190731-sergio_moro_foto_lula_marques_fotos_publicas.jpg",500,333,false],"mantranews-featured-medium":["https:\/\/blogopara.com.br\/wp-content\/uploads\/2020\/04\/20190731-sergio_moro_foto_lula_marques_fotos_publicas-420x307.jpg",420,307,true],"mantranews-featured-long":["https:\/\/blogopara.com.br\/wp-content\/uploads\/2020\/04\/20190731-sergio_moro_foto_lula_marques_fotos_publicas-300x333.jpg",300,333,true],"mantranews-block-medium":["https:\/\/blogopara.com.br\/wp-content\/uploads\/2020\/04\/20190731-sergio_moro_foto_lula_marques_fotos_publicas-464x290.jpg",464,290,true],"mantranews-carousel-image":["https:\/\/blogopara.com.br\/wp-content\/uploads\/2020\/04\/20190731-sergio_moro_foto_lula_marques_fotos_publicas.jpg",500,333,false],"mantranews-block-thumb":["https:\/\/blogopara.com.br\/wp-content\/uploads\/2020\/04\/20190731-sergio_moro_foto_lula_marques_fotos_publicas-322x230.jpg",322,230,true],"mantranews-single-large":["https:\/\/blogopara.com.br\/wp-content\/uploads\/2020\/04\/20190731-sergio_moro_foto_lula_marques_fotos_publicas.jpg",500,333,false]},"uagb_author_info":{"display_name":"Reda\u00e7\u00e3o geral","author_link":"https:\/\/blogopara.com.br\/index.php\/author\/blogopara"},"uagb_comment_info":0,"uagb_excerpt":"A Executiva nacional do Podemos divulgou, nesta segunda-feira (24), uma nota de rep\u00fadio para a possibilidade de cria\u00e7\u00e3o de uma CPI (Comiss\u00e3o Parlamentar de Inqu\u00e9rito) contra o ex-ministro Sergio Moro. &#8220;Repudia a uni\u00e3o do PT de Lula com o governo Jair Bolsonaro e ao PP de Ciro Nogueira e Arthur Lira&#8221;, inicia o texto. De&hellip;","jetpack_sharing_enabled":true,"jetpack_likes_enabled":true,"_links":{"self":[{"href":"https:\/\/blogopara.com.br\/index.php\/wp-json\/wp\/v2\/posts\/33021","targetHints":{"allow":["GET"]}}],"collection":[{"href":"https:\/\/blogopara.com.br\/index.php\/wp-json\/wp\/v2\/posts"}],"about":[{"href":"https:\/\/blogopara.com.br\/index.php\/wp-json\/wp\/v2\/types\/post"}],"author":[{"embeddable":true,"href":"https:\/\/blogopara.com.br\/index.php\/wp-json\/wp\/v2\/users\/1"}],"replies":[{"embeddable":true,"href":"https:\/\/blogopara.com.br\/index.php\/wp-json\/wp\/v2\/comments?post=33021"}],"version-history":[{"count":1,"href":"https:\/\/blogopara.com.br\/index.php\/wp-json\/wp\/v2\/posts\/33021\/revisions"}],"predecessor-version":[{"id":33022,"href":"https:\/\/blogopara.com.br\/index.php\/wp-json\/wp\/v2\/posts\/33021\/revisions\/33022"}],"wp:featuredmedia":[{"embeddable":true,"href":"https:\/\/blogopara.com.br\/index.php\/wp-json\/wp\/v2\/media\/9660"}],"wp:attachment":[{"href":"https:\/\/blogopara.com.br\/index.php\/wp-json\/wp\/v2\/media?parent=33021"}],"wp:term":[{"taxonomy":"category","embeddable":true,"href":"https:\/\/blogopara.com.br\/index.php\/wp-json\/wp\/v2\/categories?post=33021"},{"taxonomy":"post_tag","embeddable":true,"href":"https:\/\/blogopara.com.br\/index.php\/wp-json\/wp\/v2\/tags?post=33021"}],"curies":[{"name":"wp","href":"https:\/\/api.w.org\/{rel}","templated":true}]}}