{"id":33043,"date":"2022-01-26T09:46:00","date_gmt":"2022-01-26T12:46:00","guid":{"rendered":"https:\/\/blogopara.com.br\/?p=33043"},"modified":"2022-01-26T08:38:06","modified_gmt":"2022-01-26T11:38:06","slug":"sobrinha-de-14-anos-mata-tia-a-facadas-e-deixa-bilhete-no-local-do-crime","status":"publish","type":"post","link":"https:\/\/blogopara.com.br\/index.php\/2022\/01\/26\/sobrinha-de-14-anos-mata-tia-a-facadas-e-deixa-bilhete-no-local-do-crime","title":{"rendered":"Sobrinha de 14 anos mata tia a facadas e deixa bilhete no local do crime"},"content":{"rendered":"<p style=\"text-align: justify;\">Uma garota de 14 anos foi apreendida pela pol\u00edcia depois de ter confessado matar a pr\u00f3pria tia, uma mulher de 38 anos, com diversos golpes de faca. O crime aconteceu na segunda-feira (24), na cidade de Feij\u00f3, no interior do Acre.<\/p>\n<p style=\"text-align: justify;\">De acordo com informa\u00e7\u00f5es do G1, antes de matar Maria Antonieta de Souza Abreu, a garota entrou na casa dela, rendeu o primo de 10 anos, feriu ele com uma faca e, em seguida, matou a tia, que estava diagnosticada com dengue, portanto, fragilizada.<\/p>\n<p style=\"text-align: justify;\">O menino ficou com ferimentos na regi\u00e3o do pesco\u00e7o e sobreviveu ao ataque. J\u00e1 a sua m\u00e3e morreu no local do crime. Al\u00e9m de muitas facadas, a v\u00edtima tamb\u00e9m foi agredida com uma panela.<\/p>\n<p style=\"text-align: justify;\">Agora, os parentes da adolescente tentam entender o que motivou ela a cometer o crime, j\u00e1 que, segundo eles, a agressora nunca teve comportamentos agressivos. Eles descrevem a menina como uma pessoa calma, que frequentava a igreja e que nunca demonstrou raiva pela tia.<\/p>\n<p style=\"text-align: justify;\"><strong>Comportamento<\/strong><\/p>\n<p style=\"text-align: justify;\">&#8220;Sempre foi tranquila, [sa\u00eda] de casa para a igreja ou para a escola. Sempre foi muito educada, inteligente e a fam\u00edlia est\u00e1 bastante em choque com essa rea\u00e7\u00e3o. A m\u00e3e dela criou ela sem aquela liberdade de filho na rua, sem amizades, protegendo\u201d, comentou um parente ao portal.<\/p>\n<p style=\"text-align: justify;\">A m\u00e3e da garota havia viajado e, durante esse per\u00edodo, a irm\u00e3 ficou respons\u00e1vel pela menor. Maria Antonieta vivia sozinha com o filho de 10 anos.<\/p>\n<p style=\"text-align: justify;\">\u201cA m\u00e3e dela foi fazer uma viagem e pediu para a tia Antonieta ficar respons\u00e1vel por ela. No que ganhou esse pouquinho de liberdade na casa da tia achou que poderia sair, come\u00e7ou a pedir para sair de noite e a tia estranhou [&#8230;] Falou que queria sair fora disso, talvez dessa vida porque n\u00e3o tinha liberdade\u201d, completou o familiar tamb\u00e9m em entrevista ao G1.<\/p>\n<p style=\"text-align: justify;\">A pol\u00edcia acredita que o caso tenha sido planejado, j\u00e1 que a jovem guardava um di\u00e1rio onde escrevia sobre temas como morte. Depois de ferir o primo e tia, ela deixou um bilhete no local do crime com a frase &#8220;Eu estive aqui&#8221; e com o desenho de um cora\u00e7\u00e3o.<\/p>\n<p style=\"text-align: justify;\">Um hora depois de assassinar a familiar, a jovem foi at\u00e9 uma unidade policial, onde confessou o crime. A pol\u00edcia busca por imagens de c\u00e2meras de seguran\u00e7as e por testemunhas para concluir as investiga\u00e7\u00f5es.<\/p>\n<p>\u00a0<\/p>\n<p>Fonte: BNews<\/p>\n","protected":false},"excerpt":{"rendered":"<p>Uma garota de 14 anos foi apreendida pela pol\u00edcia depois de ter confessado matar a pr\u00f3pria tia, uma mulher de 38 anos, com diversos golpes de faca. O crime aconteceu na segunda-feira (24), na cidade de Feij\u00f3, no interior do Acre. De acordo com informa\u00e7\u00f5es do G1, antes de matar Maria Antonieta de Souza Abreu, [&hellip;]<\/p>\n","protected":false},"author":1,"featured_media":33044,"comment_status":"closed","ping_status":"open","sticky":false,"template":"","format":"standard","meta":{"_uag_custom_page_level_css":"","_monsterinsights_skip_tracking":false,"_monsterinsights_sitenote_active":false,"_monsterinsights_sitenote_note":"","_monsterinsights_sitenote_category":0,"jetpack_post_was_ever_published":false,"_jetpack_newsletter_access":"","_jetpack_dont_email_post_to_subs":false,"_jetpack_newsletter_tier_id":0,"_jetpack_memberships_contains_paywalled_content":false,"_jetpack_memberships_contains_paid_content":false,"footnotes":"","jetpack_publicize_message":"","jetpack_publicize_feature_enabled":true,"jetpack_social_post_already_shared":true,"jetpack_social_options":{"image_generator_settings":{"template":"highway","default_image_id":0,"font":"","enabled":false},"version":2}},"categories":[202],"tags":[6309,7434,7433],"class_list":["post-33043","post","type-post","status-publish","format-standard","has-post-thumbnail","hentry","category-policia","tag-facadas","tag-mata-tia","tag-sobrinha-de-14-anos"],"jetpack_publicize_connections":[],"jetpack_featured_media_url":"https:\/\/blogopara.com.br\/wp-content\/uploads\/2022\/01\/capturar_JLkSXps_widelg.png","uagb_featured_image_src":{"full":["https:\/\/blogopara.com.br\/wp-content\/uploads\/2022\/01\/capturar_JLkSXps_widelg.png",500,294,false],"thumbnail":["https:\/\/blogopara.com.br\/wp-content\/uploads\/2022\/01\/capturar_JLkSXps_widelg-150x150.png",150,150,true],"medium":["https:\/\/blogopara.com.br\/wp-content\/uploads\/2022\/01\/capturar_JLkSXps_widelg-300x176.png",300,176,true],"medium_large":["https:\/\/blogopara.com.br\/wp-content\/uploads\/2022\/01\/capturar_JLkSXps_widelg.png",500,294,false],"large":["https:\/\/blogopara.com.br\/wp-content\/uploads\/2022\/01\/capturar_JLkSXps_widelg.png",500,294,false],"1536x1536":["https:\/\/blogopara.com.br\/wp-content\/uploads\/2022\/01\/capturar_JLkSXps_widelg.png",500,294,false],"2048x2048":["https:\/\/blogopara.com.br\/wp-content\/uploads\/2022\/01\/capturar_JLkSXps_widelg.png",500,294,false],"mantranews-slider-large":["https:\/\/blogopara.com.br\/wp-content\/uploads\/2022\/01\/capturar_JLkSXps_widelg.png",500,294,false],"mantranews-featured-medium":["https:\/\/blogopara.com.br\/wp-content\/uploads\/2022\/01\/capturar_JLkSXps_widelg-420x294.png",420,294,true],"mantranews-featured-long":["https:\/\/blogopara.com.br\/wp-content\/uploads\/2022\/01\/capturar_JLkSXps_widelg-300x294.png",300,294,true],"mantranews-block-medium":["https:\/\/blogopara.com.br\/wp-content\/uploads\/2022\/01\/capturar_JLkSXps_widelg-464x290.png",464,290,true],"mantranews-carousel-image":["https:\/\/blogopara.com.br\/wp-content\/uploads\/2022\/01\/capturar_JLkSXps_widelg.png",500,294,false],"mantranews-block-thumb":["https:\/\/blogopara.com.br\/wp-content\/uploads\/2022\/01\/capturar_JLkSXps_widelg-322x230.png",322,230,true],"mantranews-single-large":["https:\/\/blogopara.com.br\/wp-content\/uploads\/2022\/01\/capturar_JLkSXps_widelg.png",500,294,false]},"uagb_author_info":{"display_name":"Reda\u00e7\u00e3o geral","author_link":"https:\/\/blogopara.com.br\/index.php\/author\/blogopara"},"uagb_comment_info":0,"uagb_excerpt":"Uma garota de 14 anos foi apreendida pela pol\u00edcia depois de ter confessado matar a pr\u00f3pria tia, uma mulher de 38 anos, com diversos golpes de faca. O crime aconteceu na segunda-feira (24), na cidade de Feij\u00f3, no interior do Acre. De acordo com informa\u00e7\u00f5es do G1, antes de matar Maria Antonieta de Souza Abreu,&hellip;","jetpack_sharing_enabled":true,"jetpack_likes_enabled":true,"_links":{"self":[{"href":"https:\/\/blogopara.com.br\/index.php\/wp-json\/wp\/v2\/posts\/33043","targetHints":{"allow":["GET"]}}],"collection":[{"href":"https:\/\/blogopara.com.br\/index.php\/wp-json\/wp\/v2\/posts"}],"about":[{"href":"https:\/\/blogopara.com.br\/index.php\/wp-json\/wp\/v2\/types\/post"}],"author":[{"embeddable":true,"href":"https:\/\/blogopara.com.br\/index.php\/wp-json\/wp\/v2\/users\/1"}],"replies":[{"embeddable":true,"href":"https:\/\/blogopara.com.br\/index.php\/wp-json\/wp\/v2\/comments?post=33043"}],"version-history":[{"count":1,"href":"https:\/\/blogopara.com.br\/index.php\/wp-json\/wp\/v2\/posts\/33043\/revisions"}],"predecessor-version":[{"id":33045,"href":"https:\/\/blogopara.com.br\/index.php\/wp-json\/wp\/v2\/posts\/33043\/revisions\/33045"}],"wp:featuredmedia":[{"embeddable":true,"href":"https:\/\/blogopara.com.br\/index.php\/wp-json\/wp\/v2\/media\/33044"}],"wp:attachment":[{"href":"https:\/\/blogopara.com.br\/index.php\/wp-json\/wp\/v2\/media?parent=33043"}],"wp:term":[{"taxonomy":"category","embeddable":true,"href":"https:\/\/blogopara.com.br\/index.php\/wp-json\/wp\/v2\/categories?post=33043"},{"taxonomy":"post_tag","embeddable":true,"href":"https:\/\/blogopara.com.br\/index.php\/wp-json\/wp\/v2\/tags?post=33043"}],"curies":[{"name":"wp","href":"https:\/\/api.w.org\/{rel}","templated":true}]}}