{"id":33101,"date":"2022-01-26T22:10:23","date_gmt":"2022-01-27T01:10:23","guid":{"rendered":"https:\/\/blogopara.com.br\/?p=33101"},"modified":"2022-01-26T22:11:02","modified_gmt":"2022-01-27T01:11:02","slug":"chesfianos-aprovam-greve-por-tempo-indeterminado-2","status":"publish","type":"post","link":"https:\/\/blogopara.com.br\/index.php\/2022\/01\/26\/chesfianos-aprovam-greve-por-tempo-indeterminado-2","title":{"rendered":"CHESFIANOS APROVAM GREVE POR TEMPO INDETERMINADO"},"content":{"rendered":"\n<p>Os chesfianos aprovaram ontem, 24, nas assembleias realizadas nas bases regionais, greve por tempo indeterminado, a partir do dia 28\/01. A decis\u00e3o \u00e9 uma resposta de luta dos trabalhadores contra a insist\u00eancia do Governo de dar continuidade ao processo de privatiza\u00e7\u00e3o das empresas do sistema Eletrobras, mesmo sem o aval do Tribunal de Contas da Uni\u00e3o (TCU), que ainda realiza an\u00e1lise dos valores envolvidos na proposta e avalia o modelo<br>de capitaliza\u00e7\u00e3o.<\/p>\n\n\n\n<p>Unidos, a FRUNE e os sindicatos do Nordeste n\u00e3o param de pressionar contra o processo de privatiza\u00e7\u00e3o \u2013 seja na justi\u00e7a, nos protestos de rua, nos meios de comunica\u00e7\u00e3o ou nas redes sociais. Essa luta precisa ser fortalecida pelo engajamento massivo dos chesfianos para que a venda da Eletrobras\/Chesf seja barrada.<\/p>\n\n\n\n<p>Al\u00e9m da entrega de um patrim\u00f4nio l\u00edquido de aproximadamente R$ 75 bilh\u00f5es, especialistas apontam que a privatiza\u00e7\u00e3o da Eletrobras trar\u00e1 preju\u00edzos para o bolso do trabalhador com o aumento na conta de luz \u2013 isso devido \u00e0s medidas inclu\u00eddas pelos parlamentares que devem gerar custos aos consumidores, como a contrata\u00e7\u00e3o de termel\u00e9tricas a g\u00e1s natural em tempo integral.<\/p>\n\n\n\n<p>\u201cNossa luta ser\u00e1 pela soberania nacional, pela preserva\u00e7\u00e3o do Rio S\u00e3o Francisco, pelo desenvolvimento do Nordeste e contra o aumento das tarifas. Com a privatiza\u00e7\u00e3o todos perdem. N\u00e3o podemos permitir que isso ocorra\u201d, destacou a diretora de energia da Frune Julia Margarida, que convoca a categoria chesfiana para a luta.<\/p>\n\n\n\n<p><strong>ARTICULA\u00c7\u00d5ES<\/strong><\/p>\n\n\n\n<p>Durante a assembleia realizada na sede da Chesf, em Recife, o Deputado Estadual Isaltino Nascimento, L\u00edder do Governo da Assembleia Legislativa de Pernambuco, prestou seu apoio \u00e0 luta da categoria. Na oportunidade, os dirigentes da FRUNE e do SINDURB-PE solicitaram do parlamentar apoio na articula\u00e7\u00e3o da seguinte agenda: reuni\u00e3o com Ana Arraes, presidenta do TCU, reuni\u00e3o com o Governador de Pernambuco, atual Presidente do Cons\u00f3rcio Nordeste, al\u00e9m de uma Audi\u00eancia P\u00fablica na Assembleia Legislativa de Pernambuco.<\/p>\n\n\n\n<p>\u201cA ideia \u00e9 que essas solicita\u00e7\u00f5es sejam efetivadas para ampliar as a\u00e7\u00f5es no campo institucional e contribuir com a luta da categoria\u201d, frisou o diretor da FRUNE, Fernando Neves.<\/p>\n\n\n\n<p>Greve ter\u00e1 in\u00edcio no dia 28\/01. Categoria defende a soberania nacional, a preserva\u00e7\u00e3o do S\u00e3o Francisco e o desenvolvimento regional<\/p>\n\n\n\n<p><strong>PREZADOS COLEGAS,<\/strong><\/p>\n\n\n\n<p>Voc\u00ea sabia que a privatiza\u00e7\u00e3o da Eletrobras\/ CHESF est\u00e1 tentando ser feita com termo malandro de \u201ccapitaliza\u00e7\u00e3o\u201d?<br>Isso mesmo! Al\u00e9m disso, est\u00e1 sendo conduzida com procedimentos ileg\u00edtimos e irrespons\u00e1veis que foram questionados pelo TCU ao analisar os seguintes pontos?<\/p>\n\n\n\n<p>1. Aus\u00eancia de um real e s\u00e9rio levantamento de ativos. Ou seja, o patrim\u00f4nio das empresas n\u00e3o est\u00e1 corretamente<br>precificado, nem calculado o valor certo de gera\u00e7\u00e3o e transmiss\u00e3o do sistema exposto \u00e0 venda;<br>2. A MP (Medida Provis\u00f3ria), levada a voto no congresso, usa argumentos falsos de \u201curg\u00eancia\u201d, \u201cvalor deteriorado\u201d<br>e falta de \u201ccapacidade de investimento\u201d das empresas como motivo de privatizar a Eletrobras. Na realidade, no per\u00edodo<br>2018\/21 a holding apresentou lucro de R$ 44 bi e gera\u00e7\u00e3o de caixa de R$ 20,4bi para capacidade de investimentos;<br>3. O Governo pretende descotizar as empresas. Isso tem como consequ\u00eancia um brutal aumento de tarifas, que<br>pode at\u00e9 triplicar os custos tarif\u00e1rios;<br>4. O processo de privatiza\u00e7\u00e3o prev\u00ea aumentar usinas t\u00e9rmicas na matriz el\u00e9trica. Isso est\u00e1 na contram\u00e3o das<br>exig\u00eancias ambientais para combater as mudan\u00e7as do clima;<br>5. H\u00e1 graves ind\u00edcios de corrup\u00e7\u00e3o e tr\u00e1fico de influ\u00eancias sob patroc\u00ednio do Ministro Paulo Guedes, not\u00f3rio agente<br>do setor financeiro, conforme den\u00fancia do Dep. Federal Rodrigo Maia (ex-aliado do Presidente e ex-presidente da<br>C\u00e2mara dos Deputados) em rela\u00e7\u00e3o a movimenta\u00e7\u00e3o junto a Usina de Tucuru\u00ed;<br>6. O processo de vota\u00e7\u00e3o da MP foi atropelado e manipulado, aproveitando a pandemia, por falta de debates e<br>discut\u00edvel vota\u00e7\u00e3o remota sem controle;<br>7. O atual presidente da C\u00e2mara, Artur Lira, promoveu altera\u00e7\u00e3o no texto votado de forma ilegal e antiregimental, o<br>que configura crime de falsifica\u00e7\u00e3o;<br>8. O BNDES contratou uma empresa BANCO GENIAL para avaliar a estrutura financeira e a modelagem do processo<br>de privatiza\u00e7\u00e3o, sendo esta empresa detentora de 5% das a\u00e7\u00f5es prefer\u00eancias da Eletrobras. Isso \u00e9 um claro conflito<br>de interesses (ato criminoso sob questionamento jur\u00eddico);<br>9. O TCU est\u00e1 sendo atropelado neste processo. Isso implicar\u00e1 em processos futuros de auditorias e judicializa\u00e7\u00e3o;<br>Por tudo isso, estamos reagindo no plano jur\u00eddico, pol\u00edtico e agora com a mobiliza\u00e7\u00e3o dos trabalhadores em greve<br>por todo pa\u00eds. Nosso objetivo \u00e9 preservar a soberania nacional.<\/p>\n\n\n\n<p>Estamos em momentos decisivos. O governo tentar\u00e1 at\u00e9 maio concluir a opera\u00e7\u00e3o de lesa p\u00e1tria. Por isso, \u00e9 importante a entrada em cena dos trabalhadores do setor. Est\u00e1 em jogo nossa SOBERANIA ENERG\u00c9TICA, NOSSO PROJETO DE NA\u00c7\u00c3O, NOSSAS EMPRESAS, NOSSOS EMPREGOS, mais que isso: Precisamos garantir uma na\u00e7\u00e3o<br>desenvolvida, sem fome, com empregos dignos e cidadania.<\/p>\n\n\n\n<p>N\u00d3S SOMOS A FOR\u00c7A QUE CONSTRUIU O SETOR EL\u00c9TRICO BRASILEIRO! SOMOS A CHESF DO NORDESTE!<br>SOMOS A HIST\u00d3RIA E MEM\u00d3RIA DOS PIONEIROS DO SETOR EL\u00c9TRICO! LUTAMOS POR UM PAIS DIGNO, HUMANO<br>E FRATERNO!!!<\/p>\n\n\n\n<p>Hora de resistir, reagir e defender nossas conquistas! Rumo \u00e0 GREVE!<\/p>\n","protected":false},"excerpt":{"rendered":"<p>Os chesfianos aprovaram ontem, 24, nas assembleias realizadas nas bases regionais, greve por tempo indeterminado, a partir do dia 28\/01. A decis\u00e3o \u00e9 uma resposta de luta dos trabalhadores contra a insist\u00eancia do Governo de dar continuidade ao processo de privatiza\u00e7\u00e3o das empresas do sistema Eletrobras, mesmo sem o aval do Tribunal de Contas da [&hellip;]<\/p>\n","protected":false},"author":1,"featured_media":33102,"comment_status":"closed","ping_status":"open","sticky":false,"template":"","format":"standard","meta":{"_uag_custom_page_level_css":"","_monsterinsights_skip_tracking":false,"_monsterinsights_sitenote_active":false,"_monsterinsights_sitenote_note":"","_monsterinsights_sitenote_category":0,"jetpack_post_was_ever_published":false,"_jetpack_newsletter_access":"","_jetpack_dont_email_post_to_subs":false,"_jetpack_newsletter_tier_id":0,"_jetpack_memberships_contains_paywalled_content":false,"_jetpack_memberships_contains_paid_content":false,"footnotes":"","jetpack_publicize_message":"","jetpack_publicize_feature_enabled":true,"jetpack_social_post_already_shared":true,"jetpack_social_options":{"image_generator_settings":{"template":"highway","default_image_id":0,"font":"","enabled":false},"version":2}},"categories":[200,1531],"tags":[],"class_list":["post-33101","post","type-post","status-publish","format-standard","has-post-thumbnail","hentry","category-brasil","category-paralisacao"],"jetpack_publicize_connections":[],"jetpack_featured_media_url":"https:\/\/blogopara.com.br\/wp-content\/uploads\/2022\/01\/WhatsApp-Image-2022-01-26-at-13.17.30-1.jpeg","uagb_featured_image_src":{"full":["https:\/\/blogopara.com.br\/wp-content\/uploads\/2022\/01\/WhatsApp-Image-2022-01-26-at-13.17.30-1.jpeg",500,333,false],"thumbnail":["https:\/\/blogopara.com.br\/wp-content\/uploads\/2022\/01\/WhatsApp-Image-2022-01-26-at-13.17.30-1-150x150.jpeg",150,150,true],"medium":["https:\/\/blogopara.com.br\/wp-content\/uploads\/2022\/01\/WhatsApp-Image-2022-01-26-at-13.17.30-1-300x200.jpeg",300,200,true],"medium_large":["https:\/\/blogopara.com.br\/wp-content\/uploads\/2022\/01\/WhatsApp-Image-2022-01-26-at-13.17.30-1.jpeg",500,333,false],"large":["https:\/\/blogopara.com.br\/wp-content\/uploads\/2022\/01\/WhatsApp-Image-2022-01-26-at-13.17.30-1.jpeg",500,333,false],"1536x1536":["https:\/\/blogopara.com.br\/wp-content\/uploads\/2022\/01\/WhatsApp-Image-2022-01-26-at-13.17.30-1.jpeg",500,333,false],"2048x2048":["https:\/\/blogopara.com.br\/wp-content\/uploads\/2022\/01\/WhatsApp-Image-2022-01-26-at-13.17.30-1.jpeg",500,333,false],"mantranews-slider-large":["https:\/\/blogopara.com.br\/wp-content\/uploads\/2022\/01\/WhatsApp-Image-2022-01-26-at-13.17.30-1.jpeg",500,333,false],"mantranews-featured-medium":["https:\/\/blogopara.com.br\/wp-content\/uploads\/2022\/01\/WhatsApp-Image-2022-01-26-at-13.17.30-1-420x307.jpeg",420,307,true],"mantranews-featured-long":["https:\/\/blogopara.com.br\/wp-content\/uploads\/2022\/01\/WhatsApp-Image-2022-01-26-at-13.17.30-1-300x333.jpeg",300,333,true],"mantranews-block-medium":["https:\/\/blogopara.com.br\/wp-content\/uploads\/2022\/01\/WhatsApp-Image-2022-01-26-at-13.17.30-1-464x290.jpeg",464,290,true],"mantranews-carousel-image":["https:\/\/blogopara.com.br\/wp-content\/uploads\/2022\/01\/WhatsApp-Image-2022-01-26-at-13.17.30-1.jpeg",500,333,false],"mantranews-block-thumb":["https:\/\/blogopara.com.br\/wp-content\/uploads\/2022\/01\/WhatsApp-Image-2022-01-26-at-13.17.30-1-322x230.jpeg",322,230,true],"mantranews-single-large":["https:\/\/blogopara.com.br\/wp-content\/uploads\/2022\/01\/WhatsApp-Image-2022-01-26-at-13.17.30-1.jpeg",500,333,false]},"uagb_author_info":{"display_name":"Reda\u00e7\u00e3o geral","author_link":"https:\/\/blogopara.com.br\/index.php\/author\/blogopara"},"uagb_comment_info":0,"uagb_excerpt":"Os chesfianos aprovaram ontem, 24, nas assembleias realizadas nas bases regionais, greve por tempo indeterminado, a partir do dia 28\/01. A decis\u00e3o \u00e9 uma resposta de luta dos trabalhadores contra a insist\u00eancia do Governo de dar continuidade ao processo de privatiza\u00e7\u00e3o das empresas do sistema Eletrobras, mesmo sem o aval do Tribunal de Contas da&hellip;","jetpack_sharing_enabled":true,"jetpack_likes_enabled":true,"_links":{"self":[{"href":"https:\/\/blogopara.com.br\/index.php\/wp-json\/wp\/v2\/posts\/33101","targetHints":{"allow":["GET"]}}],"collection":[{"href":"https:\/\/blogopara.com.br\/index.php\/wp-json\/wp\/v2\/posts"}],"about":[{"href":"https:\/\/blogopara.com.br\/index.php\/wp-json\/wp\/v2\/types\/post"}],"author":[{"embeddable":true,"href":"https:\/\/blogopara.com.br\/index.php\/wp-json\/wp\/v2\/users\/1"}],"replies":[{"embeddable":true,"href":"https:\/\/blogopara.com.br\/index.php\/wp-json\/wp\/v2\/comments?post=33101"}],"version-history":[{"count":1,"href":"https:\/\/blogopara.com.br\/index.php\/wp-json\/wp\/v2\/posts\/33101\/revisions"}],"predecessor-version":[{"id":33103,"href":"https:\/\/blogopara.com.br\/index.php\/wp-json\/wp\/v2\/posts\/33101\/revisions\/33103"}],"wp:featuredmedia":[{"embeddable":true,"href":"https:\/\/blogopara.com.br\/index.php\/wp-json\/wp\/v2\/media\/33102"}],"wp:attachment":[{"href":"https:\/\/blogopara.com.br\/index.php\/wp-json\/wp\/v2\/media?parent=33101"}],"wp:term":[{"taxonomy":"category","embeddable":true,"href":"https:\/\/blogopara.com.br\/index.php\/wp-json\/wp\/v2\/categories?post=33101"},{"taxonomy":"post_tag","embeddable":true,"href":"https:\/\/blogopara.com.br\/index.php\/wp-json\/wp\/v2\/tags?post=33101"}],"curies":[{"name":"wp","href":"https:\/\/api.w.org\/{rel}","templated":true}]}}