{"id":33104,"date":"2022-01-27T07:28:45","date_gmt":"2022-01-27T10:28:45","guid":{"rendered":"https:\/\/blogopara.com.br\/?p=33104"},"modified":"2022-01-27T07:28:49","modified_gmt":"2022-01-27T10:28:49","slug":"morre-aos-56-anos-a-cantora-gospel-e-pastora-ludmila-ferber","status":"publish","type":"post","link":"https:\/\/blogopara.com.br\/index.php\/2022\/01\/27\/morre-aos-56-anos-a-cantora-gospel-e-pastora-ludmila-ferber","title":{"rendered":"Morre aos 56 anos a cantora gospel e pastora Ludmila Ferber"},"content":{"rendered":"<p style=\"text-align: justify;\">A cantora\u00a0<a href=\"https:\/\/www.metropoles.com\/tag\/gospel\" target=\"_blank\" rel=\"noopener\">gospel<\/a>\u00a0Ludmila Ferber, de 56 anos de idade, morreu na noite dessa ter\u00e7a-feira (26\/1). As informa\u00e7\u00f5es s\u00e3o da\u00a0<a href=\"https:\/\/revistaquem.globo.com\/QUEM-News\/noticia\/2022\/01\/morre-aos-56-anos-cantora-gospel-e-pastora-ludmila-ferber.html\" target=\"_blank\" rel=\"noopener\">Quem<\/a>.<\/p>\n<p style=\"text-align: justify;\" data-gtm-vis-recent-on-screen-8752935_845=\"28076\" data-gtm-vis-first-on-screen-8752935_845=\"28076\" data-gtm-vis-total-visible-time-8752935_845=\"100\" data-gtm-vis-has-fired-8752935_845=\"1\">A pastora foi diagnosticada em 2018 com\u00a0<a href=\"https:\/\/www.metropoles.com\/tag\/cancer\" target=\"_blank\" rel=\"noopener\">c\u00e2ncer<\/a>. \u201cEm tempos de guerra, nunca pare de lutar\u2019. Hoje estou entrando num momento \u00fanico e surpreendente da minha vida: o tratamento de\u00a0<a href=\"https:\/\/www.metropoles.com\/tag\/quimioterapia\" target=\"_blank\" rel=\"noopener\">quimioterapia<\/a>\u201c, contou ela \u00e0 \u00e9poca.<\/p>\n<div class=\"m-carousel-post\" style=\"text-align: justify;\">\n<div class=\"siema m-siema-single-item rendered\">\n<div>\n<div>\n<div class=\"siema-item\">\n<p>O \u00faltimo post de Ludmila em seu Instagram foi na \u00faltima segunda (24), quando ela citou um trecho de sua can\u00e7\u00e3o Buscar Tua Face \u00e9 Preciso.<\/p>\n<p>\u201c\u2018Quando tudo parece estranho ao redor \/ Buscar tua face \u00e9 preciso, Deus \/ Quando a gente n\u00e3o sabe o que est\u00e1 ocorrendo \/ Buscar tua face \u00e9 preciso, Deus\u201d, dizia trecho da can\u00e7\u00e3o na legenda.<\/p>\n<p data-gtm-vis-recent-on-screen-8752935_862=\"38549\" data-gtm-vis-first-on-screen-8752935_862=\"38549\" data-gtm-vis-total-visible-time-8752935_862=\"100\" data-gtm-vis-has-fired-8752935_862=\"1\">Casada de 1987 a 2014 com Jos\u00e9 Ant\u00f4nio Lino, ela deixa tr\u00eas filhas: Daniela Ferber Lino, Ana L\u00eddia Ferber Lino e Vanessa Ferber Lino.<\/p>\n<h3>Carreira<\/h3>\n<p>Ludmila Ferber integrou o grupo Koinonya, com o qual\u00a0<a href=\"https:\/\/www.metropoles.com\/entretenimento\/musica\" target=\"_blank\" rel=\"noopener\">gravou<\/a>\u00a08 discos. Em 1996, partiu para a carreira solo e lan\u00e7ou Marcas, seu primeiro \u00e1lbum.<\/p>\n<p>Mais 12 discos de est\u00fadio foram lan\u00e7ados depois disso, o \u00faltimo levou o nome de Um Novo Come\u00e7o, gravado em 2020.<\/p>\n<\/div>\n<\/div>\n<\/div>\n<\/div>\n<\/div>\n<div class=\"m-banner-wrap m-banner-rectangle m-publicity-content-middle\">\n<div id=\"div-gpt-ad-colunas-quadrado-1\" class=\"ad-quadrado\" style=\"text-align: justify;\" data-google-query-id=\"CMrag9jb0fUCFeAyuQYdmoAMhg\"><\/div>\n<\/div>\n","protected":false},"excerpt":{"rendered":"<p>A cantora\u00a0gospel\u00a0Ludmila Ferber, de 56 anos de idade, morreu na noite dessa ter\u00e7a-feira (26\/1). As informa\u00e7\u00f5es s\u00e3o da\u00a0Quem. A pastora foi diagnosticada em 2018 com\u00a0c\u00e2ncer. \u201cEm tempos de guerra, nunca pare de lutar\u2019. Hoje estou entrando num momento \u00fanico e surpreendente da minha vida: o tratamento de\u00a0quimioterapia\u201c, contou ela \u00e0 \u00e9poca. O \u00faltimo post de [&hellip;]<\/p>\n","protected":false},"author":1,"featured_media":33105,"comment_status":"closed","ping_status":"open","sticky":false,"template":"","format":"standard","meta":{"_uag_custom_page_level_css":"","_monsterinsights_skip_tracking":false,"_monsterinsights_sitenote_active":false,"_monsterinsights_sitenote_note":"","_monsterinsights_sitenote_category":0,"jetpack_post_was_ever_published":false,"_jetpack_newsletter_access":"","_jetpack_dont_email_post_to_subs":false,"_jetpack_newsletter_tier_id":0,"_jetpack_memberships_contains_paywalled_content":false,"_jetpack_memberships_contains_paid_content":false,"footnotes":"","jetpack_publicize_message":"","jetpack_publicize_feature_enabled":true,"jetpack_social_post_already_shared":true,"jetpack_social_options":{"image_generator_settings":{"template":"highway","default_image_id":0,"font":"","enabled":false},"version":2}},"categories":[200,204],"tags":[],"class_list":["post-33104","post","type-post","status-publish","format-standard","has-post-thumbnail","hentry","category-brasil","category-social"],"jetpack_publicize_connections":[],"jetpack_featured_media_url":"https:\/\/blogopara.com.br\/wp-content\/uploads\/2022\/01\/Cantora-gospel-Ludmila-Ferber-Reproducao-1068x569-1.jpg","uagb_featured_image_src":{"full":["https:\/\/blogopara.com.br\/wp-content\/uploads\/2022\/01\/Cantora-gospel-Ludmila-Ferber-Reproducao-1068x569-1.jpg",500,266,false],"thumbnail":["https:\/\/blogopara.com.br\/wp-content\/uploads\/2022\/01\/Cantora-gospel-Ludmila-Ferber-Reproducao-1068x569-1-150x150.jpg",150,150,true],"medium":["https:\/\/blogopara.com.br\/wp-content\/uploads\/2022\/01\/Cantora-gospel-Ludmila-Ferber-Reproducao-1068x569-1-300x160.jpg",300,160,true],"medium_large":["https:\/\/blogopara.com.br\/wp-content\/uploads\/2022\/01\/Cantora-gospel-Ludmila-Ferber-Reproducao-1068x569-1.jpg",500,266,false],"large":["https:\/\/blogopara.com.br\/wp-content\/uploads\/2022\/01\/Cantora-gospel-Ludmila-Ferber-Reproducao-1068x569-1.jpg",500,266,false],"1536x1536":["https:\/\/blogopara.com.br\/wp-content\/uploads\/2022\/01\/Cantora-gospel-Ludmila-Ferber-Reproducao-1068x569-1.jpg",500,266,false],"2048x2048":["https:\/\/blogopara.com.br\/wp-content\/uploads\/2022\/01\/Cantora-gospel-Ludmila-Ferber-Reproducao-1068x569-1.jpg",500,266,false],"mantranews-slider-large":["https:\/\/blogopara.com.br\/wp-content\/uploads\/2022\/01\/Cantora-gospel-Ludmila-Ferber-Reproducao-1068x569-1.jpg",500,266,false],"mantranews-featured-medium":["https:\/\/blogopara.com.br\/wp-content\/uploads\/2022\/01\/Cantora-gospel-Ludmila-Ferber-Reproducao-1068x569-1-420x266.jpg",420,266,true],"mantranews-featured-long":["https:\/\/blogopara.com.br\/wp-content\/uploads\/2022\/01\/Cantora-gospel-Ludmila-Ferber-Reproducao-1068x569-1-300x266.jpg",300,266,true],"mantranews-block-medium":["https:\/\/blogopara.com.br\/wp-content\/uploads\/2022\/01\/Cantora-gospel-Ludmila-Ferber-Reproducao-1068x569-1-464x266.jpg",464,266,true],"mantranews-carousel-image":["https:\/\/blogopara.com.br\/wp-content\/uploads\/2022\/01\/Cantora-gospel-Ludmila-Ferber-Reproducao-1068x569-1.jpg",500,266,false],"mantranews-block-thumb":["https:\/\/blogopara.com.br\/wp-content\/uploads\/2022\/01\/Cantora-gospel-Ludmila-Ferber-Reproducao-1068x569-1-322x230.jpg",322,230,true],"mantranews-single-large":["https:\/\/blogopara.com.br\/wp-content\/uploads\/2022\/01\/Cantora-gospel-Ludmila-Ferber-Reproducao-1068x569-1.jpg",500,266,false]},"uagb_author_info":{"display_name":"Reda\u00e7\u00e3o geral","author_link":"https:\/\/blogopara.com.br\/index.php\/author\/blogopara"},"uagb_comment_info":0,"uagb_excerpt":"A cantora\u00a0gospel\u00a0Ludmila Ferber, de 56 anos de idade, morreu na noite dessa ter\u00e7a-feira (26\/1). As informa\u00e7\u00f5es s\u00e3o da\u00a0Quem. A pastora foi diagnosticada em 2018 com\u00a0c\u00e2ncer. \u201cEm tempos de guerra, nunca pare de lutar\u2019. Hoje estou entrando num momento \u00fanico e surpreendente da minha vida: o tratamento de\u00a0quimioterapia\u201c, contou ela \u00e0 \u00e9poca. O \u00faltimo post de&hellip;","jetpack_sharing_enabled":true,"jetpack_likes_enabled":true,"_links":{"self":[{"href":"https:\/\/blogopara.com.br\/index.php\/wp-json\/wp\/v2\/posts\/33104","targetHints":{"allow":["GET"]}}],"collection":[{"href":"https:\/\/blogopara.com.br\/index.php\/wp-json\/wp\/v2\/posts"}],"about":[{"href":"https:\/\/blogopara.com.br\/index.php\/wp-json\/wp\/v2\/types\/post"}],"author":[{"embeddable":true,"href":"https:\/\/blogopara.com.br\/index.php\/wp-json\/wp\/v2\/users\/1"}],"replies":[{"embeddable":true,"href":"https:\/\/blogopara.com.br\/index.php\/wp-json\/wp\/v2\/comments?post=33104"}],"version-history":[{"count":1,"href":"https:\/\/blogopara.com.br\/index.php\/wp-json\/wp\/v2\/posts\/33104\/revisions"}],"predecessor-version":[{"id":33106,"href":"https:\/\/blogopara.com.br\/index.php\/wp-json\/wp\/v2\/posts\/33104\/revisions\/33106"}],"wp:featuredmedia":[{"embeddable":true,"href":"https:\/\/blogopara.com.br\/index.php\/wp-json\/wp\/v2\/media\/33105"}],"wp:attachment":[{"href":"https:\/\/blogopara.com.br\/index.php\/wp-json\/wp\/v2\/media?parent=33104"}],"wp:term":[{"taxonomy":"category","embeddable":true,"href":"https:\/\/blogopara.com.br\/index.php\/wp-json\/wp\/v2\/categories?post=33104"},{"taxonomy":"post_tag","embeddable":true,"href":"https:\/\/blogopara.com.br\/index.php\/wp-json\/wp\/v2\/tags?post=33104"}],"curies":[{"name":"wp","href":"https:\/\/api.w.org\/{rel}","templated":true}]}}