{"id":33144,"date":"2022-01-27T16:27:00","date_gmt":"2022-01-27T19:27:00","guid":{"rendered":"https:\/\/blogopara.com.br\/?p=33144"},"modified":"2022-01-27T12:36:02","modified_gmt":"2022-01-27T15:36:02","slug":"guarnicao-carcara-01-e-rondesp-3309-recuperam-motocicleta-roubada-no-alto-do-cruzeiro","status":"publish","type":"post","link":"https:\/\/blogopara.com.br\/index.php\/2022\/01\/27\/guarnicao-carcara-01-e-rondesp-3309-recuperam-motocicleta-roubada-no-alto-do-cruzeiro","title":{"rendered":"Guarni\u00e7\u00e3o Carcar\u00e1 01 e Rondesp 3309 recuperam motocicleta roubada, no Alto do Cruzeiro"},"content":{"rendered":"<p style=\"text-align: justify;\">Por volta das 19h45 desta quarta-feira(26) a Guarni\u00e7\u00e3o Carcar\u00e1 01 foi informada pela cicom que uma motocicleta havia sido roubada na rua 10, do bairro Alto do Cruzeiro, em Juazeiro(BA). Junto com a VTR RONDESP 3309, as equipes deslocaram para o Residencial Praia do Rodeadouro e fizeram o cerco a uma resid\u00eancia.<\/p>\n<p style=\"text-align: justify;\">No momento da busca, todas as luzes se apagaram e observou-se que um indiv\u00edduo conseguiu escapar pelos fundos, j\u00e1 que o local impedia o acesso se n\u00e3o fosse atrav\u00e9s do im\u00f3vel.Em seguida, a dona da casa abriu o port\u00e3o e permitiu a entrada dos policiais que fizeram incurs\u00e3o e localizaram na sala apenas a motocicleta de placa RCP-5D92, sendo confirmado logo em seguida que se tratava do ve\u00edculo roubado. Indagada sobre sua proced\u00eancia, ela informou que seu companheiro h\u00e1 pouco tempo o havia guardado no local e que tinha tomado destino ignorado.<\/p>\n<p style=\"text-align: justify;\">Diante dos fatos, a dona da casa foi conduzida para os devidos esclarecimentos, assim como a motocicleta recuperada para a delegacia, a fim de que as medidas cab\u00edveis fossem adotadas.<\/p>\n<p style=\"text-align: justify;\">\n<p style=\"text-align: justify;\">FONTE: ASCOM\/ROTAM CARCAR\u00c1<\/p>\n","protected":false},"excerpt":{"rendered":"<p>Por volta das 19h45 desta quarta-feira(26) a Guarni\u00e7\u00e3o Carcar\u00e1 01 foi informada pela cicom que uma motocicleta havia sido roubada na rua 10, do bairro Alto do Cruzeiro, em Juazeiro(BA). Junto com a VTR RONDESP 3309, as equipes deslocaram para o Residencial Praia do Rodeadouro e fizeram o cerco a uma resid\u00eancia. No momento da [&hellip;]<\/p>\n","protected":false},"author":1,"featured_media":33145,"comment_status":"closed","ping_status":"open","sticky":false,"template":"","format":"standard","meta":{"_uag_custom_page_level_css":"","_monsterinsights_skip_tracking":false,"_monsterinsights_sitenote_active":false,"_monsterinsights_sitenote_note":"","_monsterinsights_sitenote_category":0,"jetpack_post_was_ever_published":false,"_jetpack_newsletter_access":"","_jetpack_dont_email_post_to_subs":false,"_jetpack_newsletter_tier_id":0,"_jetpack_memberships_contains_paywalled_content":false,"_jetpack_memberships_contains_paid_content":false,"footnotes":"","jetpack_publicize_message":"","jetpack_publicize_feature_enabled":true,"jetpack_social_post_already_shared":true,"jetpack_social_options":{"image_generator_settings":{"template":"highway","default_image_id":0,"font":"","enabled":false},"version":2}},"categories":[203],"tags":[945,3127,7447,7446],"class_list":["post-33144","post","type-post","status-publish","format-standard","has-post-thumbnail","hentry","category-juazeiro","tag-alto-do-cruzeiro","tag-guarnicao-carcara-01","tag-recuperam-motocicleta-roubada","tag-rondesp-3309"],"jetpack_publicize_connections":[],"jetpack_featured_media_url":"https:\/\/blogopara.com.br\/wp-content\/uploads\/2022\/01\/WhatsApp-Image-2022-01-27-at-11.50.20-1.jpeg","uagb_featured_image_src":{"full":["https:\/\/blogopara.com.br\/wp-content\/uploads\/2022\/01\/WhatsApp-Image-2022-01-27-at-11.50.20-1.jpeg",500,500,false],"thumbnail":["https:\/\/blogopara.com.br\/wp-content\/uploads\/2022\/01\/WhatsApp-Image-2022-01-27-at-11.50.20-1-150x150.jpeg",150,150,true],"medium":["https:\/\/blogopara.com.br\/wp-content\/uploads\/2022\/01\/WhatsApp-Image-2022-01-27-at-11.50.20-1-300x300.jpeg",300,300,true],"medium_large":["https:\/\/blogopara.com.br\/wp-content\/uploads\/2022\/01\/WhatsApp-Image-2022-01-27-at-11.50.20-1.jpeg",500,500,false],"large":["https:\/\/blogopara.com.br\/wp-content\/uploads\/2022\/01\/WhatsApp-Image-2022-01-27-at-11.50.20-1.jpeg",500,500,false],"1536x1536":["https:\/\/blogopara.com.br\/wp-content\/uploads\/2022\/01\/WhatsApp-Image-2022-01-27-at-11.50.20-1.jpeg",500,500,false],"2048x2048":["https:\/\/blogopara.com.br\/wp-content\/uploads\/2022\/01\/WhatsApp-Image-2022-01-27-at-11.50.20-1.jpeg",500,500,false],"mantranews-slider-large":["https:\/\/blogopara.com.br\/wp-content\/uploads\/2022\/01\/WhatsApp-Image-2022-01-27-at-11.50.20-1.jpeg",500,500,false],"mantranews-featured-medium":["https:\/\/blogopara.com.br\/wp-content\/uploads\/2022\/01\/WhatsApp-Image-2022-01-27-at-11.50.20-1-420x307.jpeg",420,307,true],"mantranews-featured-long":["https:\/\/blogopara.com.br\/wp-content\/uploads\/2022\/01\/WhatsApp-Image-2022-01-27-at-11.50.20-1-300x443.jpeg",300,443,true],"mantranews-block-medium":["https:\/\/blogopara.com.br\/wp-content\/uploads\/2022\/01\/WhatsApp-Image-2022-01-27-at-11.50.20-1-464x290.jpeg",464,290,true],"mantranews-carousel-image":["https:\/\/blogopara.com.br\/wp-content\/uploads\/2022\/01\/WhatsApp-Image-2022-01-27-at-11.50.20-1.jpeg",500,500,false],"mantranews-block-thumb":["https:\/\/blogopara.com.br\/wp-content\/uploads\/2022\/01\/WhatsApp-Image-2022-01-27-at-11.50.20-1-322x230.jpeg",322,230,true],"mantranews-single-large":["https:\/\/blogopara.com.br\/wp-content\/uploads\/2022\/01\/WhatsApp-Image-2022-01-27-at-11.50.20-1.jpeg",500,500,false]},"uagb_author_info":{"display_name":"Reda\u00e7\u00e3o geral","author_link":"https:\/\/blogopara.com.br\/index.php\/author\/blogopara"},"uagb_comment_info":0,"uagb_excerpt":"Por volta das 19h45 desta quarta-feira(26) a Guarni\u00e7\u00e3o Carcar\u00e1 01 foi informada pela cicom que uma motocicleta havia sido roubada na rua 10, do bairro Alto do Cruzeiro, em Juazeiro(BA). Junto com a VTR RONDESP 3309, as equipes deslocaram para o Residencial Praia do Rodeadouro e fizeram o cerco a uma resid\u00eancia. No momento da&hellip;","jetpack_sharing_enabled":true,"jetpack_likes_enabled":true,"_links":{"self":[{"href":"https:\/\/blogopara.com.br\/index.php\/wp-json\/wp\/v2\/posts\/33144","targetHints":{"allow":["GET"]}}],"collection":[{"href":"https:\/\/blogopara.com.br\/index.php\/wp-json\/wp\/v2\/posts"}],"about":[{"href":"https:\/\/blogopara.com.br\/index.php\/wp-json\/wp\/v2\/types\/post"}],"author":[{"embeddable":true,"href":"https:\/\/blogopara.com.br\/index.php\/wp-json\/wp\/v2\/users\/1"}],"replies":[{"embeddable":true,"href":"https:\/\/blogopara.com.br\/index.php\/wp-json\/wp\/v2\/comments?post=33144"}],"version-history":[{"count":1,"href":"https:\/\/blogopara.com.br\/index.php\/wp-json\/wp\/v2\/posts\/33144\/revisions"}],"predecessor-version":[{"id":33146,"href":"https:\/\/blogopara.com.br\/index.php\/wp-json\/wp\/v2\/posts\/33144\/revisions\/33146"}],"wp:featuredmedia":[{"embeddable":true,"href":"https:\/\/blogopara.com.br\/index.php\/wp-json\/wp\/v2\/media\/33145"}],"wp:attachment":[{"href":"https:\/\/blogopara.com.br\/index.php\/wp-json\/wp\/v2\/media?parent=33144"}],"wp:term":[{"taxonomy":"category","embeddable":true,"href":"https:\/\/blogopara.com.br\/index.php\/wp-json\/wp\/v2\/categories?post=33144"},{"taxonomy":"post_tag","embeddable":true,"href":"https:\/\/blogopara.com.br\/index.php\/wp-json\/wp\/v2\/tags?post=33144"}],"curies":[{"name":"wp","href":"https:\/\/api.w.org\/{rel}","templated":true}]}}