{"id":33155,"date":"2022-01-28T17:16:00","date_gmt":"2022-01-28T20:16:00","guid":{"rendered":"https:\/\/blogopara.com.br\/?p=33155"},"modified":"2022-01-27T17:18:37","modified_gmt":"2022-01-27T20:18:37","slug":"ciro-fala-de-esquerdismo-infantil-e-diz-que-estado-deve-arbitrar-pouco-em-pauta-de-costumes","status":"publish","type":"post","link":"https:\/\/blogopara.com.br\/index.php\/2022\/01\/28\/ciro-fala-de-esquerdismo-infantil-e-diz-que-estado-deve-arbitrar-pouco-em-pauta-de-costumes","title":{"rendered":"Ciro fala de \u2018esquerdismo infantil\u2019 e diz que Estado deve arbitrar pouco em pauta de costumes"},"content":{"rendered":"<p style=\"text-align: justify;\">Ap\u00f3s reafirmar sua posi\u00e7\u00e3o pol\u00edtico-ideol\u00f3gica como centro-esquerda, Ciro Gomes (PDT) criticou o que chamou de \u201cesquerda infantil\u201d e a apropria\u00e7\u00e3o de pautas identit\u00e1rias e de costumes no Brasil.<\/p>\n<p style=\"text-align: justify;\">\u201cEssa esquerdinha que perdeu a no\u00e7\u00e3o depois que perdeu o norte com o fim da Uni\u00e3o Sovi\u00e9tica, a queda do Muro de Berlim, se refugiou numa pauta identit\u00e1ria. Pega quest\u00f5es que s\u00e3o importantes, a quest\u00e3o dos negros e a discrimina\u00e7\u00e3o e o preconceito racial, a quest\u00e3o das mulheres, a quest\u00e3o das comunidades LGBTQI+ que sofrem \u2013 \u00e9 o lugar que mais mata gente por identidade de g\u00eanero \u00e9 o Brasil -. E eles pegam essas quest\u00f5es, que s\u00e3o graves, e substituem no debate pol\u00edtico a luta pela mudan\u00e7a. Ou seja, eles n\u00e3o mexem em juros, n\u00e3o mexem em sistema de imposto, n\u00e3o tocam nos bares, nos ricos, e ficam parecendo que s\u00e3o solid\u00e1rios com a causa dos discriminados, copiando uma esp\u00e9cie de esquerdismo infantil\u201d, declarou o pr\u00e9-candidato \u00e0 presid\u00eancia, em entrevista \u00e0 R\u00e1dio Nova Brasil, na manh\u00e3 desta quinta-feira (27). \u201cE a\u00ed colidem com a moral popular\u201d, arrematou.<\/p>\n<p style=\"text-align: justify;\">Dizendo \u201cestar noutra\u201d, o ex-ministro fez um aceno aos conservadores e disse que na sua avalia\u00e7\u00e3o \u201corganizar a fam\u00edlia, educar os filhos, \u00e9 tarefa que o governo deve entrar o m\u00ednimo poss\u00edvel\u201d. \u201cA gente tem que proteger a liberdade religiosa, proteger a fam\u00edlia, que \u00e9 a c\u00e9lula m\u00e1tria da organiza\u00e7\u00e3o da sociedade, embora, pra mim, eu considero, como Lulu Santos, o nosso belo poeta, justa toda forma de amor. E eu acho que o Estado tem que garantir essas liberdades, respeitar a diferen\u00e7a, a diversidade, mas s\u00f3 at\u00e9 ai\u201d, afirmou.<\/p>\n<p style=\"text-align: justify;\">Para a economia, no entanto, Ciro disse que, caso eleito, pretende ser mais intervencionista, \u201cQuero cobrar imposto dos mais ricos e fazer uma escola p\u00fablica decente, uma sa\u00fade decente e uma oportunidade de trabalho decente pra maioria do povo que hoje n\u00e3o tem\u201d, declarou.<\/p>\n","protected":false},"excerpt":{"rendered":"<p>Ap\u00f3s reafirmar sua posi\u00e7\u00e3o pol\u00edtico-ideol\u00f3gica como centro-esquerda, Ciro Gomes (PDT) criticou o que chamou de \u201cesquerda infantil\u201d e a apropria\u00e7\u00e3o de pautas identit\u00e1rias e de costumes no Brasil. \u201cEssa esquerdinha que perdeu a no\u00e7\u00e3o depois que perdeu o norte com o fim da Uni\u00e3o Sovi\u00e9tica, a queda do Muro de Berlim, se refugiou numa pauta [&hellip;]<\/p>\n","protected":false},"author":1,"featured_media":33156,"comment_status":"closed","ping_status":"open","sticky":false,"template":"","format":"standard","meta":{"_uag_custom_page_level_css":"","_monsterinsights_skip_tracking":false,"_monsterinsights_sitenote_active":false,"_monsterinsights_sitenote_note":"","_monsterinsights_sitenote_category":0,"jetpack_post_was_ever_published":false,"_jetpack_newsletter_access":"","_jetpack_dont_email_post_to_subs":false,"_jetpack_newsletter_tier_id":0,"_jetpack_memberships_contains_paywalled_content":false,"_jetpack_memberships_contains_paid_content":false,"footnotes":"","jetpack_publicize_message":"","jetpack_publicize_feature_enabled":true,"jetpack_social_post_already_shared":true,"jetpack_social_options":{"image_generator_settings":{"template":"highway","default_image_id":0,"font":"","enabled":false},"version":2}},"categories":[200,197],"tags":[],"class_list":["post-33155","post","type-post","status-publish","format-standard","has-post-thumbnail","hentry","category-brasil","category-politica"],"jetpack_publicize_connections":[],"jetpack_featured_media_url":"https:\/\/blogopara.com.br\/wp-content\/uploads\/2022\/01\/ciro-2.png","uagb_featured_image_src":{"full":["https:\/\/blogopara.com.br\/wp-content\/uploads\/2022\/01\/ciro-2.png",500,350,false],"thumbnail":["https:\/\/blogopara.com.br\/wp-content\/uploads\/2022\/01\/ciro-2-150x150.png",150,150,true],"medium":["https:\/\/blogopara.com.br\/wp-content\/uploads\/2022\/01\/ciro-2-300x210.png",300,210,true],"medium_large":["https:\/\/blogopara.com.br\/wp-content\/uploads\/2022\/01\/ciro-2.png",500,350,false],"large":["https:\/\/blogopara.com.br\/wp-content\/uploads\/2022\/01\/ciro-2.png",500,350,false],"1536x1536":["https:\/\/blogopara.com.br\/wp-content\/uploads\/2022\/01\/ciro-2.png",500,350,false],"2048x2048":["https:\/\/blogopara.com.br\/wp-content\/uploads\/2022\/01\/ciro-2.png",500,350,false],"mantranews-slider-large":["https:\/\/blogopara.com.br\/wp-content\/uploads\/2022\/01\/ciro-2.png",500,350,false],"mantranews-featured-medium":["https:\/\/blogopara.com.br\/wp-content\/uploads\/2022\/01\/ciro-2-420x307.png",420,307,true],"mantranews-featured-long":["https:\/\/blogopara.com.br\/wp-content\/uploads\/2022\/01\/ciro-2-300x350.png",300,350,true],"mantranews-block-medium":["https:\/\/blogopara.com.br\/wp-content\/uploads\/2022\/01\/ciro-2-464x290.png",464,290,true],"mantranews-carousel-image":["https:\/\/blogopara.com.br\/wp-content\/uploads\/2022\/01\/ciro-2.png",500,350,false],"mantranews-block-thumb":["https:\/\/blogopara.com.br\/wp-content\/uploads\/2022\/01\/ciro-2-322x230.png",322,230,true],"mantranews-single-large":["https:\/\/blogopara.com.br\/wp-content\/uploads\/2022\/01\/ciro-2.png",500,350,false]},"uagb_author_info":{"display_name":"Reda\u00e7\u00e3o geral","author_link":"https:\/\/blogopara.com.br\/index.php\/author\/blogopara"},"uagb_comment_info":0,"uagb_excerpt":"Ap\u00f3s reafirmar sua posi\u00e7\u00e3o pol\u00edtico-ideol\u00f3gica como centro-esquerda, Ciro Gomes (PDT) criticou o que chamou de \u201cesquerda infantil\u201d e a apropria\u00e7\u00e3o de pautas identit\u00e1rias e de costumes no Brasil. \u201cEssa esquerdinha que perdeu a no\u00e7\u00e3o depois que perdeu o norte com o fim da Uni\u00e3o Sovi\u00e9tica, a queda do Muro de Berlim, se refugiou numa pauta&hellip;","jetpack_sharing_enabled":true,"jetpack_likes_enabled":true,"_links":{"self":[{"href":"https:\/\/blogopara.com.br\/index.php\/wp-json\/wp\/v2\/posts\/33155","targetHints":{"allow":["GET"]}}],"collection":[{"href":"https:\/\/blogopara.com.br\/index.php\/wp-json\/wp\/v2\/posts"}],"about":[{"href":"https:\/\/blogopara.com.br\/index.php\/wp-json\/wp\/v2\/types\/post"}],"author":[{"embeddable":true,"href":"https:\/\/blogopara.com.br\/index.php\/wp-json\/wp\/v2\/users\/1"}],"replies":[{"embeddable":true,"href":"https:\/\/blogopara.com.br\/index.php\/wp-json\/wp\/v2\/comments?post=33155"}],"version-history":[{"count":1,"href":"https:\/\/blogopara.com.br\/index.php\/wp-json\/wp\/v2\/posts\/33155\/revisions"}],"predecessor-version":[{"id":33157,"href":"https:\/\/blogopara.com.br\/index.php\/wp-json\/wp\/v2\/posts\/33155\/revisions\/33157"}],"wp:featuredmedia":[{"embeddable":true,"href":"https:\/\/blogopara.com.br\/index.php\/wp-json\/wp\/v2\/media\/33156"}],"wp:attachment":[{"href":"https:\/\/blogopara.com.br\/index.php\/wp-json\/wp\/v2\/media?parent=33155"}],"wp:term":[{"taxonomy":"category","embeddable":true,"href":"https:\/\/blogopara.com.br\/index.php\/wp-json\/wp\/v2\/categories?post=33155"},{"taxonomy":"post_tag","embeddable":true,"href":"https:\/\/blogopara.com.br\/index.php\/wp-json\/wp\/v2\/tags?post=33155"}],"curies":[{"name":"wp","href":"https:\/\/api.w.org\/{rel}","templated":true}]}}