{"id":33159,"date":"2022-01-28T07:47:00","date_gmt":"2022-01-28T10:47:00","guid":{"rendered":"https:\/\/blogopara.com.br\/?p=33159"},"modified":"2022-01-27T17:22:53","modified_gmt":"2022-01-27T20:22:53","slug":"pdt-oficializa-pre-candidatura-de-ciro-gomes","status":"publish","type":"post","link":"https:\/\/blogopara.com.br\/index.php\/2022\/01\/28\/pdt-oficializa-pre-candidatura-de-ciro-gomes","title":{"rendered":"PDT oficializa pr\u00e9-candidatura de Ciro Gomes"},"content":{"rendered":"<p style=\"text-align: justify;\">O ex-governador do Cear\u00e1, Ciro Gomes (PDT-CE), oficializar\u00e1, nesta sexta-feira (21), sua pr\u00e9-candidatura \u00e0 Presid\u00eancia da Rep\u00fablica pela sigla, durante a Conven\u00e7\u00e3o Nacional do partido, marcada para \u00e0s 16h desta sexta-feira (21), em Bras\u00edlia.\u00a0O pr\u00e9-candidato estar\u00e1 acompanhado do presidente nacional do PDT, Carlos Luppi, bem como do Cabo Daciolo, que realiza sua filia\u00e7\u00e3o oficial ao partido.<\/p>\n<p style=\"text-align: justify;\">Nos bastidores, o nome de Ciro vinha passando por altos e baixos e quase chegou a ser desvinculado da candidatura, uma vez que as pesquisas de inten\u00e7\u00e3o de voto divulgadas no in\u00edcio de janeiro\u00a0apontavam um cen\u00e1rio de 4\u00ba lugar na corrida para o \u201cRebelde\u201d \u2013 principal slogan da campanha de Ciro, arquitetado por Jo\u00e3o Santana, marqueteiro da ex-presidenta Dilma Rousseff em 2014 -, atr\u00e1s de S\u00e9rgio Moro (Podemos), Jair Bolsonaro (PL) e Luiz In\u00e1cio Lula da Silva\u00a0(PT).<\/p>\n<p style=\"text-align: justify;\">De acordo com a\u00a0<a href=\"https:\/\/bahia.ba\/eleicoes2022\/lula-aparece-com-45-das-intencoes-de-voto-em-1a-pesquisa-de-2022\/\" target=\"_blank\" rel=\"noopener\">pesquisa da Genial\/Quaest<\/a>, divulgada em 12 de janeiro, o ex-presidente petista tem 45% das inten\u00e7\u00f5es, e Ciro apenas 5%, estando empatado com Moro \u2013\u00a0este com 9% \u2013\u00a0no limite da margem de erro de 2 pontos percentuais.<\/p>\n","protected":false},"excerpt":{"rendered":"<p>O ex-governador do Cear\u00e1, Ciro Gomes (PDT-CE), oficializar\u00e1, nesta sexta-feira (21), sua pr\u00e9-candidatura \u00e0 Presid\u00eancia da Rep\u00fablica pela sigla, durante a Conven\u00e7\u00e3o Nacional do partido, marcada para \u00e0s 16h desta sexta-feira (21), em Bras\u00edlia.\u00a0O pr\u00e9-candidato estar\u00e1 acompanhado do presidente nacional do PDT, Carlos Luppi, bem como do Cabo Daciolo, que realiza sua filia\u00e7\u00e3o oficial ao [&hellip;]<\/p>\n","protected":false},"author":1,"featured_media":29297,"comment_status":"closed","ping_status":"open","sticky":false,"template":"","format":"standard","meta":{"_uag_custom_page_level_css":"","_monsterinsights_skip_tracking":false,"_monsterinsights_sitenote_active":false,"_monsterinsights_sitenote_note":"","_monsterinsights_sitenote_category":0,"jetpack_post_was_ever_published":false,"_jetpack_newsletter_access":"","_jetpack_dont_email_post_to_subs":false,"_jetpack_newsletter_tier_id":0,"_jetpack_memberships_contains_paywalled_content":false,"_jetpack_memberships_contains_paid_content":false,"footnotes":"","jetpack_publicize_message":"","jetpack_publicize_feature_enabled":true,"jetpack_social_post_already_shared":true,"jetpack_social_options":{"image_generator_settings":{"template":"highway","default_image_id":0,"font":"","enabled":false},"version":2}},"categories":[200,197],"tags":[],"class_list":["post-33159","post","type-post","status-publish","format-standard","has-post-thumbnail","hentry","category-brasil","category-politica"],"jetpack_publicize_connections":[],"jetpack_featured_media_url":"https:\/\/blogopara.com.br\/wp-content\/uploads\/2021\/10\/CiroGomes-final-com-recorte-1-1024x699-1.jpg","uagb_featured_image_src":{"full":["https:\/\/blogopara.com.br\/wp-content\/uploads\/2021\/10\/CiroGomes-final-com-recorte-1-1024x699-1.jpg",500,341,false],"thumbnail":["https:\/\/blogopara.com.br\/wp-content\/uploads\/2021\/10\/CiroGomes-final-com-recorte-1-1024x699-1-150x150.jpg",150,150,true],"medium":["https:\/\/blogopara.com.br\/wp-content\/uploads\/2021\/10\/CiroGomes-final-com-recorte-1-1024x699-1-300x205.jpg",300,205,true],"medium_large":["https:\/\/blogopara.com.br\/wp-content\/uploads\/2021\/10\/CiroGomes-final-com-recorte-1-1024x699-1.jpg",500,341,false],"large":["https:\/\/blogopara.com.br\/wp-content\/uploads\/2021\/10\/CiroGomes-final-com-recorte-1-1024x699-1.jpg",500,341,false],"1536x1536":["https:\/\/blogopara.com.br\/wp-content\/uploads\/2021\/10\/CiroGomes-final-com-recorte-1-1024x699-1.jpg",500,341,false],"2048x2048":["https:\/\/blogopara.com.br\/wp-content\/uploads\/2021\/10\/CiroGomes-final-com-recorte-1-1024x699-1.jpg",500,341,false],"mantranews-slider-large":["https:\/\/blogopara.com.br\/wp-content\/uploads\/2021\/10\/CiroGomes-final-com-recorte-1-1024x699-1.jpg",500,341,false],"mantranews-featured-medium":["https:\/\/blogopara.com.br\/wp-content\/uploads\/2021\/10\/CiroGomes-final-com-recorte-1-1024x699-1-420x307.jpg",420,307,true],"mantranews-featured-long":["https:\/\/blogopara.com.br\/wp-content\/uploads\/2021\/10\/CiroGomes-final-com-recorte-1-1024x699-1-300x341.jpg",300,341,true],"mantranews-block-medium":["https:\/\/blogopara.com.br\/wp-content\/uploads\/2021\/10\/CiroGomes-final-com-recorte-1-1024x699-1-464x290.jpg",464,290,true],"mantranews-carousel-image":["https:\/\/blogopara.com.br\/wp-content\/uploads\/2021\/10\/CiroGomes-final-com-recorte-1-1024x699-1.jpg",500,341,false],"mantranews-block-thumb":["https:\/\/blogopara.com.br\/wp-content\/uploads\/2021\/10\/CiroGomes-final-com-recorte-1-1024x699-1-322x230.jpg",322,230,true],"mantranews-single-large":["https:\/\/blogopara.com.br\/wp-content\/uploads\/2021\/10\/CiroGomes-final-com-recorte-1-1024x699-1.jpg",500,341,false]},"uagb_author_info":{"display_name":"Reda\u00e7\u00e3o geral","author_link":"https:\/\/blogopara.com.br\/index.php\/author\/blogopara"},"uagb_comment_info":0,"uagb_excerpt":"O ex-governador do Cear\u00e1, Ciro Gomes (PDT-CE), oficializar\u00e1, nesta sexta-feira (21), sua pr\u00e9-candidatura \u00e0 Presid\u00eancia da Rep\u00fablica pela sigla, durante a Conven\u00e7\u00e3o Nacional do partido, marcada para \u00e0s 16h desta sexta-feira (21), em Bras\u00edlia.\u00a0O pr\u00e9-candidato estar\u00e1 acompanhado do presidente nacional do PDT, Carlos Luppi, bem como do Cabo Daciolo, que realiza sua filia\u00e7\u00e3o oficial ao&hellip;","jetpack_sharing_enabled":true,"jetpack_likes_enabled":true,"_links":{"self":[{"href":"https:\/\/blogopara.com.br\/index.php\/wp-json\/wp\/v2\/posts\/33159","targetHints":{"allow":["GET"]}}],"collection":[{"href":"https:\/\/blogopara.com.br\/index.php\/wp-json\/wp\/v2\/posts"}],"about":[{"href":"https:\/\/blogopara.com.br\/index.php\/wp-json\/wp\/v2\/types\/post"}],"author":[{"embeddable":true,"href":"https:\/\/blogopara.com.br\/index.php\/wp-json\/wp\/v2\/users\/1"}],"replies":[{"embeddable":true,"href":"https:\/\/blogopara.com.br\/index.php\/wp-json\/wp\/v2\/comments?post=33159"}],"version-history":[{"count":1,"href":"https:\/\/blogopara.com.br\/index.php\/wp-json\/wp\/v2\/posts\/33159\/revisions"}],"predecessor-version":[{"id":33160,"href":"https:\/\/blogopara.com.br\/index.php\/wp-json\/wp\/v2\/posts\/33159\/revisions\/33160"}],"wp:featuredmedia":[{"embeddable":true,"href":"https:\/\/blogopara.com.br\/index.php\/wp-json\/wp\/v2\/media\/29297"}],"wp:attachment":[{"href":"https:\/\/blogopara.com.br\/index.php\/wp-json\/wp\/v2\/media?parent=33159"}],"wp:term":[{"taxonomy":"category","embeddable":true,"href":"https:\/\/blogopara.com.br\/index.php\/wp-json\/wp\/v2\/categories?post=33159"},{"taxonomy":"post_tag","embeddable":true,"href":"https:\/\/blogopara.com.br\/index.php\/wp-json\/wp\/v2\/tags?post=33159"}],"curies":[{"name":"wp","href":"https:\/\/api.w.org\/{rel}","templated":true}]}}