{"id":33199,"date":"2022-01-29T08:46:00","date_gmt":"2022-01-29T11:46:00","guid":{"rendered":"https:\/\/blogopara.com.br\/?p=33199"},"modified":"2022-01-28T23:16:18","modified_gmt":"2022-01-29T02:16:18","slug":"prefeitura-de-juazeiro-reune-equipe-tecnica-para-discutir-protocolos-de-biosseguranca-das-familias-abrigadas-no-colegio-paulo-vi","status":"publish","type":"post","link":"https:\/\/blogopara.com.br\/index.php\/2022\/01\/29\/prefeitura-de-juazeiro-reune-equipe-tecnica-para-discutir-protocolos-de-biosseguranca-das-familias-abrigadas-no-colegio-paulo-vi","title":{"rendered":"Prefeitura de Juazeiro re\u00fane equipe t\u00e9cnica para discutir protocolos de biosseguran\u00e7a das fam\u00edlias abrigadas no Col\u00e9gio Paulo VI"},"content":{"rendered":"<p style=\"font-weight: 400; text-align: justify;\">Representantes de v\u00e1rias secretarias da Prefeitura de Juazeiro, reuniram-se nesta sexta-feira (28) para rediscutir os protocolos de biosseguran\u00e7a das fam\u00edlias de moradores do bairro Angary que est\u00e3o abrigadas no Col\u00e9gio Municipal Paulo VI. A reuni\u00e3o tra\u00e7ou diretrizes no \u00e2mbito social, bem como de enfrentamento \u00e0 pandemia da Covid-19 e epidemia de Influenza.<\/p>\n<p style=\"font-weight: 400; text-align: justify;\">Participaram da reuni\u00e3o, representantes da Vigil\u00e2ncia Sanit\u00e1ria e Epidemiol\u00f3gica da Secretaria de Sa\u00fade (Sesau), membros da Secretaria de Desenvolvimento Social, Mulher e Diversidade (Sedes), da Secretaria de Educa\u00e7\u00e3o, da Companhia de Seguran\u00e7a, Tr\u00e2nsito e Transporte (CSTT) atrav\u00e9s da Guarda Municipal e das empresas terceirizadas respons\u00e1veis pela alimenta\u00e7\u00e3o das fam\u00edlias e desinfec\u00e7\u00e3o de ambientes.<\/p>\n<p style=\"font-weight: 400; text-align: justify;\">O diretor de Vigil\u00e2ncia em Sa\u00fade da Sesau, Djama Amorim, explicou que essas reuni\u00f5es ocorrem com frequ\u00eancia, justamente para discutir os cuidados com estas fam\u00edlias de acordo com o cen\u00e1rio epidemiol\u00f3gico. \u201cA Sesau j\u00e1 vem discutindo com as demais secretarias. Essa reuni\u00e3o \u00e9 de avalia\u00e7\u00e3o e de ajuste das medidas j\u00e1 adotadas, um redirecionamento, de acordo com o cen\u00e1rio epidemiol\u00f3gico\u201d, disse.<\/p>\n<p style=\"font-weight: 400; text-align: justify;\">No Col\u00e9gio Paulo VI est\u00e3o abrigadas 47 pessoas de 13 fam\u00edlias que precisaram sair de suas resid\u00eancias devido \u00e0 cheia do rio S\u00e3o Francisco e \u00e0 chuva que caiu na cidade. O diretor da Prote\u00e7\u00e3o Social B\u00e1sica da Sedes, Jadilson Oliveira, destacou que essa for\u00e7a-tarefa entre as secretarias da Prefeitura de Juazeiro faz parte do cuidado da prefeita Suzana Ramos. \u201cO tempo todo a nossa gestora, a prefeita Suzana Ramos, se preocupa com essas fam\u00edlias e, n\u00f3s criamos estrat\u00e9gias para melhor atender essas pessoas\u201d, declarou.<\/p>\n<p style=\"font-weight: 400; text-align: justify;\">Ascom Sesau PMJ<\/p>\n<p style=\"font-weight: 400; text-align: justify;\">\n","protected":false},"excerpt":{"rendered":"<p>Representantes de v\u00e1rias secretarias da Prefeitura de Juazeiro, reuniram-se nesta sexta-feira (28) para rediscutir os protocolos de biosseguran\u00e7a das fam\u00edlias de moradores do bairro Angary que est\u00e3o abrigadas no Col\u00e9gio Municipal Paulo VI. A reuni\u00e3o tra\u00e7ou diretrizes no \u00e2mbito social, bem como de enfrentamento \u00e0 pandemia da Covid-19 e epidemia de Influenza. Participaram da reuni\u00e3o, [&hellip;]<\/p>\n","protected":false},"author":1,"featured_media":33200,"comment_status":"closed","ping_status":"open","sticky":false,"template":"","format":"standard","meta":{"_uag_custom_page_level_css":"","_monsterinsights_skip_tracking":false,"_monsterinsights_sitenote_active":false,"_monsterinsights_sitenote_note":"","_monsterinsights_sitenote_category":0,"jetpack_post_was_ever_published":false,"_jetpack_newsletter_access":"","_jetpack_dont_email_post_to_subs":false,"_jetpack_newsletter_tier_id":0,"_jetpack_memberships_contains_paywalled_content":false,"_jetpack_memberships_contains_paid_content":false,"footnotes":"","jetpack_publicize_message":"","jetpack_publicize_feature_enabled":true,"jetpack_social_post_already_shared":true,"jetpack_social_options":{"image_generator_settings":{"template":"highway","default_image_id":0,"font":"","enabled":false},"version":2}},"categories":[203],"tags":[7466,7465,7464,7467,340],"class_list":["post-33199","post","type-post","status-publish","format-standard","has-post-thumbnail","hentry","category-juazeiro","tag-bioseguranca","tag-discuti-protocolo","tag-equipe-tecnica","tag-familias-abrigadas","tag-prefeitura-de-juazeiro"],"jetpack_publicize_connections":[],"jetpack_featured_media_url":"https:\/\/blogopara.com.br\/wp-content\/uploads\/2022\/01\/Reuniao-2-1.jpeg","uagb_featured_image_src":{"full":["https:\/\/blogopara.com.br\/wp-content\/uploads\/2022\/01\/Reuniao-2-1.jpeg",500,230,false],"thumbnail":["https:\/\/blogopara.com.br\/wp-content\/uploads\/2022\/01\/Reuniao-2-1-150x150.jpeg",150,150,true],"medium":["https:\/\/blogopara.com.br\/wp-content\/uploads\/2022\/01\/Reuniao-2-1-300x138.jpeg",300,138,true],"medium_large":["https:\/\/blogopara.com.br\/wp-content\/uploads\/2022\/01\/Reuniao-2-1.jpeg",500,230,false],"large":["https:\/\/blogopara.com.br\/wp-content\/uploads\/2022\/01\/Reuniao-2-1.jpeg",500,230,false],"1536x1536":["https:\/\/blogopara.com.br\/wp-content\/uploads\/2022\/01\/Reuniao-2-1.jpeg",500,230,false],"2048x2048":["https:\/\/blogopara.com.br\/wp-content\/uploads\/2022\/01\/Reuniao-2-1.jpeg",500,230,false],"mantranews-slider-large":["https:\/\/blogopara.com.br\/wp-content\/uploads\/2022\/01\/Reuniao-2-1.jpeg",500,230,false],"mantranews-featured-medium":["https:\/\/blogopara.com.br\/wp-content\/uploads\/2022\/01\/Reuniao-2-1-420x230.jpeg",420,230,true],"mantranews-featured-long":["https:\/\/blogopara.com.br\/wp-content\/uploads\/2022\/01\/Reuniao-2-1-300x230.jpeg",300,230,true],"mantranews-block-medium":["https:\/\/blogopara.com.br\/wp-content\/uploads\/2022\/01\/Reuniao-2-1-464x230.jpeg",464,230,true],"mantranews-carousel-image":["https:\/\/blogopara.com.br\/wp-content\/uploads\/2022\/01\/Reuniao-2-1.jpeg",500,230,false],"mantranews-block-thumb":["https:\/\/blogopara.com.br\/wp-content\/uploads\/2022\/01\/Reuniao-2-1-322x230.jpeg",322,230,true],"mantranews-single-large":["https:\/\/blogopara.com.br\/wp-content\/uploads\/2022\/01\/Reuniao-2-1.jpeg",500,230,false]},"uagb_author_info":{"display_name":"Reda\u00e7\u00e3o geral","author_link":"https:\/\/blogopara.com.br\/index.php\/author\/blogopara"},"uagb_comment_info":0,"uagb_excerpt":"Representantes de v\u00e1rias secretarias da Prefeitura de Juazeiro, reuniram-se nesta sexta-feira (28) para rediscutir os protocolos de biosseguran\u00e7a das fam\u00edlias de moradores do bairro Angary que est\u00e3o abrigadas no Col\u00e9gio Municipal Paulo VI. A reuni\u00e3o tra\u00e7ou diretrizes no \u00e2mbito social, bem como de enfrentamento \u00e0 pandemia da Covid-19 e epidemia de Influenza. Participaram da reuni\u00e3o,&hellip;","jetpack_sharing_enabled":true,"jetpack_likes_enabled":true,"_links":{"self":[{"href":"https:\/\/blogopara.com.br\/index.php\/wp-json\/wp\/v2\/posts\/33199","targetHints":{"allow":["GET"]}}],"collection":[{"href":"https:\/\/blogopara.com.br\/index.php\/wp-json\/wp\/v2\/posts"}],"about":[{"href":"https:\/\/blogopara.com.br\/index.php\/wp-json\/wp\/v2\/types\/post"}],"author":[{"embeddable":true,"href":"https:\/\/blogopara.com.br\/index.php\/wp-json\/wp\/v2\/users\/1"}],"replies":[{"embeddable":true,"href":"https:\/\/blogopara.com.br\/index.php\/wp-json\/wp\/v2\/comments?post=33199"}],"version-history":[{"count":1,"href":"https:\/\/blogopara.com.br\/index.php\/wp-json\/wp\/v2\/posts\/33199\/revisions"}],"predecessor-version":[{"id":33201,"href":"https:\/\/blogopara.com.br\/index.php\/wp-json\/wp\/v2\/posts\/33199\/revisions\/33201"}],"wp:featuredmedia":[{"embeddable":true,"href":"https:\/\/blogopara.com.br\/index.php\/wp-json\/wp\/v2\/media\/33200"}],"wp:attachment":[{"href":"https:\/\/blogopara.com.br\/index.php\/wp-json\/wp\/v2\/media?parent=33199"}],"wp:term":[{"taxonomy":"category","embeddable":true,"href":"https:\/\/blogopara.com.br\/index.php\/wp-json\/wp\/v2\/categories?post=33199"},{"taxonomy":"post_tag","embeddable":true,"href":"https:\/\/blogopara.com.br\/index.php\/wp-json\/wp\/v2\/tags?post=33199"}],"curies":[{"name":"wp","href":"https:\/\/api.w.org\/{rel}","templated":true}]}}