{"id":33205,"date":"2022-01-29T10:30:00","date_gmt":"2022-01-29T13:30:00","guid":{"rendered":"https:\/\/blogopara.com.br\/?p=33205"},"modified":"2022-01-29T09:04:14","modified_gmt":"2022-01-29T12:04:14","slug":"omicron-representa-mais-de-71-dos-casos-de-coronavirus-na-bahia","status":"publish","type":"post","link":"https:\/\/blogopara.com.br\/index.php\/2022\/01\/29\/omicron-representa-mais-de-71-dos-casos-de-coronavirus-na-bahia","title":{"rendered":"\u00d4micron representa mais de 71% dos casos de coronav\u00edrus na Bahia"},"content":{"rendered":"<p style=\"text-align: justify;\">Em nova rodada de sequenciamento gen\u00e9tico, o Laborat\u00f3rio Central de Sa\u00fade P\u00fablica da Bahia (Lacen-BA) detectou a variante \u00d4micron em 71% das amostras coletadas em janeiro deste ano. Do total de 64 sequenciamentos conclu\u00eddos nesta sexta-feira (28\/01), a \u00d4micron foi identificada em 46 amostras. J\u00e1 a variante Delta foi detectada em 16 amostras e uma amostra teve resultado inconclusivo.<\/p>\n<div class=\"td-a-ad id_inline_ad0 id_ad_content-horiz-left\" style=\"text-align: justify;\">\n<div class=\"g g-12\">\n<div class=\"g-single a-21\">\n<div class=\"clever-core-ads\"><span style=\"font-size: revert; color: initial;\">S\u00e3o 27 mulheres e 19 homens, com a faixa et\u00e1ria variando entre 3 e 86 anos. Os casos foram identificados em residentes dos seguintes munic\u00edpios: Alcoba\u00e7a, Camacan, Candeias, Candido Sales, Castro Alves, Concei\u00e7\u00e3o do Coit\u00e9, Concei\u00e7\u00e3o do Jacu\u00edpe, Eun\u00e1polis, Feira de Santana, Ilh\u00e9us, Itabela, Itabuna, Itamaraju, Itamb\u00e9, Itaparica, Itapetinga, Jacobina, Jequi\u00e9, Lauro de Freitas, Len\u00e7\u00f3is, Monte Santo, Mucug\u00ea, Mucuri, Pintadas, Po\u00e7\u00f5es, Pojuca, Prado, Remanso, Riacho de Santana, Ribeira do Pombal, Salvador, Santa Cruz Cabr\u00e1lia, Santo Estev\u00e3o, Serrinha e Ubaitaba.<\/span><\/div>\n<\/div>\n<\/div>\n<\/div>\n<p style=\"text-align: justify;\">Al\u00e9m desses munic\u00edpios, turistas de Belo Horizonte (MG), Franca (SP), Hortol\u00e2ndia (SP) e Natal (RN) tamb\u00e9m tiveram amostras detectadas para \u00d4micron enquanto visitavam as cidades baianas de Nova Vi\u00e7osa, Nova Itarana, Serrol\u00e2ndia e Ilh\u00e9us, respectivamente.<\/p>\n<p style=\"text-align: justify;\">A secret\u00e1ria da Sa\u00fade do Estado, Tereza Paim, alerta que \u201co avan\u00e7o da \u00d4micron tem provocado crescimento expressivo do n\u00famero de casos ativos, atualmente em 29.670, sendo que o maior n\u00famero de toda a pandemia foi 30.221 casos ativos em julho de 2020\u2033.<\/p>\n<p style=\"text-align: justify;\">A escolha das amostras para o sequenciamento \u00e9 baseada na representatividade de todas as regi\u00f5es geogr\u00e1ficas do estado da Bahia, casos suspeitos de reinfec\u00e7\u00e3o, amostras de indiv\u00edduos que evolu\u00edram para \u00f3bito, contatos de indiv\u00edduos portadores de variantes de aten\u00e7\u00e3o (VOC) e indiv\u00edduos que viajaram para \u00e1rea de circula\u00e7\u00e3o das novas variantes com sintomas cl\u00ednicos caracter\u00edsticos.<\/p>\n<p style=\"text-align: justify;\">Reconhecido como a 3\u00aa maior unidade de vigil\u00e2ncia laboratorial do pa\u00eds e classificado na categoria m\u00e1xima de qualidade pelo Minist\u00e9rio da Sa\u00fade, o Lacen-BA j\u00e1 realizou mais de 1,7 mil exames de sequenciamento gen\u00e9tico do v\u00edrus da Covid-19.<\/p>\n<p>Por: Informe Baiano<\/p>\n","protected":false},"excerpt":{"rendered":"<p>Em nova rodada de sequenciamento gen\u00e9tico, o Laborat\u00f3rio Central de Sa\u00fade P\u00fablica da Bahia (Lacen-BA) detectou a variante \u00d4micron em 71% das amostras coletadas em janeiro deste ano. Do total de 64 sequenciamentos conclu\u00eddos nesta sexta-feira (28\/01), a \u00d4micron foi identificada em 46 amostras. J\u00e1 a variante Delta foi detectada em 16 amostras e uma [&hellip;]<\/p>\n","protected":false},"author":1,"featured_media":24835,"comment_status":"closed","ping_status":"open","sticky":false,"template":"","format":"standard","meta":{"_uag_custom_page_level_css":"","_monsterinsights_skip_tracking":false,"_monsterinsights_sitenote_active":false,"_monsterinsights_sitenote_note":"","_monsterinsights_sitenote_category":0,"jetpack_post_was_ever_published":false,"_jetpack_newsletter_access":"","_jetpack_dont_email_post_to_subs":false,"_jetpack_newsletter_tier_id":0,"_jetpack_memberships_contains_paywalled_content":false,"_jetpack_memberships_contains_paid_content":false,"footnotes":"","jetpack_publicize_message":"","jetpack_publicize_feature_enabled":true,"jetpack_social_post_already_shared":true,"jetpack_social_options":{"image_generator_settings":{"template":"highway","default_image_id":0,"font":"","enabled":false},"version":2}},"categories":[199],"tags":[11,1482,7332,7471],"class_list":["post-33205","post","type-post","status-publish","format-standard","has-post-thumbnail","hentry","category-bahia","tag-bahia","tag-coronavirus-2","tag-omicron","tag-representa-mais-de-71"],"jetpack_publicize_connections":[],"jetpack_featured_media_url":"https:\/\/blogopara.com.br\/wp-content\/uploads\/2021\/06\/tagreuters.com2021binary_LYNXNPEH5L1D1-BASEIMAGE-418x235-1.jpg","uagb_featured_image_src":{"full":["https:\/\/blogopara.com.br\/wp-content\/uploads\/2021\/06\/tagreuters.com2021binary_LYNXNPEH5L1D1-BASEIMAGE-418x235-1.jpg",500,281,false],"thumbnail":["https:\/\/blogopara.com.br\/wp-content\/uploads\/2021\/06\/tagreuters.com2021binary_LYNXNPEH5L1D1-BASEIMAGE-418x235-1-150x150.jpg",150,150,true],"medium":["https:\/\/blogopara.com.br\/wp-content\/uploads\/2021\/06\/tagreuters.com2021binary_LYNXNPEH5L1D1-BASEIMAGE-418x235-1-300x169.jpg",300,169,true],"medium_large":["https:\/\/blogopara.com.br\/wp-content\/uploads\/2021\/06\/tagreuters.com2021binary_LYNXNPEH5L1D1-BASEIMAGE-418x235-1.jpg",500,281,false],"large":["https:\/\/blogopara.com.br\/wp-content\/uploads\/2021\/06\/tagreuters.com2021binary_LYNXNPEH5L1D1-BASEIMAGE-418x235-1.jpg",500,281,false],"1536x1536":["https:\/\/blogopara.com.br\/wp-content\/uploads\/2021\/06\/tagreuters.com2021binary_LYNXNPEH5L1D1-BASEIMAGE-418x235-1.jpg",500,281,false],"2048x2048":["https:\/\/blogopara.com.br\/wp-content\/uploads\/2021\/06\/tagreuters.com2021binary_LYNXNPEH5L1D1-BASEIMAGE-418x235-1.jpg",500,281,false],"mantranews-slider-large":["https:\/\/blogopara.com.br\/wp-content\/uploads\/2021\/06\/tagreuters.com2021binary_LYNXNPEH5L1D1-BASEIMAGE-418x235-1.jpg",500,281,false],"mantranews-featured-medium":["https:\/\/blogopara.com.br\/wp-content\/uploads\/2021\/06\/tagreuters.com2021binary_LYNXNPEH5L1D1-BASEIMAGE-418x235-1-420x281.jpg",420,281,true],"mantranews-featured-long":["https:\/\/blogopara.com.br\/wp-content\/uploads\/2021\/06\/tagreuters.com2021binary_LYNXNPEH5L1D1-BASEIMAGE-418x235-1-300x281.jpg",300,281,true],"mantranews-block-medium":["https:\/\/blogopara.com.br\/wp-content\/uploads\/2021\/06\/tagreuters.com2021binary_LYNXNPEH5L1D1-BASEIMAGE-418x235-1-464x281.jpg",464,281,true],"mantranews-carousel-image":["https:\/\/blogopara.com.br\/wp-content\/uploads\/2021\/06\/tagreuters.com2021binary_LYNXNPEH5L1D1-BASEIMAGE-418x235-1.jpg",500,281,false],"mantranews-block-thumb":["https:\/\/blogopara.com.br\/wp-content\/uploads\/2021\/06\/tagreuters.com2021binary_LYNXNPEH5L1D1-BASEIMAGE-418x235-1-322x230.jpg",322,230,true],"mantranews-single-large":["https:\/\/blogopara.com.br\/wp-content\/uploads\/2021\/06\/tagreuters.com2021binary_LYNXNPEH5L1D1-BASEIMAGE-418x235-1.jpg",500,281,false]},"uagb_author_info":{"display_name":"Reda\u00e7\u00e3o geral","author_link":"https:\/\/blogopara.com.br\/index.php\/author\/blogopara"},"uagb_comment_info":0,"uagb_excerpt":"Em nova rodada de sequenciamento gen\u00e9tico, o Laborat\u00f3rio Central de Sa\u00fade P\u00fablica da Bahia (Lacen-BA) detectou a variante \u00d4micron em 71% das amostras coletadas em janeiro deste ano. Do total de 64 sequenciamentos conclu\u00eddos nesta sexta-feira (28\/01), a \u00d4micron foi identificada em 46 amostras. J\u00e1 a variante Delta foi detectada em 16 amostras e uma&hellip;","jetpack_sharing_enabled":true,"jetpack_likes_enabled":true,"_links":{"self":[{"href":"https:\/\/blogopara.com.br\/index.php\/wp-json\/wp\/v2\/posts\/33205","targetHints":{"allow":["GET"]}}],"collection":[{"href":"https:\/\/blogopara.com.br\/index.php\/wp-json\/wp\/v2\/posts"}],"about":[{"href":"https:\/\/blogopara.com.br\/index.php\/wp-json\/wp\/v2\/types\/post"}],"author":[{"embeddable":true,"href":"https:\/\/blogopara.com.br\/index.php\/wp-json\/wp\/v2\/users\/1"}],"replies":[{"embeddable":true,"href":"https:\/\/blogopara.com.br\/index.php\/wp-json\/wp\/v2\/comments?post=33205"}],"version-history":[{"count":1,"href":"https:\/\/blogopara.com.br\/index.php\/wp-json\/wp\/v2\/posts\/33205\/revisions"}],"predecessor-version":[{"id":33206,"href":"https:\/\/blogopara.com.br\/index.php\/wp-json\/wp\/v2\/posts\/33205\/revisions\/33206"}],"wp:featuredmedia":[{"embeddable":true,"href":"https:\/\/blogopara.com.br\/index.php\/wp-json\/wp\/v2\/media\/24835"}],"wp:attachment":[{"href":"https:\/\/blogopara.com.br\/index.php\/wp-json\/wp\/v2\/media?parent=33205"}],"wp:term":[{"taxonomy":"category","embeddable":true,"href":"https:\/\/blogopara.com.br\/index.php\/wp-json\/wp\/v2\/categories?post=33205"},{"taxonomy":"post_tag","embeddable":true,"href":"https:\/\/blogopara.com.br\/index.php\/wp-json\/wp\/v2\/tags?post=33205"}],"curies":[{"name":"wp","href":"https:\/\/api.w.org\/{rel}","templated":true}]}}