{"id":33231,"date":"2022-01-30T11:19:00","date_gmt":"2022-01-30T14:19:00","guid":{"rendered":"https:\/\/blogopara.com.br\/?p=33231"},"modified":"2022-01-30T08:30:34","modified_gmt":"2022-01-30T11:30:34","slug":"ciro-pede-alerta-ao-congresso-e-forcas-armadas-apos-bolsonaro-faltar-em-depoimento","status":"publish","type":"post","link":"https:\/\/blogopara.com.br\/index.php\/2022\/01\/30\/ciro-pede-alerta-ao-congresso-e-forcas-armadas-apos-bolsonaro-faltar-em-depoimento","title":{"rendered":"Ciro pede \u201calerta\u201d ao Congresso e For\u00e7as Armadas ap\u00f3s Bolsonaro faltar em depoimento"},"content":{"rendered":"<p style=\"text-align: justify;\">Ciro Gomes, comentou nesta sexta-feira (28), em nota nas redes sociais, a n\u00e3o comparecimento do presidente Jair Bolsonaro Superintend\u00eancia da Pol\u00edcia Federal para depor sobre o vazamento de um inqu\u00e9rito.<\/p>\n<p style=\"text-align: justify;\">Segundo o presidenci\u00e1vel do PDT, o mandat\u00e1rio \u201cdecidiu confrontar, de forma irrespons\u00e1vel e autorit\u00e1ria, uma decis\u00e3o do STF\u201d.\u00a0Segundo Ciro, trata-se de \u201cmais um cap\u00edtulo na escalada de gerar conflitos e impasses que tumultuem \u2013 ou tentem inviabilizar \u2013 o curso normal das elei\u00e7\u00f5es, j\u00e1 que ele se sente antecipadamente derrotado\u201d.<\/p>\n<p style=\"text-align: justify;\">Diante disso, Ciro pediu alerta. \u201cCongresso Nacional, For\u00e7as Armadas, sociedade civil e comunidade internacional devem se colocar em grau permanente de alerta\u201d. \u201cMesmo que este epis\u00f3dio seja superado, outros surgir\u00e3o, pois \u00e9 isto que Bolsonaro tem feito, com pausas meramente t\u00e1ticas, desde o ano passado\u201d, acrescentou Ciro, refor\u00e7ando que \u201cum presidente que comete crimes \u2013 inclusive de responsabilidade \u2013 em sequ\u00eancia, sem puni\u00e7\u00e3o, se sentir\u00e1 cada vez mais poderoso, mesmo que esta sensa\u00e7\u00e3o se baseie em mero del\u00edrio psic\u00f3tico de poder\u201d.<\/p>\n<div id=\"dmp-v-par1\" class=\"jba\" style=\"text-align: justify;\" data-google-query-id=\"CI6In7mt2fUCFd84uQYdM7QNHw\">Fonte: Di\u00e1rio do Centro do Mundo<\/div>\n","protected":false},"excerpt":{"rendered":"<p>Ciro Gomes, comentou nesta sexta-feira (28), em nota nas redes sociais, a n\u00e3o comparecimento do presidente Jair Bolsonaro Superintend\u00eancia da Pol\u00edcia Federal para depor sobre o vazamento de um inqu\u00e9rito. Segundo o presidenci\u00e1vel do PDT, o mandat\u00e1rio \u201cdecidiu confrontar, de forma irrespons\u00e1vel e autorit\u00e1ria, uma decis\u00e3o do STF\u201d.\u00a0Segundo Ciro, trata-se de \u201cmais um cap\u00edtulo na [&hellip;]<\/p>\n","protected":false},"author":1,"featured_media":33232,"comment_status":"closed","ping_status":"open","sticky":false,"template":"","format":"standard","meta":{"_uag_custom_page_level_css":"","_monsterinsights_skip_tracking":false,"_monsterinsights_sitenote_active":false,"_monsterinsights_sitenote_note":"","_monsterinsights_sitenote_category":0,"jetpack_post_was_ever_published":false,"_jetpack_newsletter_access":"","_jetpack_dont_email_post_to_subs":false,"_jetpack_newsletter_tier_id":0,"_jetpack_memberships_contains_paywalled_content":false,"_jetpack_memberships_contains_paid_content":false,"footnotes":"","jetpack_publicize_message":"","jetpack_publicize_feature_enabled":true,"jetpack_social_post_already_shared":true,"jetpack_social_options":{"image_generator_settings":{"template":"highway","default_image_id":0,"font":"","enabled":false},"version":2}},"categories":[197],"tags":[1759,7483,7481,7482],"class_list":["post-33231","post","type-post","status-publish","format-standard","has-post-thumbnail","hentry","category-politica","tag-alerta","tag-bolsonaro-faltar-em-depoimento","tag-ciro","tag-congresso-e-forcas-armadas"],"jetpack_publicize_connections":[],"jetpack_featured_media_url":"https:\/\/blogopara.com.br\/wp-content\/uploads\/2022\/01\/ciro23-1-1280x720-1.jpg","uagb_featured_image_src":{"full":["https:\/\/blogopara.com.br\/wp-content\/uploads\/2022\/01\/ciro23-1-1280x720-1.jpg",500,281,false],"thumbnail":["https:\/\/blogopara.com.br\/wp-content\/uploads\/2022\/01\/ciro23-1-1280x720-1-150x150.jpg",150,150,true],"medium":["https:\/\/blogopara.com.br\/wp-content\/uploads\/2022\/01\/ciro23-1-1280x720-1-300x169.jpg",300,169,true],"medium_large":["https:\/\/blogopara.com.br\/wp-content\/uploads\/2022\/01\/ciro23-1-1280x720-1.jpg",500,281,false],"large":["https:\/\/blogopara.com.br\/wp-content\/uploads\/2022\/01\/ciro23-1-1280x720-1.jpg",500,281,false],"1536x1536":["https:\/\/blogopara.com.br\/wp-content\/uploads\/2022\/01\/ciro23-1-1280x720-1.jpg",500,281,false],"2048x2048":["https:\/\/blogopara.com.br\/wp-content\/uploads\/2022\/01\/ciro23-1-1280x720-1.jpg",500,281,false],"mantranews-slider-large":["https:\/\/blogopara.com.br\/wp-content\/uploads\/2022\/01\/ciro23-1-1280x720-1.jpg",500,281,false],"mantranews-featured-medium":["https:\/\/blogopara.com.br\/wp-content\/uploads\/2022\/01\/ciro23-1-1280x720-1-420x281.jpg",420,281,true],"mantranews-featured-long":["https:\/\/blogopara.com.br\/wp-content\/uploads\/2022\/01\/ciro23-1-1280x720-1-300x281.jpg",300,281,true],"mantranews-block-medium":["https:\/\/blogopara.com.br\/wp-content\/uploads\/2022\/01\/ciro23-1-1280x720-1-464x281.jpg",464,281,true],"mantranews-carousel-image":["https:\/\/blogopara.com.br\/wp-content\/uploads\/2022\/01\/ciro23-1-1280x720-1.jpg",500,281,false],"mantranews-block-thumb":["https:\/\/blogopara.com.br\/wp-content\/uploads\/2022\/01\/ciro23-1-1280x720-1-322x230.jpg",322,230,true],"mantranews-single-large":["https:\/\/blogopara.com.br\/wp-content\/uploads\/2022\/01\/ciro23-1-1280x720-1.jpg",500,281,false]},"uagb_author_info":{"display_name":"Reda\u00e7\u00e3o geral","author_link":"https:\/\/blogopara.com.br\/index.php\/author\/blogopara"},"uagb_comment_info":0,"uagb_excerpt":"Ciro Gomes, comentou nesta sexta-feira (28), em nota nas redes sociais, a n\u00e3o comparecimento do presidente Jair Bolsonaro Superintend\u00eancia da Pol\u00edcia Federal para depor sobre o vazamento de um inqu\u00e9rito. Segundo o presidenci\u00e1vel do PDT, o mandat\u00e1rio \u201cdecidiu confrontar, de forma irrespons\u00e1vel e autorit\u00e1ria, uma decis\u00e3o do STF\u201d.\u00a0Segundo Ciro, trata-se de \u201cmais um cap\u00edtulo na&hellip;","jetpack_sharing_enabled":true,"jetpack_likes_enabled":true,"_links":{"self":[{"href":"https:\/\/blogopara.com.br\/index.php\/wp-json\/wp\/v2\/posts\/33231","targetHints":{"allow":["GET"]}}],"collection":[{"href":"https:\/\/blogopara.com.br\/index.php\/wp-json\/wp\/v2\/posts"}],"about":[{"href":"https:\/\/blogopara.com.br\/index.php\/wp-json\/wp\/v2\/types\/post"}],"author":[{"embeddable":true,"href":"https:\/\/blogopara.com.br\/index.php\/wp-json\/wp\/v2\/users\/1"}],"replies":[{"embeddable":true,"href":"https:\/\/blogopara.com.br\/index.php\/wp-json\/wp\/v2\/comments?post=33231"}],"version-history":[{"count":1,"href":"https:\/\/blogopara.com.br\/index.php\/wp-json\/wp\/v2\/posts\/33231\/revisions"}],"predecessor-version":[{"id":33233,"href":"https:\/\/blogopara.com.br\/index.php\/wp-json\/wp\/v2\/posts\/33231\/revisions\/33233"}],"wp:featuredmedia":[{"embeddable":true,"href":"https:\/\/blogopara.com.br\/index.php\/wp-json\/wp\/v2\/media\/33232"}],"wp:attachment":[{"href":"https:\/\/blogopara.com.br\/index.php\/wp-json\/wp\/v2\/media?parent=33231"}],"wp:term":[{"taxonomy":"category","embeddable":true,"href":"https:\/\/blogopara.com.br\/index.php\/wp-json\/wp\/v2\/categories?post=33231"},{"taxonomy":"post_tag","embeddable":true,"href":"https:\/\/blogopara.com.br\/index.php\/wp-json\/wp\/v2\/tags?post=33231"}],"curies":[{"name":"wp","href":"https:\/\/api.w.org\/{rel}","templated":true}]}}