{"id":33237,"date":"2022-01-30T18:36:00","date_gmt":"2022-01-30T21:36:00","guid":{"rendered":"https:\/\/blogopara.com.br\/?p=33237"},"modified":"2022-01-30T12:48:37","modified_gmt":"2022-01-30T15:48:37","slug":"bolsonaro-ja-gastou-mais-com-cartao-corporativo-do-que-dilma-e-temer-entre-2015-e-2018","status":"publish","type":"post","link":"https:\/\/blogopara.com.br\/index.php\/2022\/01\/30\/bolsonaro-ja-gastou-mais-com-cartao-corporativo-do-que-dilma-e-temer-entre-2015-e-2018","title":{"rendered":"Bolsonaro j\u00e1 gastou mais com cart\u00e3o corporativo do que Dilma e Temer entre 2015 e 2018"},"content":{"rendered":"<p style=\"text-align: justify;\">Faltando um ano para o fim de sua gest\u00e3o, o presidente&nbsp;<strong>Jair Bolsonaro<\/strong>&nbsp;j\u00e1 gastou R$ 29,6 milh\u00f5es com&nbsp;<strong>cart\u00f5es corporativos<\/strong>. O montante desembolsado at\u00e9 dezembro do ano passado, custeado pelo er\u00e1rio, \u00e9 18,8% maior do que os R$ 24,9 milh\u00f5es consumidos ao longo dos quatro anos do mandato anterior, dividido por&nbsp;<strong>Dilma Rousseff<\/strong>&nbsp;(2015-2016) e&nbsp;<strong>Michel Temer&nbsp;<\/strong>(2016-2018). S\u00f3 em 2021, as despesas chegaram a&nbsp;<strong>R$ 11,8 milh\u00f5es<\/strong>, o maior valor dos \u00faltimos sete anos. Perde apenas para os R$ 13,3 milh\u00f5es registrados em 2014, quando Dilma era presidente.<\/p>\n<p style=\"text-align: justify;\">No m\u00eas passado, os cart\u00f5es exclusivos da fam\u00edlia presidencial foram usados em compras que somaram R$ 1,5 milh\u00e3o, valor mais alto, para um \u00fanico m\u00eas, dos tr\u00eas anos da atual administra\u00e7\u00e3o. Bolsonaro passou os \u00faltimos dias de dezembro em f\u00e9rias no Sul do pa\u00eds.<\/p>\n<div id=\"ad-middle\" class=\" adRef\" data-google-query-id=\"CPWN0OTn2fUCFdQIuQYd2fAKqw\">\n<div id=\"google_ads_iframe_\/21867286880\/folhape\/middle_0__container__\" style=\"text-align: justify;\"><span style=\"color: initial; font-size: revert;\">As cifras, corrigidas pela infla\u00e7\u00e3o, dizem respeito \u00e0s faturas de 29 cart\u00f5es vinculados \u00e0 Secretaria de Administra\u00e7\u00e3o da Presid\u00eancia da Rep\u00fablica, que est\u00e3o sob a responsabilidade do presidente, de seus familiares e auxiliares mais pr\u00f3ximos. De acordo com o pr\u00f3prio Pal\u00e1cio do Planalto, dois deles ficam permanentemente sob poder de Bolsonaro. Os cart\u00f5es s\u00e3o usados para despesas do cotidiano, como refei\u00e7\u00f5es do chefe do Executivo durante viagens. Todas, por\u00e9m, s\u00e3o mantidas em sigilo, sob argumento de que a eventual divulga\u00e7\u00e3o colocaria o presidente em risco.<\/span><\/div>\n<\/div>\n<div>&nbsp;<\/div>\n<div>&nbsp;<\/div>\n<div>Por:Ag\u00eancia O Globo<\/div>\n","protected":false},"excerpt":{"rendered":"<p>Faltando um ano para o fim de sua gest\u00e3o, o presidente&nbsp;Jair Bolsonaro&nbsp;j\u00e1 gastou R$ 29,6 milh\u00f5es com&nbsp;cart\u00f5es corporativos. O montante desembolsado at\u00e9 dezembro do ano passado, custeado pelo er\u00e1rio, \u00e9 18,8% maior do que os R$ 24,9 milh\u00f5es consumidos ao longo dos quatro anos do mandato anterior, dividido por&nbsp;Dilma Rousseff&nbsp;(2015-2016) e&nbsp;Michel Temer&nbsp;(2016-2018). S\u00f3 em 2021, [&hellip;]<\/p>\n","protected":false},"author":1,"featured_media":31861,"comment_status":"closed","ping_status":"open","sticky":false,"template":"","format":"standard","meta":{"_uag_custom_page_level_css":"","_monsterinsights_skip_tracking":false,"_monsterinsights_sitenote_active":false,"_monsterinsights_sitenote_note":"","_monsterinsights_sitenote_category":0,"jetpack_post_was_ever_published":false,"_jetpack_newsletter_access":"","_jetpack_dont_email_post_to_subs":false,"_jetpack_newsletter_tier_id":0,"_jetpack_memberships_contains_paywalled_content":false,"_jetpack_memberships_contains_paid_content":false,"footnotes":"","jetpack_publicize_message":"","jetpack_publicize_feature_enabled":true,"jetpack_social_post_already_shared":true,"jetpack_social_options":{"image_generator_settings":{"template":"highway","default_image_id":0,"font":"","enabled":false},"version":2}},"categories":[200],"tags":[21,7485,7484],"class_list":["post-33237","post","type-post","status-publish","format-standard","has-post-thumbnail","hentry","category-brasil","tag-bolsonaro","tag-do-que-dilma-e-temer","tag-gastou-mais-com-cartao-corporativo"],"jetpack_publicize_connections":[],"jetpack_featured_media_url":"https:\/\/blogopara.com.br\/wp-content\/uploads\/2021\/12\/bolsonaro_widelg.jpg","uagb_featured_image_src":{"full":["https:\/\/blogopara.com.br\/wp-content\/uploads\/2021\/12\/bolsonaro_widelg.jpg",500,281,false],"thumbnail":["https:\/\/blogopara.com.br\/wp-content\/uploads\/2021\/12\/bolsonaro_widelg-150x150.jpg",150,150,true],"medium":["https:\/\/blogopara.com.br\/wp-content\/uploads\/2021\/12\/bolsonaro_widelg-300x169.jpg",300,169,true],"medium_large":["https:\/\/blogopara.com.br\/wp-content\/uploads\/2021\/12\/bolsonaro_widelg.jpg",500,281,false],"large":["https:\/\/blogopara.com.br\/wp-content\/uploads\/2021\/12\/bolsonaro_widelg.jpg",500,281,false],"1536x1536":["https:\/\/blogopara.com.br\/wp-content\/uploads\/2021\/12\/bolsonaro_widelg.jpg",500,281,false],"2048x2048":["https:\/\/blogopara.com.br\/wp-content\/uploads\/2021\/12\/bolsonaro_widelg.jpg",500,281,false],"mantranews-slider-large":["https:\/\/blogopara.com.br\/wp-content\/uploads\/2021\/12\/bolsonaro_widelg.jpg",500,281,false],"mantranews-featured-medium":["https:\/\/blogopara.com.br\/wp-content\/uploads\/2021\/12\/bolsonaro_widelg-420x281.jpg",420,281,true],"mantranews-featured-long":["https:\/\/blogopara.com.br\/wp-content\/uploads\/2021\/12\/bolsonaro_widelg-300x281.jpg",300,281,true],"mantranews-block-medium":["https:\/\/blogopara.com.br\/wp-content\/uploads\/2021\/12\/bolsonaro_widelg-464x281.jpg",464,281,true],"mantranews-carousel-image":["https:\/\/blogopara.com.br\/wp-content\/uploads\/2021\/12\/bolsonaro_widelg.jpg",500,281,false],"mantranews-block-thumb":["https:\/\/blogopara.com.br\/wp-content\/uploads\/2021\/12\/bolsonaro_widelg-322x230.jpg",322,230,true],"mantranews-single-large":["https:\/\/blogopara.com.br\/wp-content\/uploads\/2021\/12\/bolsonaro_widelg.jpg",500,281,false]},"uagb_author_info":{"display_name":"Reda\u00e7\u00e3o geral","author_link":"https:\/\/blogopara.com.br\/index.php\/author\/blogopara"},"uagb_comment_info":0,"uagb_excerpt":"Faltando um ano para o fim de sua gest\u00e3o, o presidente&nbsp;Jair Bolsonaro&nbsp;j\u00e1 gastou R$ 29,6 milh\u00f5es com&nbsp;cart\u00f5es corporativos. O montante desembolsado at\u00e9 dezembro do ano passado, custeado pelo er\u00e1rio, \u00e9 18,8% maior do que os R$ 24,9 milh\u00f5es consumidos ao longo dos quatro anos do mandato anterior, dividido por&nbsp;Dilma Rousseff&nbsp;(2015-2016) e&nbsp;Michel Temer&nbsp;(2016-2018). S\u00f3 em 2021,&hellip;","jetpack_sharing_enabled":true,"jetpack_likes_enabled":true,"_links":{"self":[{"href":"https:\/\/blogopara.com.br\/index.php\/wp-json\/wp\/v2\/posts\/33237","targetHints":{"allow":["GET"]}}],"collection":[{"href":"https:\/\/blogopara.com.br\/index.php\/wp-json\/wp\/v2\/posts"}],"about":[{"href":"https:\/\/blogopara.com.br\/index.php\/wp-json\/wp\/v2\/types\/post"}],"author":[{"embeddable":true,"href":"https:\/\/blogopara.com.br\/index.php\/wp-json\/wp\/v2\/users\/1"}],"replies":[{"embeddable":true,"href":"https:\/\/blogopara.com.br\/index.php\/wp-json\/wp\/v2\/comments?post=33237"}],"version-history":[{"count":2,"href":"https:\/\/blogopara.com.br\/index.php\/wp-json\/wp\/v2\/posts\/33237\/revisions"}],"predecessor-version":[{"id":33246,"href":"https:\/\/blogopara.com.br\/index.php\/wp-json\/wp\/v2\/posts\/33237\/revisions\/33246"}],"wp:featuredmedia":[{"embeddable":true,"href":"https:\/\/blogopara.com.br\/index.php\/wp-json\/wp\/v2\/media\/31861"}],"wp:attachment":[{"href":"https:\/\/blogopara.com.br\/index.php\/wp-json\/wp\/v2\/media?parent=33237"}],"wp:term":[{"taxonomy":"category","embeddable":true,"href":"https:\/\/blogopara.com.br\/index.php\/wp-json\/wp\/v2\/categories?post=33237"},{"taxonomy":"post_tag","embeddable":true,"href":"https:\/\/blogopara.com.br\/index.php\/wp-json\/wp\/v2\/tags?post=33237"}],"curies":[{"name":"wp","href":"https:\/\/api.w.org\/{rel}","templated":true}]}}