{"id":33238,"date":"2022-01-30T14:38:00","date_gmt":"2022-01-30T17:38:00","guid":{"rendered":"https:\/\/blogopara.com.br\/?p=33238"},"modified":"2022-01-30T12:41:01","modified_gmt":"2022-01-30T15:41:01","slug":"colonia-de-ferias-tv-escola-juazeiro-transmitira-programacao-ludica-e-diversificada-durante-recesso-escolar-na-rede-municipal","status":"publish","type":"post","link":"https:\/\/blogopara.com.br\/index.php\/2022\/01\/30\/colonia-de-ferias-tv-escola-juazeiro-transmitira-programacao-ludica-e-diversificada-durante-recesso-escolar-na-rede-municipal","title":{"rendered":"\u201cCol\u00f4nia de f\u00e9rias\u201d: TV Escola Juazeiro transmitir\u00e1 programa\u00e7\u00e3o l\u00fadica e  diversificada durante recesso escolar na rede municipal"},"content":{"rendered":"<p style=\"text-align: justify;\">A TV Escola Juazeiro ir\u00e1 transmitir, a partir do dia 07 de fevereiro, per\u00edodo de recesso escolar, a \u201cCol\u00f4nia de F\u00e9rias\u201d, uma programa\u00e7\u00e3o l\u00fadica e diversificada, voltada para alunos da rede municipal de ensino de Juazeiro, bem como, \u00e0 comunidade em geral. A programa\u00e7\u00e3o pensada pela Secretaria de Educa\u00e7\u00e3o e Juventude (Seduc), poder\u00e1 ser acompanhada at\u00e9 o dia 17 de mar\u00e7o, por meio do canal 7.2, da TV aberta, e \u00e9 composta por programas que versam sobre diversos temas, entre eles, curiosidades, brincadeiras, experimentos, entrevistas, tecnologia e etc.<br aria-hidden=\"true\" \/><br aria-hidden=\"true\" \/>A popula\u00e7\u00e3o poder\u00e1 acompanhar a exibi\u00e7\u00e3o dos Programas \u201cHora da Crian\u00e7a\u201d, \u201cExperimenta\u00e7\u00e3o\u201d, \u201cTempo Investido\u201d e \u201cTrocando Ideias\u201d. As exibi\u00e7\u00f5es ir\u00e3o abordar, respectivamente, conte\u00fados sobre brincadeiras, hist\u00f3rias infantis e m\u00fasicas; demonstra\u00e7\u00e3o de experimentos simples, como a produ\u00e7\u00e3o de brinquedos com materiais dispon\u00edveis em casa; dicas de empreendedorismo; e entrevistas que abordam conte\u00fados educacionais de maneira transdisciplinar.<br aria-hidden=\"true\" \/><br aria-hidden=\"true\" \/>Al\u00e9m disso, nos intervalos dos programas, tamb\u00e9m ser\u00e3o exibidos os programetes \u201cSeu Talento na TV\u201d, \u201cT\u00f4 na Escola\u201d, \u201cVoc\u00ea Sabia\u201d, \u201cMinuto Tecnol\u00f3gico\u201d e \u201cSe liga na Sa\u00fade\u201d, que apresentar\u00e3o de forma r\u00e1pida, dicas sobre sa\u00fade e tecnologia, momentos de participa\u00e7\u00e3o da comunidade escolar e curiosidades sobre Juazeiro.<br aria-hidden=\"true\" \/><br aria-hidden=\"true\" \/>\u201cAno passado realizamos uma \u2018Col\u00f4nia de F\u00e9rias\u2019 virtual, atrav\u00e9s da Plataforma Escola Presente. Este ano, com o funcionamento da TV Escola Juazeiro, estamos promovendo mais uma vez uma programa\u00e7\u00e3o l\u00fadica, educativa e autoral, mas agora com um alcance ainda maior e com uma variedade de temas\u201d, destacou a superintendente de Ensino, Willany Cunha.<br aria-hidden=\"true\" \/><br aria-hidden=\"true\" \/><b>Hor\u00e1rio de exibi\u00e7\u00e3o<\/b><br aria-hidden=\"true\" \/><br aria-hidden=\"true\" \/>A programa\u00e7\u00e3o especial de f\u00e9rias contempla p\u00fablicos desde a Educa\u00e7\u00e3o Infantil a Educa\u00e7\u00e3o de Jovens e Adultos (Eja). Durante a semana, de segunda a quinta-feira, a programa\u00e7\u00e3o ser\u00e1 exibida das 10h \u00e0s 16h35, e na sexta-feira, das 10h as 17h30. Todo o conte\u00fado tem como refer\u00eancia as diretrizes da Base Nacional Comum Curricular (BNCC).<\/p>\n","protected":false},"excerpt":{"rendered":"<p>A TV Escola Juazeiro ir\u00e1 transmitir, a partir do dia 07 de fevereiro, per\u00edodo de recesso escolar, a \u201cCol\u00f4nia de F\u00e9rias\u201d, uma programa\u00e7\u00e3o l\u00fadica e diversificada, voltada para alunos da rede municipal de ensino de Juazeiro, bem como, \u00e0 comunidade em geral. A programa\u00e7\u00e3o pensada pela Secretaria de Educa\u00e7\u00e3o e Juventude (Seduc), poder\u00e1 ser acompanhada [&hellip;]<\/p>\n","protected":false},"author":1,"featured_media":33239,"comment_status":"closed","ping_status":"open","sticky":false,"template":"","format":"standard","meta":{"_uag_custom_page_level_css":"","_monsterinsights_skip_tracking":false,"_monsterinsights_sitenote_active":false,"_monsterinsights_sitenote_note":"","_monsterinsights_sitenote_category":0,"jetpack_post_was_ever_published":false,"_jetpack_newsletter_access":"","_jetpack_dont_email_post_to_subs":false,"_jetpack_newsletter_tier_id":0,"_jetpack_memberships_contains_paywalled_content":false,"_jetpack_memberships_contains_paid_content":false,"footnotes":"","jetpack_publicize_message":"","jetpack_publicize_feature_enabled":true,"jetpack_social_post_already_shared":true,"jetpack_social_options":{"image_generator_settings":{"template":"highway","default_image_id":0,"font":"","enabled":false},"version":2}},"categories":[203],"tags":[],"class_list":["post-33238","post","type-post","status-publish","format-standard","has-post-thumbnail","hentry","category-juazeiro"],"jetpack_publicize_connections":[],"jetpack_featured_media_url":"https:\/\/blogopara.com.br\/wp-content\/uploads\/2022\/01\/thumbnail_colonia.jpg","uagb_featured_image_src":{"full":["https:\/\/blogopara.com.br\/wp-content\/uploads\/2022\/01\/thumbnail_colonia.jpg",500,281,false],"thumbnail":["https:\/\/blogopara.com.br\/wp-content\/uploads\/2022\/01\/thumbnail_colonia-150x150.jpg",150,150,true],"medium":["https:\/\/blogopara.com.br\/wp-content\/uploads\/2022\/01\/thumbnail_colonia-300x169.jpg",300,169,true],"medium_large":["https:\/\/blogopara.com.br\/wp-content\/uploads\/2022\/01\/thumbnail_colonia.jpg",500,281,false],"large":["https:\/\/blogopara.com.br\/wp-content\/uploads\/2022\/01\/thumbnail_colonia.jpg",500,281,false],"1536x1536":["https:\/\/blogopara.com.br\/wp-content\/uploads\/2022\/01\/thumbnail_colonia.jpg",500,281,false],"2048x2048":["https:\/\/blogopara.com.br\/wp-content\/uploads\/2022\/01\/thumbnail_colonia.jpg",500,281,false],"mantranews-slider-large":["https:\/\/blogopara.com.br\/wp-content\/uploads\/2022\/01\/thumbnail_colonia.jpg",500,281,false],"mantranews-featured-medium":["https:\/\/blogopara.com.br\/wp-content\/uploads\/2022\/01\/thumbnail_colonia-420x281.jpg",420,281,true],"mantranews-featured-long":["https:\/\/blogopara.com.br\/wp-content\/uploads\/2022\/01\/thumbnail_colonia-300x281.jpg",300,281,true],"mantranews-block-medium":["https:\/\/blogopara.com.br\/wp-content\/uploads\/2022\/01\/thumbnail_colonia-464x281.jpg",464,281,true],"mantranews-carousel-image":["https:\/\/blogopara.com.br\/wp-content\/uploads\/2022\/01\/thumbnail_colonia.jpg",500,281,false],"mantranews-block-thumb":["https:\/\/blogopara.com.br\/wp-content\/uploads\/2022\/01\/thumbnail_colonia-322x230.jpg",322,230,true],"mantranews-single-large":["https:\/\/blogopara.com.br\/wp-content\/uploads\/2022\/01\/thumbnail_colonia.jpg",500,281,false]},"uagb_author_info":{"display_name":"Reda\u00e7\u00e3o geral","author_link":"https:\/\/blogopara.com.br\/index.php\/author\/blogopara"},"uagb_comment_info":0,"uagb_excerpt":"A TV Escola Juazeiro ir\u00e1 transmitir, a partir do dia 07 de fevereiro, per\u00edodo de recesso escolar, a \u201cCol\u00f4nia de F\u00e9rias\u201d, uma programa\u00e7\u00e3o l\u00fadica e diversificada, voltada para alunos da rede municipal de ensino de Juazeiro, bem como, \u00e0 comunidade em geral. A programa\u00e7\u00e3o pensada pela Secretaria de Educa\u00e7\u00e3o e Juventude (Seduc), poder\u00e1 ser acompanhada&hellip;","jetpack_sharing_enabled":true,"jetpack_likes_enabled":true,"_links":{"self":[{"href":"https:\/\/blogopara.com.br\/index.php\/wp-json\/wp\/v2\/posts\/33238","targetHints":{"allow":["GET"]}}],"collection":[{"href":"https:\/\/blogopara.com.br\/index.php\/wp-json\/wp\/v2\/posts"}],"about":[{"href":"https:\/\/blogopara.com.br\/index.php\/wp-json\/wp\/v2\/types\/post"}],"author":[{"embeddable":true,"href":"https:\/\/blogopara.com.br\/index.php\/wp-json\/wp\/v2\/users\/1"}],"replies":[{"embeddable":true,"href":"https:\/\/blogopara.com.br\/index.php\/wp-json\/wp\/v2\/comments?post=33238"}],"version-history":[{"count":1,"href":"https:\/\/blogopara.com.br\/index.php\/wp-json\/wp\/v2\/posts\/33238\/revisions"}],"predecessor-version":[{"id":33240,"href":"https:\/\/blogopara.com.br\/index.php\/wp-json\/wp\/v2\/posts\/33238\/revisions\/33240"}],"wp:featuredmedia":[{"embeddable":true,"href":"https:\/\/blogopara.com.br\/index.php\/wp-json\/wp\/v2\/media\/33239"}],"wp:attachment":[{"href":"https:\/\/blogopara.com.br\/index.php\/wp-json\/wp\/v2\/media?parent=33238"}],"wp:term":[{"taxonomy":"category","embeddable":true,"href":"https:\/\/blogopara.com.br\/index.php\/wp-json\/wp\/v2\/categories?post=33238"},{"taxonomy":"post_tag","embeddable":true,"href":"https:\/\/blogopara.com.br\/index.php\/wp-json\/wp\/v2\/tags?post=33238"}],"curies":[{"name":"wp","href":"https:\/\/api.w.org\/{rel}","templated":true}]}}