{"id":33289,"date":"2022-01-31T17:39:00","date_gmt":"2022-01-31T20:39:00","guid":{"rendered":"https:\/\/blogopara.com.br\/?p=33289"},"modified":"2022-01-31T16:12:20","modified_gmt":"2022-01-31T19:12:20","slug":"plenus-apresenta-planejamento-2022-com-encontros-pedagogicos","status":"publish","type":"post","link":"https:\/\/blogopara.com.br\/index.php\/2022\/01\/31\/plenus-apresenta-planejamento-2022-com-encontros-pedagogicos","title":{"rendered":"Plenus apresenta planejamento 2022 com encontros pedag\u00f3gicos"},"content":{"rendered":"<p style=\"text-align: justify;\">O Plenus Col\u00e9gio e Curso come\u00e7ou na manh\u00e3 do \u00faltimo s\u00e1bado (29), e prosseguiu na segunda-feira (31), os Encontros Pedag\u00f3gicos 2022, com a participa\u00e7\u00e3o dos professores e coordenadores da Educa\u00e7\u00e3o Infantil, Ensino Fundamental, Ensino M\u00e9dio e do Pr\u00e9-vestibular.<\/p>\n<p>No s\u00e1bado, a reuni\u00e3o pedag\u00f3gica teve caf\u00e9 da manh\u00e3 e uma apresenta\u00e7\u00e3o de m\u00fasica, com o grupo Encantar, que embalou o p\u00fablico, transformando o encontro em uma grande festa. Logo na abertura, a diretora Pedag\u00f3gica, Silvia Santos, deu as boas-vindas desejando um ano muito produtivo para todos e abordando os processos e habilidades que estar\u00e3o sendo trabalhadas no primeiro e segundo semestres.<\/p>\n<p style=\"text-align: justify;\">Em seguida, a psic\u00f3loga Jana\u00edna Rocha, ministrou a palestra \u201cEmo\u00e7\u00f5es e a Sala de Aula\u201d \/ \u201cSe chorei ou se sorri\/ o importante \u00e9 que emo\u00e7\u00f5es eu vivi\u201d. Uma reflex\u00e3o atualizada sobre os medos, nega\u00e7\u00f5es, acolhimentos e conflitos internos em sala de aula durante a pandemia da Covid-19, al\u00e9m dos processos para o desenvolvimento de professores e alunos.<\/p>\n<p style=\"text-align: justify;\">Ainda no encontro de s\u00e1bado, o professor de Literatura, Genivaldo do Nascimento, apresentou a nova plataforma de Educa\u00e7\u00e3o &#8211; SAS, que ir\u00e1 auxiliar alunos e professores no processo de aprendizagem, projetos, avalia\u00e7\u00f5es, consultorias e sequ\u00eancias de aulas.<\/p>\n<p style=\"text-align: justify;\">Na segunda-feira, os professores e coordenadores foram recepcionados pelo diretor administrativo-financeiro da escola, Athaydes Ramos. Na sequ\u00eancia, o gerente de marketing, Marcos Freire, demonstrou as novas orienta\u00e7\u00f5es da \u00e1rea de Tecnologia da Informa\u00e7\u00e3o (TI) e o psic\u00f3logo, Bruno Ramos, encerrou o primeiro momento orientando os presentes com os procedimentos atualizados da ger\u00eancia de recursos humanos.<\/p>\n<p style=\"text-align: justify;\">A professora de Orienta\u00e7\u00e3o Humana e Ci\u00eancias dos 5\u00ba e 4\u00ba anos, Nilza R\u00f3seo de Souza Silva, que trabalha na Institui\u00e7\u00e3o h\u00e1 26 anos, gostou muito dos encontros pedag\u00f3gicos. \u201cAs metodologias apresentadas, o planejamento e a troca de conhecimentos fazem dos nossos encontros momentos de acolhimento, respeito e crescimento para n\u00f3s professores e tamb\u00e9m para os nossos alunos&#8221;, ressaltou.<\/p>\n<p style=\"text-align: justify;\">O professor de Filosofia e Hist\u00f3ria, Gesner Santana Silva, do Fundamental e do 2\u00ba ano do Ensino M\u00e9dio tamb\u00e9m agradeceu os dois dias de reflex\u00f5es, destacando ainda a oportunidade de reencontro com os colegas e renova\u00e7\u00e3o de energias para o ano letivo.<\/p>\n<p>\u00a0<\/p>\n<p style=\"text-align: justify;\">Clas Comunica\u00e7\u00e3o e Marketing<\/p>\n","protected":false},"excerpt":{"rendered":"<p>O Plenus Col\u00e9gio e Curso come\u00e7ou na manh\u00e3 do \u00faltimo s\u00e1bado (29), e prosseguiu na segunda-feira (31), os Encontros Pedag\u00f3gicos 2022, com a participa\u00e7\u00e3o dos professores e coordenadores da Educa\u00e7\u00e3o Infantil, Ensino Fundamental, Ensino M\u00e9dio e do Pr\u00e9-vestibular. No s\u00e1bado, a reuni\u00e3o pedag\u00f3gica teve caf\u00e9 da manh\u00e3 e uma apresenta\u00e7\u00e3o de m\u00fasica, com o grupo [&hellip;]<\/p>\n","protected":false},"author":1,"featured_media":33296,"comment_status":"closed","ping_status":"open","sticky":false,"template":"","format":"standard","meta":{"_uag_custom_page_level_css":"","_monsterinsights_skip_tracking":false,"_monsterinsights_sitenote_active":false,"_monsterinsights_sitenote_note":"","_monsterinsights_sitenote_category":0,"jetpack_post_was_ever_published":false,"_jetpack_newsletter_access":"","_jetpack_dont_email_post_to_subs":false,"_jetpack_newsletter_tier_id":0,"_jetpack_memberships_contains_paywalled_content":false,"_jetpack_memberships_contains_paid_content":false,"footnotes":"","jetpack_publicize_message":"","jetpack_publicize_feature_enabled":true,"jetpack_social_post_already_shared":true,"jetpack_social_options":{"image_generator_settings":{"template":"highway","default_image_id":0,"font":"","enabled":false},"version":2}},"categories":[209],"tags":[7493,7494,6790],"class_list":["post-33289","post","type-post","status-publish","format-standard","has-post-thumbnail","hentry","category-educacao","tag-apresenta-planejamento-2022","tag-encontros-pedagogicos","tag-plenus"],"jetpack_publicize_connections":[],"jetpack_featured_media_url":"https:\/\/blogopara.com.br\/wp-content\/uploads\/2022\/01\/WhatsApp-Image-2022-01-31-at-14.43.10.jpeg","uagb_featured_image_src":{"full":["https:\/\/blogopara.com.br\/wp-content\/uploads\/2022\/01\/WhatsApp-Image-2022-01-31-at-14.43.10.jpeg",500,333,false],"thumbnail":["https:\/\/blogopara.com.br\/wp-content\/uploads\/2022\/01\/WhatsApp-Image-2022-01-31-at-14.43.10-150x150.jpeg",150,150,true],"medium":["https:\/\/blogopara.com.br\/wp-content\/uploads\/2022\/01\/WhatsApp-Image-2022-01-31-at-14.43.10-300x200.jpeg",300,200,true],"medium_large":["https:\/\/blogopara.com.br\/wp-content\/uploads\/2022\/01\/WhatsApp-Image-2022-01-31-at-14.43.10.jpeg",500,333,false],"large":["https:\/\/blogopara.com.br\/wp-content\/uploads\/2022\/01\/WhatsApp-Image-2022-01-31-at-14.43.10.jpeg",500,333,false],"1536x1536":["https:\/\/blogopara.com.br\/wp-content\/uploads\/2022\/01\/WhatsApp-Image-2022-01-31-at-14.43.10.jpeg",500,333,false],"2048x2048":["https:\/\/blogopara.com.br\/wp-content\/uploads\/2022\/01\/WhatsApp-Image-2022-01-31-at-14.43.10.jpeg",500,333,false],"mantranews-slider-large":["https:\/\/blogopara.com.br\/wp-content\/uploads\/2022\/01\/WhatsApp-Image-2022-01-31-at-14.43.10.jpeg",500,333,false],"mantranews-featured-medium":["https:\/\/blogopara.com.br\/wp-content\/uploads\/2022\/01\/WhatsApp-Image-2022-01-31-at-14.43.10-420x307.jpeg",420,307,true],"mantranews-featured-long":["https:\/\/blogopara.com.br\/wp-content\/uploads\/2022\/01\/WhatsApp-Image-2022-01-31-at-14.43.10-300x333.jpeg",300,333,true],"mantranews-block-medium":["https:\/\/blogopara.com.br\/wp-content\/uploads\/2022\/01\/WhatsApp-Image-2022-01-31-at-14.43.10-464x290.jpeg",464,290,true],"mantranews-carousel-image":["https:\/\/blogopara.com.br\/wp-content\/uploads\/2022\/01\/WhatsApp-Image-2022-01-31-at-14.43.10.jpeg",500,333,false],"mantranews-block-thumb":["https:\/\/blogopara.com.br\/wp-content\/uploads\/2022\/01\/WhatsApp-Image-2022-01-31-at-14.43.10-322x230.jpeg",322,230,true],"mantranews-single-large":["https:\/\/blogopara.com.br\/wp-content\/uploads\/2022\/01\/WhatsApp-Image-2022-01-31-at-14.43.10.jpeg",500,333,false]},"uagb_author_info":{"display_name":"Reda\u00e7\u00e3o geral","author_link":"https:\/\/blogopara.com.br\/index.php\/author\/blogopara"},"uagb_comment_info":0,"uagb_excerpt":"O Plenus Col\u00e9gio e Curso come\u00e7ou na manh\u00e3 do \u00faltimo s\u00e1bado (29), e prosseguiu na segunda-feira (31), os Encontros Pedag\u00f3gicos 2022, com a participa\u00e7\u00e3o dos professores e coordenadores da Educa\u00e7\u00e3o Infantil, Ensino Fundamental, Ensino M\u00e9dio e do Pr\u00e9-vestibular. No s\u00e1bado, a reuni\u00e3o pedag\u00f3gica teve caf\u00e9 da manh\u00e3 e uma apresenta\u00e7\u00e3o de m\u00fasica, com o grupo&hellip;","jetpack_sharing_enabled":true,"jetpack_likes_enabled":true,"_links":{"self":[{"href":"https:\/\/blogopara.com.br\/index.php\/wp-json\/wp\/v2\/posts\/33289","targetHints":{"allow":["GET"]}}],"collection":[{"href":"https:\/\/blogopara.com.br\/index.php\/wp-json\/wp\/v2\/posts"}],"about":[{"href":"https:\/\/blogopara.com.br\/index.php\/wp-json\/wp\/v2\/types\/post"}],"author":[{"embeddable":true,"href":"https:\/\/blogopara.com.br\/index.php\/wp-json\/wp\/v2\/users\/1"}],"replies":[{"embeddable":true,"href":"https:\/\/blogopara.com.br\/index.php\/wp-json\/wp\/v2\/comments?post=33289"}],"version-history":[{"count":1,"href":"https:\/\/blogopara.com.br\/index.php\/wp-json\/wp\/v2\/posts\/33289\/revisions"}],"predecessor-version":[{"id":33297,"href":"https:\/\/blogopara.com.br\/index.php\/wp-json\/wp\/v2\/posts\/33289\/revisions\/33297"}],"wp:featuredmedia":[{"embeddable":true,"href":"https:\/\/blogopara.com.br\/index.php\/wp-json\/wp\/v2\/media\/33296"}],"wp:attachment":[{"href":"https:\/\/blogopara.com.br\/index.php\/wp-json\/wp\/v2\/media?parent=33289"}],"wp:term":[{"taxonomy":"category","embeddable":true,"href":"https:\/\/blogopara.com.br\/index.php\/wp-json\/wp\/v2\/categories?post=33289"},{"taxonomy":"post_tag","embeddable":true,"href":"https:\/\/blogopara.com.br\/index.php\/wp-json\/wp\/v2\/tags?post=33289"}],"curies":[{"name":"wp","href":"https:\/\/api.w.org\/{rel}","templated":true}]}}