{"id":33338,"date":"2022-02-01T17:00:00","date_gmt":"2022-02-01T20:00:00","guid":{"rendered":"https:\/\/blogopara.com.br\/?p=33338"},"modified":"2022-02-01T12:34:34","modified_gmt":"2022-02-01T15:34:34","slug":"partido-de-neto-uniao-brasil-tem-processo-de-registro-liberado-para-julgamento","status":"publish","type":"post","link":"https:\/\/blogopara.com.br\/index.php\/2022\/02\/01\/partido-de-neto-uniao-brasil-tem-processo-de-registro-liberado-para-julgamento","title":{"rendered":"Partido de Neto, Uni\u00e3o Brasil tem processo de registro liberado para julgamento"},"content":{"rendered":"<p style=\"text-align: justify;\">O Uni\u00e3o Brasil, partido que surge a partir da fus\u00e3o entre PSL e DEM, e ter\u00e1 ACM Neto como secret\u00e1rio-geral, teve o seu processo de registro liberado para julgamento no Tribunal Superior Eleitoral.<\/p>\n<p style=\"text-align: justify;\">Segundo informa\u00e7\u00f5es do jornal Valor Econ\u00f4mico, o ministro Lu\u00eds Roberto Barroso, presidente do TSE, deve agendar para breve o julgamento. A sigla precisa do registro para j\u00e1 disputar de forma unificada as elei\u00e7\u00f5es de outubro.<\/p>\n<p style=\"text-align: justify;\">Quando sair do papel, o Uni\u00e3o Brasil ter\u00e1 um total de 82 deputados federais, cen\u00e1rio que mudar\u00e1 a partir da janela partid\u00e1ria, que deve resultar na sa\u00edda e chegada de v\u00e1rios nomes ao novo partido.<\/p>\n","protected":false},"excerpt":{"rendered":"<p>O Uni\u00e3o Brasil, partido que surge a partir da fus\u00e3o entre PSL e DEM, e ter\u00e1 ACM Neto como secret\u00e1rio-geral, teve o seu processo de registro liberado para julgamento no Tribunal Superior Eleitoral. Segundo informa\u00e7\u00f5es do jornal Valor Econ\u00f4mico, o ministro Lu\u00eds Roberto Barroso, presidente do TSE, deve agendar para breve o julgamento. A sigla [&hellip;]<\/p>\n","protected":false},"author":1,"featured_media":19564,"comment_status":"closed","ping_status":"open","sticky":false,"template":"","format":"standard","meta":{"_uag_custom_page_level_css":"","_monsterinsights_skip_tracking":false,"_monsterinsights_sitenote_active":false,"_monsterinsights_sitenote_note":"","_monsterinsights_sitenote_category":0,"jetpack_post_was_ever_published":false,"_jetpack_newsletter_access":"","_jetpack_dont_email_post_to_subs":false,"_jetpack_newsletter_tier_id":0,"_jetpack_memberships_contains_paywalled_content":false,"_jetpack_memberships_contains_paid_content":false,"footnotes":"","jetpack_publicize_message":"","jetpack_publicize_feature_enabled":true,"jetpack_social_post_already_shared":true,"jetpack_social_options":{"image_generator_settings":{"template":"highway","default_image_id":0,"font":"","enabled":false},"version":2}},"categories":[199,197],"tags":[],"class_list":["post-33338","post","type-post","status-publish","format-standard","has-post-thumbnail","hentry","category-bahia","category-politica"],"jetpack_publicize_connections":[],"jetpack_featured_media_url":"https:\/\/blogopara.com.br\/wp-content\/uploads\/2021\/02\/30a8dc95-acm-neto-coletiva-e1595626094237-868x644-1-868x580-1.jpg","uagb_featured_image_src":{"full":["https:\/\/blogopara.com.br\/wp-content\/uploads\/2021\/02\/30a8dc95-acm-neto-coletiva-e1595626094237-868x644-1-868x580-1.jpg",500,334,false],"thumbnail":["https:\/\/blogopara.com.br\/wp-content\/uploads\/2021\/02\/30a8dc95-acm-neto-coletiva-e1595626094237-868x644-1-868x580-1-150x150.jpg",150,150,true],"medium":["https:\/\/blogopara.com.br\/wp-content\/uploads\/2021\/02\/30a8dc95-acm-neto-coletiva-e1595626094237-868x644-1-868x580-1-300x200.jpg",300,200,true],"medium_large":["https:\/\/blogopara.com.br\/wp-content\/uploads\/2021\/02\/30a8dc95-acm-neto-coletiva-e1595626094237-868x644-1-868x580-1.jpg",500,334,false],"large":["https:\/\/blogopara.com.br\/wp-content\/uploads\/2021\/02\/30a8dc95-acm-neto-coletiva-e1595626094237-868x644-1-868x580-1.jpg",500,334,false],"1536x1536":["https:\/\/blogopara.com.br\/wp-content\/uploads\/2021\/02\/30a8dc95-acm-neto-coletiva-e1595626094237-868x644-1-868x580-1.jpg",500,334,false],"2048x2048":["https:\/\/blogopara.com.br\/wp-content\/uploads\/2021\/02\/30a8dc95-acm-neto-coletiva-e1595626094237-868x644-1-868x580-1.jpg",500,334,false],"mantranews-slider-large":["https:\/\/blogopara.com.br\/wp-content\/uploads\/2021\/02\/30a8dc95-acm-neto-coletiva-e1595626094237-868x644-1-868x580-1.jpg",500,334,false],"mantranews-featured-medium":["https:\/\/blogopara.com.br\/wp-content\/uploads\/2021\/02\/30a8dc95-acm-neto-coletiva-e1595626094237-868x644-1-868x580-1-420x307.jpg",420,307,true],"mantranews-featured-long":["https:\/\/blogopara.com.br\/wp-content\/uploads\/2021\/02\/30a8dc95-acm-neto-coletiva-e1595626094237-868x644-1-868x580-1-300x334.jpg",300,334,true],"mantranews-block-medium":["https:\/\/blogopara.com.br\/wp-content\/uploads\/2021\/02\/30a8dc95-acm-neto-coletiva-e1595626094237-868x644-1-868x580-1-464x290.jpg",464,290,true],"mantranews-carousel-image":["https:\/\/blogopara.com.br\/wp-content\/uploads\/2021\/02\/30a8dc95-acm-neto-coletiva-e1595626094237-868x644-1-868x580-1.jpg",500,334,false],"mantranews-block-thumb":["https:\/\/blogopara.com.br\/wp-content\/uploads\/2021\/02\/30a8dc95-acm-neto-coletiva-e1595626094237-868x644-1-868x580-1-322x230.jpg",322,230,true],"mantranews-single-large":["https:\/\/blogopara.com.br\/wp-content\/uploads\/2021\/02\/30a8dc95-acm-neto-coletiva-e1595626094237-868x644-1-868x580-1.jpg",500,334,false]},"uagb_author_info":{"display_name":"Reda\u00e7\u00e3o geral","author_link":"https:\/\/blogopara.com.br\/index.php\/author\/blogopara"},"uagb_comment_info":0,"uagb_excerpt":"O Uni\u00e3o Brasil, partido que surge a partir da fus\u00e3o entre PSL e DEM, e ter\u00e1 ACM Neto como secret\u00e1rio-geral, teve o seu processo de registro liberado para julgamento no Tribunal Superior Eleitoral. Segundo informa\u00e7\u00f5es do jornal Valor Econ\u00f4mico, o ministro Lu\u00eds Roberto Barroso, presidente do TSE, deve agendar para breve o julgamento. A sigla&hellip;","jetpack_sharing_enabled":true,"jetpack_likes_enabled":true,"_links":{"self":[{"href":"https:\/\/blogopara.com.br\/index.php\/wp-json\/wp\/v2\/posts\/33338","targetHints":{"allow":["GET"]}}],"collection":[{"href":"https:\/\/blogopara.com.br\/index.php\/wp-json\/wp\/v2\/posts"}],"about":[{"href":"https:\/\/blogopara.com.br\/index.php\/wp-json\/wp\/v2\/types\/post"}],"author":[{"embeddable":true,"href":"https:\/\/blogopara.com.br\/index.php\/wp-json\/wp\/v2\/users\/1"}],"replies":[{"embeddable":true,"href":"https:\/\/blogopara.com.br\/index.php\/wp-json\/wp\/v2\/comments?post=33338"}],"version-history":[{"count":1,"href":"https:\/\/blogopara.com.br\/index.php\/wp-json\/wp\/v2\/posts\/33338\/revisions"}],"predecessor-version":[{"id":33339,"href":"https:\/\/blogopara.com.br\/index.php\/wp-json\/wp\/v2\/posts\/33338\/revisions\/33339"}],"wp:featuredmedia":[{"embeddable":true,"href":"https:\/\/blogopara.com.br\/index.php\/wp-json\/wp\/v2\/media\/19564"}],"wp:attachment":[{"href":"https:\/\/blogopara.com.br\/index.php\/wp-json\/wp\/v2\/media?parent=33338"}],"wp:term":[{"taxonomy":"category","embeddable":true,"href":"https:\/\/blogopara.com.br\/index.php\/wp-json\/wp\/v2\/categories?post=33338"},{"taxonomy":"post_tag","embeddable":true,"href":"https:\/\/blogopara.com.br\/index.php\/wp-json\/wp\/v2\/tags?post=33338"}],"curies":[{"name":"wp","href":"https:\/\/api.w.org\/{rel}","templated":true}]}}