{"id":33366,"date":"2022-02-02T11:41:00","date_gmt":"2022-02-02T14:41:00","guid":{"rendered":"https:\/\/blogopara.com.br\/?p=33366"},"modified":"2022-02-02T09:30:06","modified_gmt":"2022-02-02T12:30:06","slug":"idoso-morre-apos-ataque-de-abelhas-no-sudoeste-da-bahia-vitima-estava-em-trator-que-atingiu-colmeia","status":"publish","type":"post","link":"https:\/\/blogopara.com.br\/index.php\/2022\/02\/02\/idoso-morre-apos-ataque-de-abelhas-no-sudoeste-da-bahia-vitima-estava-em-trator-que-atingiu-colmeia","title":{"rendered":"Idoso morre ap\u00f3s ataque de abelhas no sudoeste da Bahia; v\u00edtima estava em trator que atingiu colmeia"},"content":{"rendered":"<div class=\"mc-column content-text active-extra-styles \" data-block-type=\"unstyled\" data-block-weight=\"44\" data-block-id=\"2\">\n<p class=\"content-text__container \" style=\"text-align: justify;\" data-track-category=\"Link no Texto\" data-track-links=\"\">Um idoso de 60 anos morreu ap\u00f3s ser atacado por abelhas, nesta ter\u00e7a-feira (1\u00b0), na cidade de\u00a0<a href=\"https:\/\/g1.globo.com\/ba\/bahia\/cidade\/itirucu\/\">Itiru\u00e7u<\/a>, no sudoeste da Bahia. Renato de Souza Menezes arava a terra com um amigo, quando o trator onde eles estavam passou em cima de uma colmeia.<\/p>\n<\/div>\n<div class=\"wall protected-content\">\n<div class=\"mc-column content-text active-extra-styles \" style=\"text-align: justify;\" data-block-type=\"unstyled\" data-block-weight=\"25\" data-block-id=\"3\">\n<p class=\"content-text__container \" data-track-category=\"Link no Texto\" data-track-links=\"\">Segundo o vereador e presidente da C\u00e2mara de\u00a0<a href=\"https:\/\/g1.globo.com\/ba\/bahia\/cidade\/itirucu\/\">Itiru\u00e7u<\/a>, Nino Mota, que \u00e9 genro da v\u00edtima, Renato era muito conhecido na cidade como &#8220;Tinho tratorista&#8221;.<\/p>\n<\/div>\n<div class=\"mc-column content-text active-extra-styles \" style=\"text-align: justify;\" data-block-type=\"unstyled\" data-block-weight=\"31\" data-block-id=\"4\">\n<p class=\"content-text__container \" data-track-category=\"Link no Texto\" data-track-links=\"\">O caso aconteceu por volta das 16h30, na fazenda do amigo da v\u00edtima, que tamb\u00e9m foi atacado. O outro homem foi levado para o Hospital de\u00a0<a href=\"https:\/\/g1.globo.com\/ba\/bahia\/cidade\/itirucu\/\">Itiru\u00e7u<\/a> e est\u00e1 em observa\u00e7\u00e3o.<\/p>\n<p class=\"content-text__container \" data-track-category=\"Link no Texto\" data-track-links=\"\"><span style=\"color: initial; font-size: revert; font-family: inherit; font-style: inherit; font-variant-ligatures: inherit; font-variant-caps: inherit; font-weight: inherit; text-align: center;\">De acordo com Nino Mota, Renato pulou do trator e tentou fugir das abelhas, mas n\u00e3o conseguiu evitar as picadas e morreu no local. Ainda n\u00e3o h\u00e1 informa\u00e7\u00f5es sobre vel\u00f3rio e sepultamento.<\/span><\/p>\n<p data-track-category=\"Link no Texto\" data-track-links=\"\">\n<\/div>\n<p style=\"text-align: justify;\" data-track-category=\"Link no Texto\" data-track-links=\"\">Por g1 BA<\/p>\n<\/div>\n","protected":false},"excerpt":{"rendered":"<p>Um idoso de 60 anos morreu ap\u00f3s ser atacado por abelhas, nesta ter\u00e7a-feira (1\u00b0), na cidade de\u00a0Itiru\u00e7u, no sudoeste da Bahia. Renato de Souza Menezes arava a terra com um amigo, quando o trator onde eles estavam passou em cima de uma colmeia. Segundo o vereador e presidente da C\u00e2mara de\u00a0Itiru\u00e7u, Nino Mota, que \u00e9 [&hellip;]<\/p>\n","protected":false},"author":1,"featured_media":33367,"comment_status":"closed","ping_status":"open","sticky":false,"template":"","format":"standard","meta":{"_uag_custom_page_level_css":"","_monsterinsights_skip_tracking":false,"_monsterinsights_sitenote_active":false,"_monsterinsights_sitenote_note":"","_monsterinsights_sitenote_category":0,"jetpack_post_was_ever_published":false,"_jetpack_newsletter_access":"","_jetpack_dont_email_post_to_subs":false,"_jetpack_newsletter_tier_id":0,"_jetpack_memberships_contains_paywalled_content":false,"_jetpack_memberships_contains_paid_content":false,"footnotes":"","jetpack_publicize_message":"","jetpack_publicize_feature_enabled":true,"jetpack_social_post_already_shared":true,"jetpack_social_options":{"image_generator_settings":{"template":"highway","default_image_id":0,"font":"","enabled":false},"version":2}},"categories":[199],"tags":[7514,7096,6703],"class_list":["post-33366","post","type-post","status-publish","format-standard","has-post-thumbnail","hentry","category-bahia","tag-ataque-de-abelhas","tag-idoso-morre","tag-sudoeste-da-ba"],"jetpack_publicize_connections":[],"jetpack_featured_media_url":"https:\/\/blogopara.com.br\/wp-content\/uploads\/2022\/02\/whatsapp-image-2022-02-01-at-21.54.44-1-1.jpeg","uagb_featured_image_src":{"full":["https:\/\/blogopara.com.br\/wp-content\/uploads\/2022\/02\/whatsapp-image-2022-02-01-at-21.54.44-1-1.jpeg",500,375,false],"thumbnail":["https:\/\/blogopara.com.br\/wp-content\/uploads\/2022\/02\/whatsapp-image-2022-02-01-at-21.54.44-1-1-150x150.jpeg",150,150,true],"medium":["https:\/\/blogopara.com.br\/wp-content\/uploads\/2022\/02\/whatsapp-image-2022-02-01-at-21.54.44-1-1-300x225.jpeg",300,225,true],"medium_large":["https:\/\/blogopara.com.br\/wp-content\/uploads\/2022\/02\/whatsapp-image-2022-02-01-at-21.54.44-1-1.jpeg",500,375,false],"large":["https:\/\/blogopara.com.br\/wp-content\/uploads\/2022\/02\/whatsapp-image-2022-02-01-at-21.54.44-1-1.jpeg",500,375,false],"1536x1536":["https:\/\/blogopara.com.br\/wp-content\/uploads\/2022\/02\/whatsapp-image-2022-02-01-at-21.54.44-1-1.jpeg",500,375,false],"2048x2048":["https:\/\/blogopara.com.br\/wp-content\/uploads\/2022\/02\/whatsapp-image-2022-02-01-at-21.54.44-1-1.jpeg",500,375,false],"mantranews-slider-large":["https:\/\/blogopara.com.br\/wp-content\/uploads\/2022\/02\/whatsapp-image-2022-02-01-at-21.54.44-1-1.jpeg",500,375,false],"mantranews-featured-medium":["https:\/\/blogopara.com.br\/wp-content\/uploads\/2022\/02\/whatsapp-image-2022-02-01-at-21.54.44-1-1-420x307.jpeg",420,307,true],"mantranews-featured-long":["https:\/\/blogopara.com.br\/wp-content\/uploads\/2022\/02\/whatsapp-image-2022-02-01-at-21.54.44-1-1-300x375.jpeg",300,375,true],"mantranews-block-medium":["https:\/\/blogopara.com.br\/wp-content\/uploads\/2022\/02\/whatsapp-image-2022-02-01-at-21.54.44-1-1-464x290.jpeg",464,290,true],"mantranews-carousel-image":["https:\/\/blogopara.com.br\/wp-content\/uploads\/2022\/02\/whatsapp-image-2022-02-01-at-21.54.44-1-1.jpeg",500,375,false],"mantranews-block-thumb":["https:\/\/blogopara.com.br\/wp-content\/uploads\/2022\/02\/whatsapp-image-2022-02-01-at-21.54.44-1-1-322x230.jpeg",322,230,true],"mantranews-single-large":["https:\/\/blogopara.com.br\/wp-content\/uploads\/2022\/02\/whatsapp-image-2022-02-01-at-21.54.44-1-1.jpeg",500,375,false]},"uagb_author_info":{"display_name":"Reda\u00e7\u00e3o geral","author_link":"https:\/\/blogopara.com.br\/index.php\/author\/blogopara"},"uagb_comment_info":0,"uagb_excerpt":"Um idoso de 60 anos morreu ap\u00f3s ser atacado por abelhas, nesta ter\u00e7a-feira (1\u00b0), na cidade de\u00a0Itiru\u00e7u, no sudoeste da Bahia. Renato de Souza Menezes arava a terra com um amigo, quando o trator onde eles estavam passou em cima de uma colmeia. Segundo o vereador e presidente da C\u00e2mara de\u00a0Itiru\u00e7u, Nino Mota, que \u00e9&hellip;","jetpack_sharing_enabled":true,"jetpack_likes_enabled":true,"_links":{"self":[{"href":"https:\/\/blogopara.com.br\/index.php\/wp-json\/wp\/v2\/posts\/33366","targetHints":{"allow":["GET"]}}],"collection":[{"href":"https:\/\/blogopara.com.br\/index.php\/wp-json\/wp\/v2\/posts"}],"about":[{"href":"https:\/\/blogopara.com.br\/index.php\/wp-json\/wp\/v2\/types\/post"}],"author":[{"embeddable":true,"href":"https:\/\/blogopara.com.br\/index.php\/wp-json\/wp\/v2\/users\/1"}],"replies":[{"embeddable":true,"href":"https:\/\/blogopara.com.br\/index.php\/wp-json\/wp\/v2\/comments?post=33366"}],"version-history":[{"count":1,"href":"https:\/\/blogopara.com.br\/index.php\/wp-json\/wp\/v2\/posts\/33366\/revisions"}],"predecessor-version":[{"id":33368,"href":"https:\/\/blogopara.com.br\/index.php\/wp-json\/wp\/v2\/posts\/33366\/revisions\/33368"}],"wp:featuredmedia":[{"embeddable":true,"href":"https:\/\/blogopara.com.br\/index.php\/wp-json\/wp\/v2\/media\/33367"}],"wp:attachment":[{"href":"https:\/\/blogopara.com.br\/index.php\/wp-json\/wp\/v2\/media?parent=33366"}],"wp:term":[{"taxonomy":"category","embeddable":true,"href":"https:\/\/blogopara.com.br\/index.php\/wp-json\/wp\/v2\/categories?post=33366"},{"taxonomy":"post_tag","embeddable":true,"href":"https:\/\/blogopara.com.br\/index.php\/wp-json\/wp\/v2\/tags?post=33366"}],"curies":[{"name":"wp","href":"https:\/\/api.w.org\/{rel}","templated":true}]}}