{"id":3342,"date":"2019-09-22T20:08:43","date_gmt":"2019-09-22T23:08:43","guid":{"rendered":"http:\/\/blogopara.com.br\/?p=3342"},"modified":"2019-09-22T20:33:59","modified_gmt":"2019-09-22T23:33:59","slug":"juazeiro-crianca-engole-moeda-e-o-prefeito-insensivel-nao-atende-o-pai-da-crianca","status":"publish","type":"post","link":"https:\/\/blogopara.com.br\/index.php\/2019\/09\/22\/juazeiro-crianca-engole-moeda-e-o-prefeito-insensivel-nao-atende-o-pai-da-crianca","title":{"rendered":"JUAZEIRO: CRIAN\u00c7A ENGOLE MOEDA E O PREFEITO INSENS\u00cdVEL N\u00c3O ATENDE O PAI DA CRIAN\u00c7A."},"content":{"rendered":"<p style=\"text-align: justify;\">Na manh\u00e3 de s\u00e1bado (21) da fam\u00edlia do garoto Jo\u00e3o Luccas de tr\u00eas anos de idade fez peregrina\u00e7\u00e3o, de Juazeiro (BA) para realiza\u00e7\u00e3o de uma cirurgia que inicialmente foi regulada para Recife, mas por falta de leito acabou sendo transferida e realizada em Salvador. A pedido do pai Jo\u00e3o Marcos o assunto somente neste domingo (22) foi liberado para divulga\u00e7\u00e3o. Ele fez um resumo da ocorr\u00eancia:<\/p>\n<p style=\"text-align: justify;\">\u201cAgora que j\u00e1 est\u00e1 tudo resolvido e o susto passou, resolvi compartilhar com voc\u00eas o que aconteceu com meu filho Jo\u00e3o Luccas, tr\u00eas aninhos. Nessa \u00faltima sexta, \u00e0s 21:30h, eu estava saindo do trabalho quando a m\u00e3e dele me mandou um \u00e1udio pedindo para ir para casa ligeiro que ele tinha engolido algum objeto, n\u00e3o se sabia ainda o que era, talvez fosse uma moeda, mas n\u00e3o tinha certeza! Levamos ele para UPA urgentemente. Chegamos l\u00e1, ele passou pela triagem e fomos informados que n\u00e3o havia aparelhos para bater o raio-x, em seguida Levamos rapidamente para Petrolina com indica\u00e7\u00e3o deles fomos para o Hospital Dom Malan, e em menos de 10 minutos fomos atendidos e foi feito o raio-x que mostrava o local exatamente onde estava esse objeto estranho que seria uma moeda realmente! Ela n\u00e3o havia descido, mas infelizmente no hospital Dom Malan tamb\u00e9m n\u00e3o fazia o procedimento de retirada do objeto da garganta do meu filho. Ele foi paro o soro, passou a noite deitado nos bancos dos corredores do hospital at\u00e9 a manh\u00e3 do outro dia, s\u00e1bado, 21 de setembro, feriado e comemora\u00e7\u00e3o do anivers\u00e1rio da Cidade de Petrolina ele ainda estava com a moeda na garganta e foi tirado um segundo raio x, para saber se ela ainda estava no mesmo local ou se j\u00e1 tinha descido.<\/p>\n<p style=\"text-align: justify;\">Foi constatado que ela ainda estava l\u00e1 exatamente no mesmo local, eles disseram que foi feito o pedido de transfer\u00eancia para retirada da moeda em Recife ou Salvador, e j\u00e1 era quase 10:00h da manh\u00e3 e ainda n\u00e3o tinha respondido. N\u00e3o quisemos mais esperar e fui at\u00e9 o Hospital Neuroc\u00e1rdio que fica ali pr\u00f3ximo ao Dom Malan, fui me informar se l\u00e1, fazia o procedimento e quando cheguei no hospital com o meu celular na m\u00e3o com a foto do raio-x do meu filho, mostrando a moeda na garganta, quando as portas abriram, comecei a encher os olhos de l\u00e1grimas e n\u00e3o consegui falar nada quando entrei na recep\u00e7\u00e3o, s\u00f3 mostrei a foto, e ainda com um n\u00f3 na garganta consegui explicar o que estava acontecendo. Que meu filho tinha engolido essa moeda e que n\u00e3o estava encontrando nenhum hospital em Juazeiro ou Petrolina que fizesse esse procedimento de retirada da moeda.<\/p>\n<p style=\"text-align: justify;\">Fui bem recebido no Neuroc\u00e1rdio pelas recepcionistas, ligaram para v\u00e1rios profissionais deste hospital, e eles informaram que faziam o procedimento, mais que n\u00e3o era barato n\u00e3o infelizmente!<\/p>\n<p style=\"text-align: justify;\">Assim como o hospital Unimed me informaram quando passei a madrugada toda tentando encontrar qualquer lugar que fosse por aqui mesmo e n\u00e3o ter que demorar mais ou precisar viajar, n\u00e3o importasse o valor, mas eles disseram que teria que juntar uma equipe com v\u00e1rios profissionais especializados na \u00e1rea, Anestesista, Pediatria e outros, al\u00e9m do leito e outras coisas mais para ter que realizar esse procedimento.<\/p>\n<p style=\"text-align: justify;\">De in\u00edcio j\u00e1 foi me avisando que s\u00f3 a Consulta na Unimed seria R$ 250.00 e n\u00e3o sabiam se iam retirar ainda. No hospital Neuroc\u00e1rdio tudo ficava em torno de R$ 2.500,00, mais conseguiram baixar os pre\u00e7os dos m\u00e9dicos de R$ 700 para R$400 e o outro de R$ 500 para R$300! O hospital cobraria o valor de R$ 1.000 reais somente do quarto e toda medica\u00e7\u00e3o.<\/p>\n<blockquote>\n<h4 style=\"text-align: justify;\"><span style=\"color: #ff0000;\"><span style=\"color: #000000;\">Foi a\u00ed que resolvi procurar ajuda da imprensa. Os radialista Geraldo Jos\u00e9 e Vaterm\u00e1rio Pimentel que me deram total apoio desde o in\u00edcio, inclusive,<\/span> pelo direct do prefeito Paulo Bonfim no Instagram que foi o \u00fanico que nem visualizou e se visualizou n\u00e3o me deu um posicionamento a respeito da situa\u00e7\u00e3o! Tenho certeza que ele desativou a confirma\u00e7\u00e3o de leitura dessa p\u00e1gina dele na rede social!<\/span><\/h4>\n<\/blockquote>\n<p style=\"text-align: justify;\">Meu filho j\u00e1 est\u00e1 bem, depois que acordou da seda\u00e7\u00e3o feita nele para realizar a endoscopia e retirar o objeto, acordou bem, conversando muito com a m\u00e3e que estava com ele a todo momento, com muita fome, e perguntando muito por mim, se o pai ia chegar para buscar ele, achando ele na inoc\u00eancia sem entender que ainda estava aqui pertinho de casa e que talvez eu pudesse ir visit\u00e1-lo.<\/p>\n<p style=\"text-align: justify;\">Ent\u00e3o estou aqui n\u00e3o para criticar os hospitais e nem a prefeitura de Juazeiro, Infelizmente n\u00e3o foi poss\u00edvel ter feito o raio-x aqui mesmo na cidade na upa de Juazeiro, teve que ser encaminhado para Petrolina. E logo depois para Salvador!<\/p>\n<p style=\"text-align: justify;\">Mesmo assim fizeram o papel cumpriram com a sua obriga\u00e7\u00e3o e o dever que t\u00eam com os seus cidad\u00e3os sejam crian\u00e7as, adultos, velhinhos a miss\u00e3o foi cumprida. Primeiramente agradecer a Deus e depois a todos que se mobilizaram nesse caso para que tudo sa\u00edsse bem em nome de Jesus! Ent\u00e3o fica aqui o meu muito obrigado a todos e vamos melhorar Juazeiro para que n\u00e3o venha acontecer esse descaso de n\u00e3o puder atender uma situa\u00e7\u00e3o de risco como essa aqui na cidade e ter que ficar para um lado e para o outro! Juazeiro merece muito mais do que j\u00e1 \u00e9 feito aqui pela administra\u00e7\u00e3o! As crian\u00e7as merecem muito mais ainda\u2026 Quem sabe um dia um candidato ou um governante n\u00e3o prometa em sua campanha e cumpra na sua gest\u00e3o, a constru\u00e7\u00e3o de um pr\u00f3prio hospital especializados somente para elas que s\u00e3o o futuro da nossa na\u00e7\u00e3o!<\/p>\n<p style=\"text-align: justify;\">Um forte abra\u00e7o e estou muito grato do fundo do meu cora\u00e7\u00e3o, apesar de tudo j\u00e1 estar tudo resolvido. Fiquem todos com Deus! Cuidem sempre do filhinho de voc\u00eas, tenham aten\u00e7\u00e3o, observem eles, os assistam quando tiverem brincando com brinquedos que cont\u00e9m pe\u00e7as proibidas para idade deles!<\/p>\n<p style=\"text-align: justify;\"><strong>Jo\u00e3o Marcos<\/strong><\/p>\n<pre>Fonte: Blog Vale em Foco<\/pre>\n","protected":false},"excerpt":{"rendered":"<p>Segundo o pai da crian\u00e7a, no desespero o mesmo manteve contato pelo instagram com o prefeito Paulo Bomfim (PCdoB) mas ele n\u00e3o respondeu.<\/p>\n","protected":false},"author":1,"featured_media":3343,"comment_status":"open","ping_status":"open","sticky":false,"template":"","format":"standard","meta":{"_uag_custom_page_level_css":"","_monsterinsights_skip_tracking":false,"_monsterinsights_sitenote_active":false,"_monsterinsights_sitenote_note":"","_monsterinsights_sitenote_category":0,"jetpack_post_was_ever_published":false,"_jetpack_newsletter_access":"","_jetpack_dont_email_post_to_subs":false,"_jetpack_newsletter_tier_id":0,"_jetpack_memberships_contains_paywalled_content":false,"_jetpack_memberships_contains_paid_content":false,"footnotes":"","jetpack_publicize_message":"","jetpack_publicize_feature_enabled":true,"jetpack_social_post_already_shared":true,"jetpack_social_options":{"image_generator_settings":{"template":"highway","default_image_id":0,"font":"","enabled":false},"version":2}},"categories":[203],"tags":[684,15],"class_list":["post-3342","post","type-post","status-publish","format-standard","has-post-thumbnail","hentry","category-juazeiro","tag-crianca","tag-paulo-bomfim"],"jetpack_publicize_connections":[],"jetpack_featured_media_url":"https:\/\/blogopara.com.br\/wp-content\/uploads\/2019\/09\/Jo\u00e3oLuccas-1.jpg","uagb_featured_image_src":{"full":["https:\/\/blogopara.com.br\/wp-content\/uploads\/2019\/09\/Jo\u00e3oLuccas-1.jpg",700,400,false],"thumbnail":["https:\/\/blogopara.com.br\/wp-content\/uploads\/2019\/09\/Jo\u00e3oLuccas-1-150x150.jpg",150,150,true],"medium":["https:\/\/blogopara.com.br\/wp-content\/uploads\/2019\/09\/Jo\u00e3oLuccas-1-300x171.jpg",300,171,true],"medium_large":["https:\/\/blogopara.com.br\/wp-content\/uploads\/2019\/09\/Jo\u00e3oLuccas-1.jpg",640,366,false],"large":["https:\/\/blogopara.com.br\/wp-content\/uploads\/2019\/09\/Jo\u00e3oLuccas-1.jpg",640,366,false],"1536x1536":["https:\/\/blogopara.com.br\/wp-content\/uploads\/2019\/09\/Jo\u00e3oLuccas-1.jpg",700,400,false],"2048x2048":["https:\/\/blogopara.com.br\/wp-content\/uploads\/2019\/09\/Jo\u00e3oLuccas-1.jpg",700,400,false],"mantranews-slider-large":["https:\/\/blogopara.com.br\/wp-content\/uploads\/2019\/09\/Jo\u00e3oLuccas-1.jpg",700,400,false],"mantranews-featured-medium":["https:\/\/blogopara.com.br\/wp-content\/uploads\/2019\/09\/Jo\u00e3oLuccas-1.jpg",420,240,false],"mantranews-featured-long":["https:\/\/blogopara.com.br\/wp-content\/uploads\/2019\/09\/Jo\u00e3oLuccas-1.jpg",300,171,false],"mantranews-block-medium":["https:\/\/blogopara.com.br\/wp-content\/uploads\/2019\/09\/Jo\u00e3oLuccas-1.jpg",464,265,false],"mantranews-carousel-image":["https:\/\/blogopara.com.br\/wp-content\/uploads\/2019\/09\/Jo\u00e3oLuccas-1.jpg",600,343,false],"mantranews-block-thumb":["https:\/\/blogopara.com.br\/wp-content\/uploads\/2019\/09\/Jo\u00e3oLuccas-1.jpg",322,184,false],"mantranews-single-large":["https:\/\/blogopara.com.br\/wp-content\/uploads\/2019\/09\/Jo\u00e3oLuccas-1.jpg",700,400,false]},"uagb_author_info":{"display_name":"Reda\u00e7\u00e3o geral","author_link":"https:\/\/blogopara.com.br\/index.php\/author\/blogopara"},"uagb_comment_info":1,"uagb_excerpt":"Segundo o pai da crian\u00e7a, no desespero o mesmo manteve contato pelo instagram com o prefeito Paulo Bomfim (PCdoB) mas ele n\u00e3o respondeu.","jetpack_sharing_enabled":true,"jetpack_likes_enabled":true,"_links":{"self":[{"href":"https:\/\/blogopara.com.br\/index.php\/wp-json\/wp\/v2\/posts\/3342","targetHints":{"allow":["GET"]}}],"collection":[{"href":"https:\/\/blogopara.com.br\/index.php\/wp-json\/wp\/v2\/posts"}],"about":[{"href":"https:\/\/blogopara.com.br\/index.php\/wp-json\/wp\/v2\/types\/post"}],"author":[{"embeddable":true,"href":"https:\/\/blogopara.com.br\/index.php\/wp-json\/wp\/v2\/users\/1"}],"replies":[{"embeddable":true,"href":"https:\/\/blogopara.com.br\/index.php\/wp-json\/wp\/v2\/comments?post=3342"}],"version-history":[{"count":3,"href":"https:\/\/blogopara.com.br\/index.php\/wp-json\/wp\/v2\/posts\/3342\/revisions"}],"predecessor-version":[{"id":3346,"href":"https:\/\/blogopara.com.br\/index.php\/wp-json\/wp\/v2\/posts\/3342\/revisions\/3346"}],"wp:featuredmedia":[{"embeddable":true,"href":"https:\/\/blogopara.com.br\/index.php\/wp-json\/wp\/v2\/media\/3343"}],"wp:attachment":[{"href":"https:\/\/blogopara.com.br\/index.php\/wp-json\/wp\/v2\/media?parent=3342"}],"wp:term":[{"taxonomy":"category","embeddable":true,"href":"https:\/\/blogopara.com.br\/index.php\/wp-json\/wp\/v2\/categories?post=3342"},{"taxonomy":"post_tag","embeddable":true,"href":"https:\/\/blogopara.com.br\/index.php\/wp-json\/wp\/v2\/tags?post=3342"}],"curies":[{"name":"wp","href":"https:\/\/api.w.org\/{rel}","templated":true}]}}