{"id":33508,"date":"2022-02-05T17:00:00","date_gmt":"2022-02-05T20:00:00","guid":{"rendered":"https:\/\/blogopara.com.br\/?p=33508"},"modified":"2022-02-05T14:48:14","modified_gmt":"2022-02-05T17:48:14","slug":"a-antropofagia-e-o-tropicalismo-na-formacao-da-identidade-cultural-brasileira","status":"publish","type":"post","link":"https:\/\/blogopara.com.br\/index.php\/2022\/02\/05\/a-antropofagia-e-o-tropicalismo-na-formacao-da-identidade-cultural-brasileira","title":{"rendered":"A antropofagia e o tropicalismo na forma\u00e7\u00e3o da identidade cultural brasileira"},"content":{"rendered":"<p style=\"text-align: justify;\">A forma\u00e7\u00e3o da identidade cultural brasileira desdobrou-se num processo que foi buscar as origens ind\u00edgenas, assim como a pr\u00f3pria heran\u00e7a europeia. No entanto, parte da sua express\u00e3o cultural come\u00e7ou a ser orientada por um ideal modernista, tamb\u00e9m fruto dos movimentos art\u00edsticos da Europa. Por\u00e9m, a grande distin\u00e7\u00e3o seria a sua integra\u00e7\u00e3o nestas ramifica\u00e7\u00f5es que adv\u00eam das origens prim\u00e1rias do povo brasileiro, disperso por um territ\u00f3rio t\u00e3o amplo. Por isso, faz sentido viajar ao conceito de antropofagia e \u00e0 emerg\u00eancia do tropicalismo, ambos cruciais naquilo que \u00e9 a cultura brasileira tal como \u00e9 conhecida\u00a0hoje.<\/p>\n<p style=\"text-align: justify;\">Na base, est\u00e1 o Manifesto Antrop\u00f3fago, que o escritor Oswald de Andrade escreveu em 1928. Era um sentido que procurava desvincular-se com o passado, orientado para uma postura cada vez mais universal e, de certa forma, revolucion\u00e1ria. No processo, a repress\u00e3o pol\u00edtica e social que se come\u00e7ou a sentir e que violou as liberdades de cria\u00e7\u00e3o e de pensamento cultural. O grande sentido do tropicalismo seria importado pelo artista pl\u00e1stico H\u00e9lio Oiticica, que se alimentaria da antropofagia proposta pelos modernistas brasileiros para o conceber. E assim foi, com esse mesmo sentido universal, de uma alimenta\u00e7\u00e3o em rela\u00e7\u00e3o \u00e0s influ\u00eancias do exterior, mesclando-as com as express\u00f5es do interior, para desenhar essa linguagem capaz de abarcar todo o mundo. O sentido de potenciar os valores positivos de ambas as influ\u00eancias ajudam a esclarecer uma postura que se procura desvincular de qualquer sentido\u00a0colonial.<\/p>\n","protected":false},"excerpt":{"rendered":"<p>\u00c0s v\u00e9speras do centen\u00e1rio do marco inicial do modernismo brasileiro, o mais famoso postulado do movimento alcan\u00e7a reconhecimento global<\/p>\n","protected":false},"author":1,"featured_media":33509,"comment_status":"closed","ping_status":"open","sticky":false,"template":"","format":"standard","meta":{"_uag_custom_page_level_css":"","_monsterinsights_skip_tracking":false,"_monsterinsights_sitenote_active":false,"_monsterinsights_sitenote_note":"","_monsterinsights_sitenote_category":0,"jetpack_post_was_ever_published":false,"_jetpack_newsletter_access":"","_jetpack_dont_email_post_to_subs":false,"_jetpack_newsletter_tier_id":0,"_jetpack_memberships_contains_paywalled_content":false,"_jetpack_memberships_contains_paid_content":false,"footnotes":"","jetpack_publicize_message":"","jetpack_publicize_feature_enabled":true,"jetpack_social_post_already_shared":true,"jetpack_social_options":{"image_generator_settings":{"template":"highway","default_image_id":0,"font":"","enabled":false},"version":2}},"categories":[200,1784],"tags":[],"class_list":["post-33508","post","type-post","status-publish","format-standard","has-post-thumbnail","hentry","category-brasil","category-cultura-2"],"jetpack_publicize_connections":[],"jetpack_featured_media_url":"https:\/\/blogopara.com.br\/wp-content\/uploads\/2022\/02\/caetano-e-gil1-750x375-1.jpg","uagb_featured_image_src":{"full":["https:\/\/blogopara.com.br\/wp-content\/uploads\/2022\/02\/caetano-e-gil1-750x375-1.jpg",500,250,false],"thumbnail":["https:\/\/blogopara.com.br\/wp-content\/uploads\/2022\/02\/caetano-e-gil1-750x375-1-150x150.jpg",150,150,true],"medium":["https:\/\/blogopara.com.br\/wp-content\/uploads\/2022\/02\/caetano-e-gil1-750x375-1-300x150.jpg",300,150,true],"medium_large":["https:\/\/blogopara.com.br\/wp-content\/uploads\/2022\/02\/caetano-e-gil1-750x375-1.jpg",500,250,false],"large":["https:\/\/blogopara.com.br\/wp-content\/uploads\/2022\/02\/caetano-e-gil1-750x375-1.jpg",500,250,false],"1536x1536":["https:\/\/blogopara.com.br\/wp-content\/uploads\/2022\/02\/caetano-e-gil1-750x375-1.jpg",500,250,false],"2048x2048":["https:\/\/blogopara.com.br\/wp-content\/uploads\/2022\/02\/caetano-e-gil1-750x375-1.jpg",500,250,false],"mantranews-slider-large":["https:\/\/blogopara.com.br\/wp-content\/uploads\/2022\/02\/caetano-e-gil1-750x375-1.jpg",500,250,false],"mantranews-featured-medium":["https:\/\/blogopara.com.br\/wp-content\/uploads\/2022\/02\/caetano-e-gil1-750x375-1-420x250.jpg",420,250,true],"mantranews-featured-long":["https:\/\/blogopara.com.br\/wp-content\/uploads\/2022\/02\/caetano-e-gil1-750x375-1-300x250.jpg",300,250,true],"mantranews-block-medium":["https:\/\/blogopara.com.br\/wp-content\/uploads\/2022\/02\/caetano-e-gil1-750x375-1-464x250.jpg",464,250,true],"mantranews-carousel-image":["https:\/\/blogopara.com.br\/wp-content\/uploads\/2022\/02\/caetano-e-gil1-750x375-1.jpg",500,250,false],"mantranews-block-thumb":["https:\/\/blogopara.com.br\/wp-content\/uploads\/2022\/02\/caetano-e-gil1-750x375-1-322x230.jpg",322,230,true],"mantranews-single-large":["https:\/\/blogopara.com.br\/wp-content\/uploads\/2022\/02\/caetano-e-gil1-750x375-1.jpg",500,250,false]},"uagb_author_info":{"display_name":"Reda\u00e7\u00e3o geral","author_link":"https:\/\/blogopara.com.br\/index.php\/author\/blogopara"},"uagb_comment_info":0,"uagb_excerpt":"\u00c0s v\u00e9speras do centen\u00e1rio do marco inicial do modernismo brasileiro, o mais famoso postulado do movimento alcan\u00e7a reconhecimento global","jetpack_sharing_enabled":true,"jetpack_likes_enabled":true,"_links":{"self":[{"href":"https:\/\/blogopara.com.br\/index.php\/wp-json\/wp\/v2\/posts\/33508","targetHints":{"allow":["GET"]}}],"collection":[{"href":"https:\/\/blogopara.com.br\/index.php\/wp-json\/wp\/v2\/posts"}],"about":[{"href":"https:\/\/blogopara.com.br\/index.php\/wp-json\/wp\/v2\/types\/post"}],"author":[{"embeddable":true,"href":"https:\/\/blogopara.com.br\/index.php\/wp-json\/wp\/v2\/users\/1"}],"replies":[{"embeddable":true,"href":"https:\/\/blogopara.com.br\/index.php\/wp-json\/wp\/v2\/comments?post=33508"}],"version-history":[{"count":1,"href":"https:\/\/blogopara.com.br\/index.php\/wp-json\/wp\/v2\/posts\/33508\/revisions"}],"predecessor-version":[{"id":33510,"href":"https:\/\/blogopara.com.br\/index.php\/wp-json\/wp\/v2\/posts\/33508\/revisions\/33510"}],"wp:featuredmedia":[{"embeddable":true,"href":"https:\/\/blogopara.com.br\/index.php\/wp-json\/wp\/v2\/media\/33509"}],"wp:attachment":[{"href":"https:\/\/blogopara.com.br\/index.php\/wp-json\/wp\/v2\/media?parent=33508"}],"wp:term":[{"taxonomy":"category","embeddable":true,"href":"https:\/\/blogopara.com.br\/index.php\/wp-json\/wp\/v2\/categories?post=33508"},{"taxonomy":"post_tag","embeddable":true,"href":"https:\/\/blogopara.com.br\/index.php\/wp-json\/wp\/v2\/tags?post=33508"}],"curies":[{"name":"wp","href":"https:\/\/api.w.org\/{rel}","templated":true}]}}