{"id":33568,"date":"2022-02-07T08:24:25","date_gmt":"2022-02-07T11:24:25","guid":{"rendered":"https:\/\/blogopara.com.br\/?p=33568"},"modified":"2022-02-07T08:26:42","modified_gmt":"2022-02-07T11:26:42","slug":"__trashed-11","status":"publish","type":"post","link":"https:\/\/blogopara.com.br\/index.php\/2022\/02\/07\/__trashed-11","title":{"rendered":"Juazeiro divulga planejamento de vacina\u00e7\u00e3o contra Covid-19 para esta segunda-feira"},"content":{"rendered":"<p class=\"x_MsoNormal\" style=\"text-align: justify;\">A Prefeitura de Juazeiro, atrav\u00e9s da Secretaria de Sa\u00fade (Sesau), segue com o cronograma de vacina\u00e7\u00e3o contra Covid-19. Nesta segunda-feira (7) haver\u00e1 pontos de vacina\u00e7\u00e3o de primeira dose para crian\u00e7as de 5 a 11 anos, segunda dose (CoronaVac e Janssen), e dose de refor\u00e7o. Confira:<\/p>\n<p class=\"x_MsoNormal\" style=\"text-align: justify;\"><b>Crian\u00e7as de 5 anos e imunossuprimidos de 5 a 11 anos<\/b><\/p>\n<p class=\"x_MsoNormal\" style=\"text-align: justify;\">&#8211; Unidades B\u00e1sicas de Sa\u00fade (UBSs) Dom Thomaz, Tabuleiro e Alto do Cruzeiro, das 9h \u00e0s 11h30<\/p>\n<p class=\"x_MsoNormal\" style=\"text-align: justify;\"><b>Crian\u00e7as de 6 a 11 anos<\/b><\/p>\n<p class=\"x_MsoNormal\" style=\"text-align: justify;\">&#8211; Ju\u00e1 Garden Shopping, das 10h \u00e0s 16h (neste ponto\u00a0<b><u>n\u00e3o<\/u><\/b>\u00a0ir\u00e1 vacinar crian\u00e7as imunossuprimidas e crian\u00e7as de 5 anos)<\/p>\n<p class=\"x_MsoNormal\" style=\"text-align: justify;\">A crian\u00e7a precisa possuir CPF ou Cart\u00e3o SUS e comprovante de resid\u00eancia. Al\u00e9m disso, \u00e9 preciso levar documento oficial da crian\u00e7a e o cart\u00e3o de vacina. Para a vacina\u00e7\u00e3o, a crian\u00e7a precisa estar acompanhada do pai ou m\u00e3e, n\u00e3o sendo obrigado, neste caso, levar o termo de autoriza\u00e7\u00e3o impresso e assinado. Por\u00e9m, caso a crian\u00e7a esteja na companhia de outro respons\u00e1vel, o pai ou m\u00e3e deve emitir por escrito uma autoriza\u00e7\u00e3o assinada.<\/p>\n<p class=\"x_MsoNormal\" style=\"text-align: justify;\">S\u00e3o considerados imunossuprimidos as pessoas com doen\u00e7as reum\u00e1ticas imunomediadas sist\u00eamicas em atividade e em uso de dose de prednisona equivalente a 10 mg\/dia ou recebendo pulsoterapia com cortic\u00f3ide e\/ou ciclofosfamida; demais indiv\u00edduos em uso de imunossupressores ou com imunodefici\u00eancias prim\u00e1rias; pacientes oncol\u00f3gicos que realizaram tratamento quimioter\u00e1pico ou radioter\u00e1pico nos \u00faltimos 6 meses; neoplasias hematol\u00f3gicas e pacientes renais cr\u00f4nicos.<\/p>\n<p class=\"x_MsoNormal\" style=\"text-align: justify;\"><b>Pessoas com 12 anos ou mais<\/b><\/p>\n<p class=\"x_MsoNormal\" style=\"text-align: justify;\">Nesta segunda-feira n\u00e3o haver\u00e1 vacina\u00e7\u00e3o de primeira dose para o p\u00fablico com 12 anos ou mais devido ao desabastecimento do fabricante Pfizer.<\/p>\n<p class=\"x_MsoNormal\" style=\"text-align: justify;\"><b>&#8211; Segunda dose e dose de refor\u00e7o<\/b><\/p>\n<p class=\"x_MsoNormal\" style=\"text-align: justify;\">&#8211; Uneb com segunda dose (Janssen e CoronaVac) e dose de refor\u00e7o, das 8h30 \u00e0s 14h;<\/p>\n<p class=\"x_MsoNormal\" style=\"text-align: justify;\">Para tomar a vacina \u00e9 preciso levar RG, CPF, Cart\u00e3o SUS, comprovante de resid\u00eancia e cart\u00e3o de vacina. Os adolescentes precisam estar acompanhados de pais ou respons\u00e1veis. A dose de refor\u00e7o \u00e9 destinada a pessoas, residentes em Juazeiro, com 18 anos ou mais e que tenham intervalo de 4 meses em rela\u00e7\u00e3o \u00e0 \u00faltima dose. Em gestantes e pu\u00e9rperas o intervalo \u00e9 de 5 meses em rela\u00e7\u00e3o \u00e0 segunda dose.<\/p>\n<p class=\"x_MsoNormal\" style=\"text-align: justify;\"><b>\u00a0<\/b><b>Vacina\u00e7\u00e3o Itinerante<\/b><\/p>\n<p class=\"x_MsoNormal\" style=\"text-align: justify;\">Nesta segunda-feira tamb\u00e9m haver\u00e1 vacina\u00e7\u00e3o itinerante contra a Covid-19. O carro estar\u00e1 na comunidade de Campos no per\u00edodo da manh\u00e3 com dose de refor\u00e7o para a popula\u00e7\u00e3o com 18 anos ou mais. Ser\u00e3o 150 doses. O carro de vacina\u00e7\u00e3o itinerante estar\u00e1 ao lado da Unidade B\u00e1sica de Sa\u00fade<\/p>\n","protected":false},"excerpt":{"rendered":"<p>A Prefeitura de Juazeiro, atrav\u00e9s da Secretaria de Sa\u00fade (Sesau), segue com o cronograma de vacina\u00e7\u00e3o contra Covid-19. Nesta segunda-feira (7) haver\u00e1 pontos de vacina\u00e7\u00e3o de primeira dose para crian\u00e7as de 5 a 11 anos, segunda dose (CoronaVac e Janssen), e dose de refor\u00e7o. Confira: Crian\u00e7as de 5 anos e imunossuprimidos de 5 a 11 [&hellip;]<\/p>\n","protected":false},"author":1,"featured_media":0,"comment_status":"closed","ping_status":"open","sticky":false,"template":"","format":"standard","meta":{"_uag_custom_page_level_css":"","_monsterinsights_skip_tracking":false,"_monsterinsights_sitenote_active":false,"_monsterinsights_sitenote_note":"","_monsterinsights_sitenote_category":0,"jetpack_post_was_ever_published":false,"_jetpack_newsletter_access":"","_jetpack_dont_email_post_to_subs":false,"_jetpack_newsletter_tier_id":0,"_jetpack_memberships_contains_paywalled_content":false,"_jetpack_memberships_contains_paid_content":false,"footnotes":"","jetpack_publicize_message":"","jetpack_publicize_feature_enabled":true,"jetpack_social_post_already_shared":true,"jetpack_social_options":{"image_generator_settings":{"template":"highway","default_image_id":0,"font":"","enabled":false},"version":2}},"categories":[1624,203],"tags":[],"class_list":["post-33568","post","type-post","status-publish","format-standard","hentry","category-covid-19","category-juazeiro"],"jetpack_publicize_connections":[],"jetpack_featured_media_url":"","uagb_featured_image_src":{"full":false,"thumbnail":false,"medium":false,"medium_large":false,"large":false,"1536x1536":false,"2048x2048":false,"mantranews-slider-large":false,"mantranews-featured-medium":false,"mantranews-featured-long":false,"mantranews-block-medium":false,"mantranews-carousel-image":false,"mantranews-block-thumb":false,"mantranews-single-large":false},"uagb_author_info":{"display_name":"Reda\u00e7\u00e3o geral","author_link":"https:\/\/blogopara.com.br\/index.php\/author\/blogopara"},"uagb_comment_info":0,"uagb_excerpt":"A Prefeitura de Juazeiro, atrav\u00e9s da Secretaria de Sa\u00fade (Sesau), segue com o cronograma de vacina\u00e7\u00e3o contra Covid-19. Nesta segunda-feira (7) haver\u00e1 pontos de vacina\u00e7\u00e3o de primeira dose para crian\u00e7as de 5 a 11 anos, segunda dose (CoronaVac e Janssen), e dose de refor\u00e7o. Confira: Crian\u00e7as de 5 anos e imunossuprimidos de 5 a 11&hellip;","jetpack_sharing_enabled":true,"jetpack_likes_enabled":true,"_links":{"self":[{"href":"https:\/\/blogopara.com.br\/index.php\/wp-json\/wp\/v2\/posts\/33568","targetHints":{"allow":["GET"]}}],"collection":[{"href":"https:\/\/blogopara.com.br\/index.php\/wp-json\/wp\/v2\/posts"}],"about":[{"href":"https:\/\/blogopara.com.br\/index.php\/wp-json\/wp\/v2\/types\/post"}],"author":[{"embeddable":true,"href":"https:\/\/blogopara.com.br\/index.php\/wp-json\/wp\/v2\/users\/1"}],"replies":[{"embeddable":true,"href":"https:\/\/blogopara.com.br\/index.php\/wp-json\/wp\/v2\/comments?post=33568"}],"version-history":[{"count":2,"href":"https:\/\/blogopara.com.br\/index.php\/wp-json\/wp\/v2\/posts\/33568\/revisions"}],"predecessor-version":[{"id":33572,"href":"https:\/\/blogopara.com.br\/index.php\/wp-json\/wp\/v2\/posts\/33568\/revisions\/33572"}],"wp:attachment":[{"href":"https:\/\/blogopara.com.br\/index.php\/wp-json\/wp\/v2\/media?parent=33568"}],"wp:term":[{"taxonomy":"category","embeddable":true,"href":"https:\/\/blogopara.com.br\/index.php\/wp-json\/wp\/v2\/categories?post=33568"},{"taxonomy":"post_tag","embeddable":true,"href":"https:\/\/blogopara.com.br\/index.php\/wp-json\/wp\/v2\/tags?post=33568"}],"curies":[{"name":"wp","href":"https:\/\/api.w.org\/{rel}","templated":true}]}}