{"id":33585,"date":"2022-02-07T17:43:00","date_gmt":"2022-02-07T20:43:00","guid":{"rendered":"https:\/\/blogopara.com.br\/?p=33585"},"modified":"2022-02-07T14:04:14","modified_gmt":"2022-02-07T17:04:14","slug":"facape-retoma-aulas-presenciais-nesta-segunda-feira-com-protocolo-de-biosseguranca","status":"publish","type":"post","link":"https:\/\/blogopara.com.br\/index.php\/2022\/02\/07\/facape-retoma-aulas-presenciais-nesta-segunda-feira-com-protocolo-de-biosseguranca","title":{"rendered":"Facape retoma aulas presenciais nesta segunda-feira com protocolo de biosseguran\u00e7a"},"content":{"rendered":"<p style=\"text-align: justify;\">A Faculdade de Petrolina \u2013 Facape, retomou nesta segunda-feira (7), ao ensino presencial, depois de quatro semestres de aulas on-line. O retorno segue o protocolo de biosseguran\u00e7a adotado pela Secretaria de Educa\u00e7\u00e3o, Cultura e Esportes do Munic\u00edpio de Petrolina.<br \/>\n\u201cA energia do ensino presencial \u00e9 \u00fanica. Basta a gente se cuidar e tudo vai dar certo,\u201d frisou o professor Genivaldo Nascimento.<br \/>\n\u201cEstou feliz com a volta pra casa (Facape), feliz em estar com os colegas. A faculdade fez mudan\u00e7as significativas na rotina. Vamos ver ao longo da semana como as pessoas v\u00e3o lidar com os protocolos,\u201d ressaltou o estudante M\u00e1rcio de Oliveira Silva, de 21 anos.<\/p>\n<p style=\"text-align: justify;\">Eduarda Diniz, de 17 anos \u00e9 aluna do primeiro per\u00edodo de direito. Vai come\u00e7ar o curso de forma presencial em meio a pandemia da Covid-19, mas declarou que est\u00e1 tranquila com o protocolo de biosseguran\u00e7a adotado pela Facape. \u201cEstou ansiosa, mas contente e me sentindo segura em vir para aulas presenciais.\u201d<\/p>\n<p style=\"text-align: justify;\">O calend\u00e1rio vai seguir formato de aulas presenciais e remotas de forma alternada. As rotinas acad\u00eamicas devem potencializar as medidas de biosseguran\u00e7a, realizando as adequa\u00e7\u00f5es, planejando as adapta\u00e7\u00f5es e implementando mudan\u00e7as significativas na organiza\u00e7\u00e3o dos espa\u00e7os e no fluxo de pessoas.<\/p>\n<p style=\"text-align: justify;\">Os oito colegiados da Facape disponibilizaram o protocolo de biosseguran\u00e7a para os alunos, corpo t\u00e9cnico e professores. Entre as medidas de biosseguran\u00e7a est\u00e1, por exemplo, o uso obrigat\u00f3rio de m\u00e1scara, a manuten\u00e7\u00e3o de portas e janelas abertas, torneiras e dispositivos de \u00e1lcool, sabonete, papel toalha, etc.<\/p>\n<p style=\"text-align: justify;\">A Faculdade exigiu que todos os servidores, contratados, terceirizados, bolsistas e estagi\u00e1rios apresentem o comprovante de vacina\u00e7\u00e3o contra a Covid-19. O protocolo pode sofrer adequa\u00e7\u00f5es a depender do cen\u00e1rio da pandemia e das medidas governamentais.<\/p>\n<p style=\"text-align: justify;\">Assessoria de Comunica\u00e7\u00e3o da Facape<\/p>\n","protected":false},"excerpt":{"rendered":"<p>A Faculdade de Petrolina \u2013 Facape, retomou nesta segunda-feira (7), ao ensino presencial, depois de quatro semestres de aulas on-line. O retorno segue o protocolo de biosseguran\u00e7a adotado pela Secretaria de Educa\u00e7\u00e3o, Cultura e Esportes do Munic\u00edpio de Petrolina. \u201cA energia do ensino presencial \u00e9 \u00fanica. Basta a gente se cuidar e tudo vai dar [&hellip;]<\/p>\n","protected":false},"author":1,"featured_media":33586,"comment_status":"closed","ping_status":"open","sticky":false,"template":"","format":"standard","meta":{"_uag_custom_page_level_css":"","_monsterinsights_skip_tracking":false,"_monsterinsights_sitenote_active":false,"_monsterinsights_sitenote_note":"","_monsterinsights_sitenote_category":0,"jetpack_post_was_ever_published":false,"_jetpack_newsletter_access":"","_jetpack_dont_email_post_to_subs":false,"_jetpack_newsletter_tier_id":0,"_jetpack_memberships_contains_paywalled_content":false,"_jetpack_memberships_contains_paid_content":false,"footnotes":"","jetpack_publicize_message":"","jetpack_publicize_feature_enabled":true,"jetpack_social_post_already_shared":true,"jetpack_social_options":{"image_generator_settings":{"template":"highway","default_image_id":0,"font":"","enabled":false},"version":2}},"categories":[851],"tags":[7593,897,7592,3125],"class_list":["post-33585","post","type-post","status-publish","format-standard","has-post-thumbnail","hentry","category-petrolina","tag-biosseguranca","tag-facape","tag-retoma-aulas-presenciais","tag-segunda-feira"],"jetpack_publicize_connections":[],"jetpack_featured_media_url":"https:\/\/blogopara.com.br\/wp-content\/uploads\/2022\/02\/WhatsApp-Image-2022-02-07-at-10.22.21.jpeg","uagb_featured_image_src":{"full":["https:\/\/blogopara.com.br\/wp-content\/uploads\/2022\/02\/WhatsApp-Image-2022-02-07-at-10.22.21.jpeg",500,375,false],"thumbnail":["https:\/\/blogopara.com.br\/wp-content\/uploads\/2022\/02\/WhatsApp-Image-2022-02-07-at-10.22.21-150x150.jpeg",150,150,true],"medium":["https:\/\/blogopara.com.br\/wp-content\/uploads\/2022\/02\/WhatsApp-Image-2022-02-07-at-10.22.21-300x225.jpeg",300,225,true],"medium_large":["https:\/\/blogopara.com.br\/wp-content\/uploads\/2022\/02\/WhatsApp-Image-2022-02-07-at-10.22.21.jpeg",500,375,false],"large":["https:\/\/blogopara.com.br\/wp-content\/uploads\/2022\/02\/WhatsApp-Image-2022-02-07-at-10.22.21.jpeg",500,375,false],"1536x1536":["https:\/\/blogopara.com.br\/wp-content\/uploads\/2022\/02\/WhatsApp-Image-2022-02-07-at-10.22.21.jpeg",500,375,false],"2048x2048":["https:\/\/blogopara.com.br\/wp-content\/uploads\/2022\/02\/WhatsApp-Image-2022-02-07-at-10.22.21.jpeg",500,375,false],"mantranews-slider-large":["https:\/\/blogopara.com.br\/wp-content\/uploads\/2022\/02\/WhatsApp-Image-2022-02-07-at-10.22.21.jpeg",500,375,false],"mantranews-featured-medium":["https:\/\/blogopara.com.br\/wp-content\/uploads\/2022\/02\/WhatsApp-Image-2022-02-07-at-10.22.21-420x307.jpeg",420,307,true],"mantranews-featured-long":["https:\/\/blogopara.com.br\/wp-content\/uploads\/2022\/02\/WhatsApp-Image-2022-02-07-at-10.22.21-300x375.jpeg",300,375,true],"mantranews-block-medium":["https:\/\/blogopara.com.br\/wp-content\/uploads\/2022\/02\/WhatsApp-Image-2022-02-07-at-10.22.21-464x290.jpeg",464,290,true],"mantranews-carousel-image":["https:\/\/blogopara.com.br\/wp-content\/uploads\/2022\/02\/WhatsApp-Image-2022-02-07-at-10.22.21.jpeg",500,375,false],"mantranews-block-thumb":["https:\/\/blogopara.com.br\/wp-content\/uploads\/2022\/02\/WhatsApp-Image-2022-02-07-at-10.22.21-322x230.jpeg",322,230,true],"mantranews-single-large":["https:\/\/blogopara.com.br\/wp-content\/uploads\/2022\/02\/WhatsApp-Image-2022-02-07-at-10.22.21.jpeg",500,375,false]},"uagb_author_info":{"display_name":"Reda\u00e7\u00e3o geral","author_link":"https:\/\/blogopara.com.br\/index.php\/author\/blogopara"},"uagb_comment_info":0,"uagb_excerpt":"A Faculdade de Petrolina \u2013 Facape, retomou nesta segunda-feira (7), ao ensino presencial, depois de quatro semestres de aulas on-line. O retorno segue o protocolo de biosseguran\u00e7a adotado pela Secretaria de Educa\u00e7\u00e3o, Cultura e Esportes do Munic\u00edpio de Petrolina. \u201cA energia do ensino presencial \u00e9 \u00fanica. Basta a gente se cuidar e tudo vai dar&hellip;","jetpack_sharing_enabled":true,"jetpack_likes_enabled":true,"_links":{"self":[{"href":"https:\/\/blogopara.com.br\/index.php\/wp-json\/wp\/v2\/posts\/33585","targetHints":{"allow":["GET"]}}],"collection":[{"href":"https:\/\/blogopara.com.br\/index.php\/wp-json\/wp\/v2\/posts"}],"about":[{"href":"https:\/\/blogopara.com.br\/index.php\/wp-json\/wp\/v2\/types\/post"}],"author":[{"embeddable":true,"href":"https:\/\/blogopara.com.br\/index.php\/wp-json\/wp\/v2\/users\/1"}],"replies":[{"embeddable":true,"href":"https:\/\/blogopara.com.br\/index.php\/wp-json\/wp\/v2\/comments?post=33585"}],"version-history":[{"count":1,"href":"https:\/\/blogopara.com.br\/index.php\/wp-json\/wp\/v2\/posts\/33585\/revisions"}],"predecessor-version":[{"id":33587,"href":"https:\/\/blogopara.com.br\/index.php\/wp-json\/wp\/v2\/posts\/33585\/revisions\/33587"}],"wp:featuredmedia":[{"embeddable":true,"href":"https:\/\/blogopara.com.br\/index.php\/wp-json\/wp\/v2\/media\/33586"}],"wp:attachment":[{"href":"https:\/\/blogopara.com.br\/index.php\/wp-json\/wp\/v2\/media?parent=33585"}],"wp:term":[{"taxonomy":"category","embeddable":true,"href":"https:\/\/blogopara.com.br\/index.php\/wp-json\/wp\/v2\/categories?post=33585"},{"taxonomy":"post_tag","embeddable":true,"href":"https:\/\/blogopara.com.br\/index.php\/wp-json\/wp\/v2\/tags?post=33585"}],"curies":[{"name":"wp","href":"https:\/\/api.w.org\/{rel}","templated":true}]}}