{"id":33609,"date":"2022-02-08T12:38:00","date_gmt":"2022-02-08T15:38:00","guid":{"rendered":"https:\/\/blogopara.com.br\/?p=33609"},"modified":"2022-02-08T09:15:35","modified_gmt":"2022-02-08T12:15:35","slug":"programa-inedito-amplia-geracao-de-energia-solar-no-vale-do-sao-francisco","status":"publish","type":"post","link":"https:\/\/blogopara.com.br\/index.php\/2022\/02\/08\/programa-inedito-amplia-geracao-de-energia-solar-no-vale-do-sao-francisco","title":{"rendered":"Programa in\u00e9dito amplia gera\u00e7\u00e3o de energia solar no Vale do S\u00e3o Francisco"},"content":{"rendered":"<p style=\"text-align: justify;\">Uma linha que garante 100% de financiamento para aquisi\u00e7\u00e3o de equipamentos de gera\u00e7\u00e3o de energia solar com prazo de pagamento em at\u00e9 60 meses. Este \u00e9 o novo programa do Sicredi Vale do S\u00e3o Francisco, anunciado em Petrolina &#8211; PE, nesta segunda-feira (7).<\/p>\n<p style=\"text-align: justify;\">A boa nova, recebida com bastante entusiasmo por associados e tamb\u00e9m n\u00e3o associados da cooperativa de cr\u00e9dito, chega em meio a grande repercuss\u00e3o do marco legal da gera\u00e7\u00e3o pr\u00f3pria de energia, microgera\u00e7\u00e3o e minigera\u00e7\u00e3o distribu\u00edda, sancionado pela presid\u00eancia da rep\u00fablica no \u00faltimo dia 7 de janeiro.<\/p>\n<p style=\"text-align: justify;\">Publicado no Di\u00e1rio Oficial da Uni\u00e3o, a lei n\u00ba 14.300\/22 vai taxar os consumidores que produzem a pr\u00f3pria energia com o pagamento da tarifa TUSD Fio B (Tarifa de Uso do Sistema de Distribui\u00e7\u00e3o) sobre a distribui\u00e7\u00e3o da energia produzida. Quem implantar o projeto em 2022 ficar\u00e1 isento da referida taxa at\u00e9 2045.<\/p>\n<p style=\"text-align: justify;\">Bastante aguardada pelo setor, a san\u00e7\u00e3o presidencial, segundo o diretor executivo do Sicredi Vale do S\u00e3o Francisco, Alb\u00e9rico Pena, foi um dos grandes respons\u00e1veis pela cria\u00e7\u00e3o do novo programa da cooperativa. &#8220;A energia solar \u00e9 uma solu\u00e7\u00e3o limpa e renov\u00e1vel, que garante a economia na conta de luz tanto para o uso residencial, quanto para o segmento empresarial&#8221;, ressaltou.<\/p>\n<p style=\"text-align: justify;\">Alb\u00e9rico Pena adiantou ainda que s\u00e3o muito boas as expectativas com o novo programa. &#8220;Esperamos duplicar o potencial fotovoltaico da regi\u00e3o, ampliando o n\u00famero de pain\u00e9is, conversores e aquecedores, com financiamento de 100% dos projetos e pagamento em at\u00e9 60 meses&#8221;, concluiu.<\/p>\n<p>Mais informa\u00e7\u00f5es: sicredi.com.br\/valedosaofrancisco Clas Comunica\u00e7\u00e3o e Marketing<\/p>\n","protected":false},"excerpt":{"rendered":"<p>Uma linha que garante 100% de financiamento para aquisi\u00e7\u00e3o de equipamentos de gera\u00e7\u00e3o de energia solar com prazo de pagamento em at\u00e9 60 meses. Este \u00e9 o novo programa do Sicredi Vale do S\u00e3o Francisco, anunciado em Petrolina &#8211; PE, nesta segunda-feira (7). A boa nova, recebida com bastante entusiasmo por associados e tamb\u00e9m n\u00e3o [&hellip;]<\/p>\n","protected":false},"author":1,"featured_media":33610,"comment_status":"closed","ping_status":"open","sticky":false,"template":"","format":"standard","meta":{"_uag_custom_page_level_css":"","_monsterinsights_skip_tracking":false,"_monsterinsights_sitenote_active":false,"_monsterinsights_sitenote_note":"","_monsterinsights_sitenote_category":0,"jetpack_post_was_ever_published":false,"_jetpack_newsletter_access":"","_jetpack_dont_email_post_to_subs":false,"_jetpack_newsletter_tier_id":0,"_jetpack_memberships_contains_paywalled_content":false,"_jetpack_memberships_contains_paid_content":false,"footnotes":"","jetpack_publicize_message":"","jetpack_publicize_feature_enabled":true,"jetpack_social_post_already_shared":true,"jetpack_social_options":{"image_generator_settings":{"template":"highway","default_image_id":0,"font":"","enabled":false},"version":2}},"categories":[851],"tags":[3549,7609,7608,720],"class_list":["post-33609","post","type-post","status-publish","format-standard","has-post-thumbnail","hentry","category-petrolina","tag-ampliacao","tag-geracao-de-energia-solar","tag-programa-inedito","tag-vale-do-sao-francisco"],"jetpack_publicize_connections":[],"jetpack_featured_media_url":"https:\/\/blogopara.com.br\/wp-content\/uploads\/2022\/02\/WhatsApp-Image-2022-02-07-at-15.39.33.jpeg","uagb_featured_image_src":{"full":["https:\/\/blogopara.com.br\/wp-content\/uploads\/2022\/02\/WhatsApp-Image-2022-02-07-at-15.39.33.jpeg",500,476,false],"thumbnail":["https:\/\/blogopara.com.br\/wp-content\/uploads\/2022\/02\/WhatsApp-Image-2022-02-07-at-15.39.33-150x150.jpeg",150,150,true],"medium":["https:\/\/blogopara.com.br\/wp-content\/uploads\/2022\/02\/WhatsApp-Image-2022-02-07-at-15.39.33-300x286.jpeg",300,286,true],"medium_large":["https:\/\/blogopara.com.br\/wp-content\/uploads\/2022\/02\/WhatsApp-Image-2022-02-07-at-15.39.33.jpeg",500,476,false],"large":["https:\/\/blogopara.com.br\/wp-content\/uploads\/2022\/02\/WhatsApp-Image-2022-02-07-at-15.39.33.jpeg",500,476,false],"1536x1536":["https:\/\/blogopara.com.br\/wp-content\/uploads\/2022\/02\/WhatsApp-Image-2022-02-07-at-15.39.33.jpeg",500,476,false],"2048x2048":["https:\/\/blogopara.com.br\/wp-content\/uploads\/2022\/02\/WhatsApp-Image-2022-02-07-at-15.39.33.jpeg",500,476,false],"mantranews-slider-large":["https:\/\/blogopara.com.br\/wp-content\/uploads\/2022\/02\/WhatsApp-Image-2022-02-07-at-15.39.33.jpeg",500,476,false],"mantranews-featured-medium":["https:\/\/blogopara.com.br\/wp-content\/uploads\/2022\/02\/WhatsApp-Image-2022-02-07-at-15.39.33-420x307.jpeg",420,307,true],"mantranews-featured-long":["https:\/\/blogopara.com.br\/wp-content\/uploads\/2022\/02\/WhatsApp-Image-2022-02-07-at-15.39.33-300x443.jpeg",300,443,true],"mantranews-block-medium":["https:\/\/blogopara.com.br\/wp-content\/uploads\/2022\/02\/WhatsApp-Image-2022-02-07-at-15.39.33-464x290.jpeg",464,290,true],"mantranews-carousel-image":["https:\/\/blogopara.com.br\/wp-content\/uploads\/2022\/02\/WhatsApp-Image-2022-02-07-at-15.39.33.jpeg",500,476,false],"mantranews-block-thumb":["https:\/\/blogopara.com.br\/wp-content\/uploads\/2022\/02\/WhatsApp-Image-2022-02-07-at-15.39.33-322x230.jpeg",322,230,true],"mantranews-single-large":["https:\/\/blogopara.com.br\/wp-content\/uploads\/2022\/02\/WhatsApp-Image-2022-02-07-at-15.39.33.jpeg",500,476,false]},"uagb_author_info":{"display_name":"Reda\u00e7\u00e3o geral","author_link":"https:\/\/blogopara.com.br\/index.php\/author\/blogopara"},"uagb_comment_info":0,"uagb_excerpt":"Uma linha que garante 100% de financiamento para aquisi\u00e7\u00e3o de equipamentos de gera\u00e7\u00e3o de energia solar com prazo de pagamento em at\u00e9 60 meses. Este \u00e9 o novo programa do Sicredi Vale do S\u00e3o Francisco, anunciado em Petrolina &#8211; PE, nesta segunda-feira (7). A boa nova, recebida com bastante entusiasmo por associados e tamb\u00e9m n\u00e3o&hellip;","jetpack_sharing_enabled":true,"jetpack_likes_enabled":true,"_links":{"self":[{"href":"https:\/\/blogopara.com.br\/index.php\/wp-json\/wp\/v2\/posts\/33609","targetHints":{"allow":["GET"]}}],"collection":[{"href":"https:\/\/blogopara.com.br\/index.php\/wp-json\/wp\/v2\/posts"}],"about":[{"href":"https:\/\/blogopara.com.br\/index.php\/wp-json\/wp\/v2\/types\/post"}],"author":[{"embeddable":true,"href":"https:\/\/blogopara.com.br\/index.php\/wp-json\/wp\/v2\/users\/1"}],"replies":[{"embeddable":true,"href":"https:\/\/blogopara.com.br\/index.php\/wp-json\/wp\/v2\/comments?post=33609"}],"version-history":[{"count":1,"href":"https:\/\/blogopara.com.br\/index.php\/wp-json\/wp\/v2\/posts\/33609\/revisions"}],"predecessor-version":[{"id":33611,"href":"https:\/\/blogopara.com.br\/index.php\/wp-json\/wp\/v2\/posts\/33609\/revisions\/33611"}],"wp:featuredmedia":[{"embeddable":true,"href":"https:\/\/blogopara.com.br\/index.php\/wp-json\/wp\/v2\/media\/33610"}],"wp:attachment":[{"href":"https:\/\/blogopara.com.br\/index.php\/wp-json\/wp\/v2\/media?parent=33609"}],"wp:term":[{"taxonomy":"category","embeddable":true,"href":"https:\/\/blogopara.com.br\/index.php\/wp-json\/wp\/v2\/categories?post=33609"},{"taxonomy":"post_tag","embeddable":true,"href":"https:\/\/blogopara.com.br\/index.php\/wp-json\/wp\/v2\/tags?post=33609"}],"curies":[{"name":"wp","href":"https:\/\/api.w.org\/{rel}","templated":true}]}}