{"id":33649,"date":"2022-02-09T15:34:00","date_gmt":"2022-02-09T18:34:00","guid":{"rendered":"https:\/\/blogopara.com.br\/?p=33649"},"modified":"2022-02-09T07:36:27","modified_gmt":"2022-02-09T10:36:27","slug":"cabo-daciolo-desiste-de-candidatura-a-presidente-e-diz-apoiar-ciro-gomes-em-2022","status":"publish","type":"post","link":"https:\/\/blogopara.com.br\/index.php\/2022\/02\/09\/cabo-daciolo-desiste-de-candidatura-a-presidente-e-diz-apoiar-ciro-gomes-em-2022","title":{"rendered":"Cabo Daciolo desiste de candidatura a presidente e diz apoiar Ciro Gomes em 2022"},"content":{"rendered":"<p style=\"text-align: justify;\">O ex-deputado federal Cabo Daciolo (Brasil 35) anunciou, em v\u00eddeo publicado nesta quinta-feira (16), que desistiu de concorrer a presidente nas\u00a0<a href=\"https:\/\/www.cnnbrasil.com.br\/tudo-sobre\/eleicoes-2022\/\">elei\u00e7\u00f5es de 2022<\/a>. Al\u00e9m disso, afirmou que ir\u00e1 apoiar Ciro Gomes (PDT) no pleito.<\/p>\n<p style=\"text-align: justify;\">Sexto colocado na elei\u00e7\u00e3o presidencial de 2018 com 1,3 milh\u00e3o de votos, Daciolo relatou que ir\u00e1 retirar sua pr\u00e9-candidatura devido a um \u201cchamado do esp\u00edrito santo\u201d.<\/p>\n<p style=\"text-align: justify;\">\u201cO esp\u00edrito santo est\u00e1 me tocando aqui, e eu quero dizer para voc\u00ea que o Cabo Daciolo n\u00e3o \u00e9 mais pr\u00e9-candidato \u00e0 Presid\u00eancia da Rep\u00fablica\u201d, disse o ex-bombeiro militar.<\/p>\n<p style=\"text-align: justify;\">O ex-parlamentar afirmou no v\u00eddeo \u2014 publicado em suas redes sociais \u2014 que ainda ir\u00e1 comunicar o partido Brasil 35 (novo nome do Partido da Mulher Brasileira) de sua decis\u00e3o.<\/p>\n<p style=\"text-align: justify;\">Antes de finalizar a grava\u00e7\u00e3o, Cabo Daciolo ainda declarou voto em Ciro Gomes. O ex-deputado criticou\u00a0<a href=\"https:\/\/www.cnnbrasil.com.br\/nacional\/policia-investiga-suposto-esquema-de-propina-em-reforma-do-castelao-em-fortaleza\/\">a opera\u00e7\u00e3o da Pol\u00edcia Federal deflagrada na quarta-feira (15) que investiga o pedetista<\/a>.<\/p>\n<p style=\"text-align: justify;\">A opera\u00e7\u00e3o apura supostas fraudes e pagamentos de propinas a agentes pol\u00edticos e servidores p\u00fablicos durante o processo de licita\u00e7\u00e3o das obras da Arena Castel\u00e3o, em Fortaleza, entre os anos de 2010 e 2013.<\/p>\n<p style=\"text-align: justify;\">\u201cMediante tudo que eu falei aqui para todos, eu quero falar com o Ciro. Ciro Gomes, irm\u00e3oz\u00e3o, no dia da elei\u00e7\u00e3o, em 2022, na contagem dos votos, se voc\u00ea tiver um voto l\u00e1, saiba que esse voto foi do Cabo Daciolo\u201d, disse o ex-deputado.<\/p>\n<p style=\"text-align: justify;\">No v\u00eddeo, Daciolo deixou as \u201cportas\u201d abertas para outras possibilidades nas elei\u00e7\u00f5es de 2022.\u00a0\u201cEu n\u00e3o sei se eu vou ser candidato ao Senado, eu n\u00e3o sei se eu vou ser candidato ao governo [do Rio]. Eu n\u00e3o sei o que vai acontecer, talvez eu n\u00e3o seja candidato a nada\u201d, declarou.<\/p>\n","protected":false},"excerpt":{"rendered":"<p>O ex-deputado federal Cabo Daciolo (Brasil 35) anunciou, em v\u00eddeo publicado nesta quinta-feira (16), que desistiu de concorrer a presidente nas\u00a0elei\u00e7\u00f5es de 2022. Al\u00e9m disso, afirmou que ir\u00e1 apoiar Ciro Gomes (PDT) no pleito. Sexto colocado na elei\u00e7\u00e3o presidencial de 2018 com 1,3 milh\u00e3o de votos, Daciolo relatou que ir\u00e1 retirar sua pr\u00e9-candidatura devido a [&hellip;]<\/p>\n","protected":false},"author":1,"featured_media":33650,"comment_status":"closed","ping_status":"open","sticky":false,"template":"","format":"standard","meta":{"_uag_custom_page_level_css":"","_monsterinsights_skip_tracking":false,"_monsterinsights_sitenote_active":false,"_monsterinsights_sitenote_note":"","_monsterinsights_sitenote_category":0,"jetpack_post_was_ever_published":false,"_jetpack_newsletter_access":"","_jetpack_dont_email_post_to_subs":false,"_jetpack_newsletter_tier_id":0,"_jetpack_memberships_contains_paywalled_content":false,"_jetpack_memberships_contains_paid_content":false,"footnotes":"","jetpack_publicize_message":"","jetpack_publicize_feature_enabled":true,"jetpack_social_post_already_shared":true,"jetpack_social_options":{"image_generator_settings":{"template":"highway","default_image_id":0,"font":"","enabled":false},"version":2}},"categories":[200,197],"tags":[],"class_list":["post-33649","post","type-post","status-publish","format-standard","has-post-thumbnail","hentry","category-brasil","category-politica"],"jetpack_publicize_connections":[],"jetpack_featured_media_url":"https:\/\/blogopara.com.br\/wp-content\/uploads\/2022\/02\/img201705161328474852745.jpg","uagb_featured_image_src":{"full":["https:\/\/blogopara.com.br\/wp-content\/uploads\/2022\/02\/img201705161328474852745.jpg",500,276,false],"thumbnail":["https:\/\/blogopara.com.br\/wp-content\/uploads\/2022\/02\/img201705161328474852745-150x150.jpg",150,150,true],"medium":["https:\/\/blogopara.com.br\/wp-content\/uploads\/2022\/02\/img201705161328474852745-300x166.jpg",300,166,true],"medium_large":["https:\/\/blogopara.com.br\/wp-content\/uploads\/2022\/02\/img201705161328474852745.jpg",500,276,false],"large":["https:\/\/blogopara.com.br\/wp-content\/uploads\/2022\/02\/img201705161328474852745.jpg",500,276,false],"1536x1536":["https:\/\/blogopara.com.br\/wp-content\/uploads\/2022\/02\/img201705161328474852745.jpg",500,276,false],"2048x2048":["https:\/\/blogopara.com.br\/wp-content\/uploads\/2022\/02\/img201705161328474852745.jpg",500,276,false],"mantranews-slider-large":["https:\/\/blogopara.com.br\/wp-content\/uploads\/2022\/02\/img201705161328474852745.jpg",500,276,false],"mantranews-featured-medium":["https:\/\/blogopara.com.br\/wp-content\/uploads\/2022\/02\/img201705161328474852745-420x276.jpg",420,276,true],"mantranews-featured-long":["https:\/\/blogopara.com.br\/wp-content\/uploads\/2022\/02\/img201705161328474852745-300x276.jpg",300,276,true],"mantranews-block-medium":["https:\/\/blogopara.com.br\/wp-content\/uploads\/2022\/02\/img201705161328474852745-464x276.jpg",464,276,true],"mantranews-carousel-image":["https:\/\/blogopara.com.br\/wp-content\/uploads\/2022\/02\/img201705161328474852745.jpg",500,276,false],"mantranews-block-thumb":["https:\/\/blogopara.com.br\/wp-content\/uploads\/2022\/02\/img201705161328474852745-322x230.jpg",322,230,true],"mantranews-single-large":["https:\/\/blogopara.com.br\/wp-content\/uploads\/2022\/02\/img201705161328474852745.jpg",500,276,false]},"uagb_author_info":{"display_name":"Reda\u00e7\u00e3o geral","author_link":"https:\/\/blogopara.com.br\/index.php\/author\/blogopara"},"uagb_comment_info":0,"uagb_excerpt":"O ex-deputado federal Cabo Daciolo (Brasil 35) anunciou, em v\u00eddeo publicado nesta quinta-feira (16), que desistiu de concorrer a presidente nas\u00a0elei\u00e7\u00f5es de 2022. Al\u00e9m disso, afirmou que ir\u00e1 apoiar Ciro Gomes (PDT) no pleito. Sexto colocado na elei\u00e7\u00e3o presidencial de 2018 com 1,3 milh\u00e3o de votos, Daciolo relatou que ir\u00e1 retirar sua pr\u00e9-candidatura devido a&hellip;","jetpack_sharing_enabled":true,"jetpack_likes_enabled":true,"_links":{"self":[{"href":"https:\/\/blogopara.com.br\/index.php\/wp-json\/wp\/v2\/posts\/33649","targetHints":{"allow":["GET"]}}],"collection":[{"href":"https:\/\/blogopara.com.br\/index.php\/wp-json\/wp\/v2\/posts"}],"about":[{"href":"https:\/\/blogopara.com.br\/index.php\/wp-json\/wp\/v2\/types\/post"}],"author":[{"embeddable":true,"href":"https:\/\/blogopara.com.br\/index.php\/wp-json\/wp\/v2\/users\/1"}],"replies":[{"embeddable":true,"href":"https:\/\/blogopara.com.br\/index.php\/wp-json\/wp\/v2\/comments?post=33649"}],"version-history":[{"count":1,"href":"https:\/\/blogopara.com.br\/index.php\/wp-json\/wp\/v2\/posts\/33649\/revisions"}],"predecessor-version":[{"id":33651,"href":"https:\/\/blogopara.com.br\/index.php\/wp-json\/wp\/v2\/posts\/33649\/revisions\/33651"}],"wp:featuredmedia":[{"embeddable":true,"href":"https:\/\/blogopara.com.br\/index.php\/wp-json\/wp\/v2\/media\/33650"}],"wp:attachment":[{"href":"https:\/\/blogopara.com.br\/index.php\/wp-json\/wp\/v2\/media?parent=33649"}],"wp:term":[{"taxonomy":"category","embeddable":true,"href":"https:\/\/blogopara.com.br\/index.php\/wp-json\/wp\/v2\/categories?post=33649"},{"taxonomy":"post_tag","embeddable":true,"href":"https:\/\/blogopara.com.br\/index.php\/wp-json\/wp\/v2\/tags?post=33649"}],"curies":[{"name":"wp","href":"https:\/\/api.w.org\/{rel}","templated":true}]}}