{"id":33687,"date":"2022-02-10T10:50:00","date_gmt":"2022-02-10T13:50:00","guid":{"rendered":"https:\/\/blogopara.com.br\/?p=33687"},"modified":"2022-02-10T08:10:50","modified_gmt":"2022-02-10T11:10:50","slug":"camara-aprova-o-pacote-do-veneno","status":"publish","type":"post","link":"https:\/\/blogopara.com.br\/index.php\/2022\/02\/10\/camara-aprova-o-pacote-do-veneno","title":{"rendered":"C\u00e2mara aprova o &#8220;Pacote do veneno&#8221;"},"content":{"rendered":"<p class=\"first-paragraph\" style=\"text-align: justify;\">Na sess\u00e3o plen\u00e1ria desta quarta (09), a<a href=\"https:\/\/congressoemfoco.uol.com.br\/tag\/camara-dos-deputados\/\" target=\"_blank\" rel=\"noopener\">\u00a0C\u00e2mara dos Deputados<\/a>\u00a0aprovou o texto do projeto de lei conhecido como \u201cpacote do veneno\u201d, que flexibiliza as normas de controle sobre\u00a0<a href=\"https:\/\/congressoemfoco.uol.com.br\/tag\/agrotoxicos\" target=\"_blank\" rel=\"noopener\">agrot\u00f3xicos<\/a>\u00a0e autoriza a produ\u00e7\u00e3o de pesticidas gen\u00e9ricos no Brasil. O projeto passou 20 anos tramitando na Casa, e agora segue para o\u00a0<a href=\"https:\/\/congressoemfoco.uol.com.br\/tag\/senado\" target=\"_blank\" rel=\"noopener\">Senado<\/a>.<\/p>\n<p style=\"text-align: justify;\">O projeto \u00e9 de forte interesse da bancada ruralista, que espera a redu\u00e7\u00e3o do pre\u00e7o dos agrot\u00f3xicos com uma regula\u00e7\u00e3o mais flex\u00edvel. A oposi\u00e7\u00e3o, por\u00e9m, n\u00e3o mediu esfor\u00e7os para impedir que fosse aprovado: o projeto estava previsto para ser votado em dezembro de 2021, adiado ap\u00f3s negocia\u00e7\u00f5es com a bancada ambientalista. Mesmo na \u00faltima sess\u00e3o, a frente parlamentar entrou com pedido de adiamento de pauta para tentar ganhar tempo na articula\u00e7\u00e3o.<\/p>\n<p style=\"text-align: justify;\">Tamb\u00e9m foi aprovado o texto-base da Medida Provis\u00f3ria 1070\/2021, de relatoria do deputado\u00a0<a class=\"parlLink\" href=\"https:\/\/radar.congressoemfoco.com.br\/parlamentar\/1204514\/perfil\" target=\"_blank\" rel=\"noopener\">Coronel Tadeu<\/a> (PSL-SP). Esta, por sua vez, prop\u00f5e a cria\u00e7\u00e3o de um programa de cr\u00e9dito para aquisi\u00e7\u00e3o de resid\u00eancias para profissionais de seguran\u00e7a, o Habite Seguro. Os destaques ser\u00e3o votados na pr\u00f3xima sess\u00e3o, em que tamb\u00e9m ser\u00e1 votada a Medida Provis\u00f3ria 1067, medida aprovada no Senado que regulamenta os servi\u00e7os de cobertura da rede de sa\u00fade privada.<\/p>\n<p style=\"text-align: justify;\">Na mesma sess\u00e3o, a C\u00e2mara aprovou o requerimento de urg\u00eancia do acordo de mobilidade entre os pa\u00edses falantes da l\u00edngua portuguesa. O acordo, assinado na capital angolana de Luanda, facilita a entrada de brasileiros em pa\u00edses como Portugal, Angola e Mo\u00e7ambique.<\/p>\n<div class=\"text-center my-5 v7\" style=\"text-align: justify;\">\n<div id=\"banner-300x250-area-2\" data-google-query-id=\"CJaDw43_9PUCFWcGuQYdUY8DYw\">\n<div id=\"google_ads_iframe_\/8804\/parceiros\/congresso_em_foco_3__container__\"><strong style=\"font-size: revert; color: initial;\">Discuss\u00e3o<\/strong><\/div>\n<\/div>\n<\/div>\n<p style=\"text-align: justify;\">Antes da an\u00e1lise do m\u00e9rito do projeto de lei dos defensivos agr\u00edcolas, foi votado o seu requerimento de urg\u00eancia, aprovado com 327 votos contra 71. O requerimento recebeu amplo apoio da bancada ruralista, principal grupo interessado no projeto.<\/p>\n<p style=\"text-align: justify;\">A oposi\u00e7\u00e3o v\u00ea o projeto com forte preocupa\u00e7\u00e3o. \u201cEst\u00e3o liberando veneno para colocar no prato das nossas mesas. (\u2026) Nossos filhos, filhas, netas e netos est\u00e3o condenados a comer veneno sem saber que est\u00e3o comendo\u201d, declarou o l\u00edder da oposi\u00e7\u00e3o na C\u00e2mara,\u00a0<a class=\"parlLink\" href=\"https:\/\/radar.congressoemfoco.com.br\/parlamentar\/1160511\" target=\"_blank\" rel=\"noopener\">Alessandro Molon<\/a>\u00a0(PSB-RJ). A bancada tamb\u00e9m apontou para os riscos que o projeto pode trazer para as exporta\u00e7\u00f5es de alimentos, uma vez que h\u00e1 crescimento no rigor do mercado europeu pela qualidade dos produtos comercializados.<\/p>\n<p style=\"text-align: justify;\">A ala governista j\u00e1 afirma que o projeto permitir\u00e1 a quebra do oligop\u00f3lio sobre a produ\u00e7\u00e3o de agrot\u00f3xicos no Brasil, e que, conforme pronunciou em nome da bancada o deputado\u00a0<a class=\"parlLink\" href=\"https:\/\/radar.congressoemfoco.com.br\/parlamentar\/1178871\/perfil\" target=\"_blank\" rel=\"noopener\">Evair Vieira de Melo<\/a>\u00a0(PP-ES), \u201ca afirma\u00e7\u00e3o de que esse projeto vai botar veneno na mesa dos brasileiros \u00e9 mentira. Quem fala isso n\u00e3o tem fundamento, \u00e9 um discurso meramente de posi\u00e7\u00e3o ideol\u00f3gica e pol\u00edtica\u201d.<\/p>\n<p style=\"text-align: justify;\">A Frente Parlamentar Ambientalista tentou aprovar um requerimento de adiamento de pauta, em \u00faltimo esfor\u00e7o para evitar que fosse votado nesta sess\u00e3o. O requerimento foi rejeitado e seguiu para a vota\u00e7\u00e3o do m\u00e9rito da mat\u00e9ria, em que o projeto foi aprovado por 301 votos contra 150 pela rejei\u00e7\u00e3o.<\/p>\n","protected":false},"excerpt":{"rendered":"<p>Na sess\u00e3o plen\u00e1ria desta quarta (09), a\u00a0C\u00e2mara dos Deputados\u00a0aprovou o texto do projeto de lei conhecido como \u201cpacote do veneno\u201d, que flexibiliza as normas de controle sobre\u00a0agrot\u00f3xicos\u00a0e autoriza a produ\u00e7\u00e3o de pesticidas gen\u00e9ricos no Brasil. O projeto passou 20 anos tramitando na Casa, e agora segue para o\u00a0Senado. O projeto \u00e9 de forte interesse da [&hellip;]<\/p>\n","protected":false},"author":1,"featured_media":33688,"comment_status":"closed","ping_status":"open","sticky":false,"template":"","format":"standard","meta":{"_uag_custom_page_level_css":"","_monsterinsights_skip_tracking":false,"_monsterinsights_sitenote_active":false,"_monsterinsights_sitenote_note":"","_monsterinsights_sitenote_category":0,"jetpack_post_was_ever_published":false,"_jetpack_newsletter_access":"","_jetpack_dont_email_post_to_subs":false,"_jetpack_newsletter_tier_id":0,"_jetpack_memberships_contains_paywalled_content":false,"_jetpack_memberships_contains_paid_content":false,"footnotes":"","jetpack_publicize_message":"","jetpack_publicize_feature_enabled":true,"jetpack_social_post_already_shared":true,"jetpack_social_options":{"image_generator_settings":{"template":"highway","default_image_id":0,"font":"","enabled":false},"version":2}},"categories":[200,3372],"tags":[],"class_list":["post-33687","post","type-post","status-publish","format-standard","has-post-thumbnail","hentry","category-brasil","category-meio-ambiente"],"jetpack_publicize_connections":[],"jetpack_featured_media_url":"https:\/\/blogopara.com.br\/wp-content\/uploads\/2022\/02\/image_processing20210817-2013-1jgbq65.jpeg","uagb_featured_image_src":{"full":["https:\/\/blogopara.com.br\/wp-content\/uploads\/2022\/02\/image_processing20210817-2013-1jgbq65.jpeg",500,300,false],"thumbnail":["https:\/\/blogopara.com.br\/wp-content\/uploads\/2022\/02\/image_processing20210817-2013-1jgbq65-150x150.jpeg",150,150,true],"medium":["https:\/\/blogopara.com.br\/wp-content\/uploads\/2022\/02\/image_processing20210817-2013-1jgbq65-300x180.jpeg",300,180,true],"medium_large":["https:\/\/blogopara.com.br\/wp-content\/uploads\/2022\/02\/image_processing20210817-2013-1jgbq65.jpeg",500,300,false],"large":["https:\/\/blogopara.com.br\/wp-content\/uploads\/2022\/02\/image_processing20210817-2013-1jgbq65.jpeg",500,300,false],"1536x1536":["https:\/\/blogopara.com.br\/wp-content\/uploads\/2022\/02\/image_processing20210817-2013-1jgbq65.jpeg",500,300,false],"2048x2048":["https:\/\/blogopara.com.br\/wp-content\/uploads\/2022\/02\/image_processing20210817-2013-1jgbq65.jpeg",500,300,false],"mantranews-slider-large":["https:\/\/blogopara.com.br\/wp-content\/uploads\/2022\/02\/image_processing20210817-2013-1jgbq65.jpeg",500,300,false],"mantranews-featured-medium":["https:\/\/blogopara.com.br\/wp-content\/uploads\/2022\/02\/image_processing20210817-2013-1jgbq65-420x300.jpeg",420,300,true],"mantranews-featured-long":["https:\/\/blogopara.com.br\/wp-content\/uploads\/2022\/02\/image_processing20210817-2013-1jgbq65-300x300.jpeg",300,300,true],"mantranews-block-medium":["https:\/\/blogopara.com.br\/wp-content\/uploads\/2022\/02\/image_processing20210817-2013-1jgbq65-464x290.jpeg",464,290,true],"mantranews-carousel-image":["https:\/\/blogopara.com.br\/wp-content\/uploads\/2022\/02\/image_processing20210817-2013-1jgbq65.jpeg",500,300,false],"mantranews-block-thumb":["https:\/\/blogopara.com.br\/wp-content\/uploads\/2022\/02\/image_processing20210817-2013-1jgbq65-322x230.jpeg",322,230,true],"mantranews-single-large":["https:\/\/blogopara.com.br\/wp-content\/uploads\/2022\/02\/image_processing20210817-2013-1jgbq65.jpeg",500,300,false]},"uagb_author_info":{"display_name":"Reda\u00e7\u00e3o geral","author_link":"https:\/\/blogopara.com.br\/index.php\/author\/blogopara"},"uagb_comment_info":0,"uagb_excerpt":"Na sess\u00e3o plen\u00e1ria desta quarta (09), a\u00a0C\u00e2mara dos Deputados\u00a0aprovou o texto do projeto de lei conhecido como \u201cpacote do veneno\u201d, que flexibiliza as normas de controle sobre\u00a0agrot\u00f3xicos\u00a0e autoriza a produ\u00e7\u00e3o de pesticidas gen\u00e9ricos no Brasil. O projeto passou 20 anos tramitando na Casa, e agora segue para o\u00a0Senado. O projeto \u00e9 de forte interesse da&hellip;","jetpack_sharing_enabled":true,"jetpack_likes_enabled":true,"_links":{"self":[{"href":"https:\/\/blogopara.com.br\/index.php\/wp-json\/wp\/v2\/posts\/33687","targetHints":{"allow":["GET"]}}],"collection":[{"href":"https:\/\/blogopara.com.br\/index.php\/wp-json\/wp\/v2\/posts"}],"about":[{"href":"https:\/\/blogopara.com.br\/index.php\/wp-json\/wp\/v2\/types\/post"}],"author":[{"embeddable":true,"href":"https:\/\/blogopara.com.br\/index.php\/wp-json\/wp\/v2\/users\/1"}],"replies":[{"embeddable":true,"href":"https:\/\/blogopara.com.br\/index.php\/wp-json\/wp\/v2\/comments?post=33687"}],"version-history":[{"count":1,"href":"https:\/\/blogopara.com.br\/index.php\/wp-json\/wp\/v2\/posts\/33687\/revisions"}],"predecessor-version":[{"id":33689,"href":"https:\/\/blogopara.com.br\/index.php\/wp-json\/wp\/v2\/posts\/33687\/revisions\/33689"}],"wp:featuredmedia":[{"embeddable":true,"href":"https:\/\/blogopara.com.br\/index.php\/wp-json\/wp\/v2\/media\/33688"}],"wp:attachment":[{"href":"https:\/\/blogopara.com.br\/index.php\/wp-json\/wp\/v2\/media?parent=33687"}],"wp:term":[{"taxonomy":"category","embeddable":true,"href":"https:\/\/blogopara.com.br\/index.php\/wp-json\/wp\/v2\/categories?post=33687"},{"taxonomy":"post_tag","embeddable":true,"href":"https:\/\/blogopara.com.br\/index.php\/wp-json\/wp\/v2\/tags?post=33687"}],"curies":[{"name":"wp","href":"https:\/\/api.w.org\/{rel}","templated":true}]}}