{"id":33690,"date":"2022-02-10T12:38:00","date_gmt":"2022-02-10T15:38:00","guid":{"rendered":"https:\/\/blogopara.com.br\/?p=33690"},"modified":"2022-02-10T10:29:00","modified_gmt":"2022-02-10T13:29:00","slug":"abertas-inscricoes-para-curso-de-especializacao-em-saude-ambiental-e-saneamento-para-comunidades-rurais","status":"publish","type":"post","link":"https:\/\/blogopara.com.br\/index.php\/2022\/02\/10\/abertas-inscricoes-para-curso-de-especializacao-em-saude-ambiental-e-saneamento-para-comunidades-rurais","title":{"rendered":"Abertas inscri\u00e7\u00f5es para curso de Especializa\u00e7\u00e3o em Sa\u00fade Ambiental e Saneamento para Comunidades Rurais"},"content":{"rendered":"<div class=\"mc-column content-text active-extra-styles \" data-block-type=\"unstyled\" data-block-weight=\"45\" data-block-id=\"2\">\n<p class=\"content-text__container \" style=\"text-align: justify;\" data-track-category=\"Link no Texto\" data-track-links=\"\">Est\u00e3o abertas at\u00e9 o dia 28 de fevereiro, as inscri\u00e7\u00f5es gratuitas para o Curso de Especializa\u00e7\u00e3o em Sa\u00fade Ambiental e Saneamento para Comunidades Rurais da Universidade Federal do Vale do S\u00e3o Francisco (Univasf) e Funda\u00e7\u00e3o Nacional de Sa\u00fade (Funasa). Ao todo s\u00e3o 300 vagas dispon\u00edveis.<\/p>\n<\/div>\n<div class=\"wall protected-content\">\n<div class=\"mc-column content-text active-extra-styles \" style=\"text-align: justify;\" data-block-type=\"unstyled\" data-block-weight=\"51\" data-block-id=\"3\">\n<p class=\"content-text__container \" data-track-category=\"Link no Texto\" data-track-links=\"\"><span class=\"highlight highlighted\">A forma\u00e7\u00e3o \u00e9 voltada para profissionais de n\u00edvel superior que atuam em qualquer unidade da Funasa<\/span>, em todo o pa\u00eds. O curso \u00e9 oferecido na modalidade EAD, com carga hor\u00e1ria de 420 horas, distribu\u00eddas em 13 m\u00f3dulos, mais 60 horas para a realiza\u00e7\u00e3o do Trabalho de Conclus\u00e3o de Curso (TCC).<\/p>\n<\/div>\n<div class=\"mc-column content-text active-extra-styles \" data-block-type=\"unstyled\" data-block-weight=\"9\" data-block-id=\"4\">\n<p class=\"content-text__container \" style=\"text-align: justify;\" data-track-category=\"Link no Texto\" data-track-links=\"\">Os interessados podem se inscrever atrav\u00e9s do<a href=\"https:\/\/docs.google.com\/forms\/d\/e\/1FAIpQLScZho_RH0nu2cT8aUoo9wCBJKWHjfqoXbpzpY0AeKHJmiiMdQ\/viewform\" target=\"_blank\" rel=\"noopener\">\u00a0formul\u00e1rio online<\/a>.<\/p>\n<p data-track-category=\"Link no Texto\" data-track-links=\"\">\n<\/div>\n<p data-track-category=\"Link no Texto\" data-track-links=\"\">Por g1 Petrolina<\/p>\n<\/div>\n","protected":false},"excerpt":{"rendered":"<p>Est\u00e3o abertas at\u00e9 o dia 28 de fevereiro, as inscri\u00e7\u00f5es gratuitas para o Curso de Especializa\u00e7\u00e3o em Sa\u00fade Ambiental e Saneamento para Comunidades Rurais da Universidade Federal do Vale do S\u00e3o Francisco (Univasf) e Funda\u00e7\u00e3o Nacional de Sa\u00fade (Funasa). Ao todo s\u00e3o 300 vagas dispon\u00edveis. A forma\u00e7\u00e3o \u00e9 voltada para profissionais de n\u00edvel superior que [&hellip;]<\/p>\n","protected":false},"author":1,"featured_media":30677,"comment_status":"closed","ping_status":"open","sticky":false,"template":"","format":"standard","meta":{"_uag_custom_page_level_css":"","_monsterinsights_skip_tracking":false,"_monsterinsights_sitenote_active":false,"_monsterinsights_sitenote_note":"","_monsterinsights_sitenote_category":0,"jetpack_post_was_ever_published":false,"_jetpack_newsletter_access":"","_jetpack_dont_email_post_to_subs":false,"_jetpack_newsletter_tier_id":0,"_jetpack_memberships_contains_paywalled_content":false,"_jetpack_memberships_contains_paid_content":false,"footnotes":"","jetpack_publicize_message":"","jetpack_publicize_feature_enabled":true,"jetpack_social_post_already_shared":true,"jetpack_social_options":{"image_generator_settings":{"template":"highway","default_image_id":0,"font":"","enabled":false},"version":2}},"categories":[1505,851],"tags":[5079,7626,7624,7625],"class_list":["post-33690","post","type-post","status-publish","format-standard","has-post-thumbnail","hentry","category-oportunidade","category-petrolina","tag-abertas-inscricoes","tag-comunidades-rurais","tag-curso-de-especializacao","tag-saude-ambiental-e-saneamento"],"jetpack_publicize_connections":[],"jetpack_featured_media_url":"https:\/\/blogopara.com.br\/wp-content\/uploads\/2021\/11\/univasf.jpg","uagb_featured_image_src":{"full":["https:\/\/blogopara.com.br\/wp-content\/uploads\/2021\/11\/univasf.jpg",500,273,false],"thumbnail":["https:\/\/blogopara.com.br\/wp-content\/uploads\/2021\/11\/univasf-150x150.jpg",150,150,true],"medium":["https:\/\/blogopara.com.br\/wp-content\/uploads\/2021\/11\/univasf-300x164.jpg",300,164,true],"medium_large":["https:\/\/blogopara.com.br\/wp-content\/uploads\/2021\/11\/univasf.jpg",500,273,false],"large":["https:\/\/blogopara.com.br\/wp-content\/uploads\/2021\/11\/univasf.jpg",500,273,false],"1536x1536":["https:\/\/blogopara.com.br\/wp-content\/uploads\/2021\/11\/univasf.jpg",500,273,false],"2048x2048":["https:\/\/blogopara.com.br\/wp-content\/uploads\/2021\/11\/univasf.jpg",500,273,false],"mantranews-slider-large":["https:\/\/blogopara.com.br\/wp-content\/uploads\/2021\/11\/univasf.jpg",500,273,false],"mantranews-featured-medium":["https:\/\/blogopara.com.br\/wp-content\/uploads\/2021\/11\/univasf-420x273.jpg",420,273,true],"mantranews-featured-long":["https:\/\/blogopara.com.br\/wp-content\/uploads\/2021\/11\/univasf-300x273.jpg",300,273,true],"mantranews-block-medium":["https:\/\/blogopara.com.br\/wp-content\/uploads\/2021\/11\/univasf-464x273.jpg",464,273,true],"mantranews-carousel-image":["https:\/\/blogopara.com.br\/wp-content\/uploads\/2021\/11\/univasf.jpg",500,273,false],"mantranews-block-thumb":["https:\/\/blogopara.com.br\/wp-content\/uploads\/2021\/11\/univasf-322x230.jpg",322,230,true],"mantranews-single-large":["https:\/\/blogopara.com.br\/wp-content\/uploads\/2021\/11\/univasf.jpg",500,273,false]},"uagb_author_info":{"display_name":"Reda\u00e7\u00e3o geral","author_link":"https:\/\/blogopara.com.br\/index.php\/author\/blogopara"},"uagb_comment_info":0,"uagb_excerpt":"Est\u00e3o abertas at\u00e9 o dia 28 de fevereiro, as inscri\u00e7\u00f5es gratuitas para o Curso de Especializa\u00e7\u00e3o em Sa\u00fade Ambiental e Saneamento para Comunidades Rurais da Universidade Federal do Vale do S\u00e3o Francisco (Univasf) e Funda\u00e7\u00e3o Nacional de Sa\u00fade (Funasa). Ao todo s\u00e3o 300 vagas dispon\u00edveis. A forma\u00e7\u00e3o \u00e9 voltada para profissionais de n\u00edvel superior que&hellip;","jetpack_sharing_enabled":true,"jetpack_likes_enabled":true,"_links":{"self":[{"href":"https:\/\/blogopara.com.br\/index.php\/wp-json\/wp\/v2\/posts\/33690","targetHints":{"allow":["GET"]}}],"collection":[{"href":"https:\/\/blogopara.com.br\/index.php\/wp-json\/wp\/v2\/posts"}],"about":[{"href":"https:\/\/blogopara.com.br\/index.php\/wp-json\/wp\/v2\/types\/post"}],"author":[{"embeddable":true,"href":"https:\/\/blogopara.com.br\/index.php\/wp-json\/wp\/v2\/users\/1"}],"replies":[{"embeddable":true,"href":"https:\/\/blogopara.com.br\/index.php\/wp-json\/wp\/v2\/comments?post=33690"}],"version-history":[{"count":1,"href":"https:\/\/blogopara.com.br\/index.php\/wp-json\/wp\/v2\/posts\/33690\/revisions"}],"predecessor-version":[{"id":33691,"href":"https:\/\/blogopara.com.br\/index.php\/wp-json\/wp\/v2\/posts\/33690\/revisions\/33691"}],"wp:featuredmedia":[{"embeddable":true,"href":"https:\/\/blogopara.com.br\/index.php\/wp-json\/wp\/v2\/media\/30677"}],"wp:attachment":[{"href":"https:\/\/blogopara.com.br\/index.php\/wp-json\/wp\/v2\/media?parent=33690"}],"wp:term":[{"taxonomy":"category","embeddable":true,"href":"https:\/\/blogopara.com.br\/index.php\/wp-json\/wp\/v2\/categories?post=33690"},{"taxonomy":"post_tag","embeddable":true,"href":"https:\/\/blogopara.com.br\/index.php\/wp-json\/wp\/v2\/tags?post=33690"}],"curies":[{"name":"wp","href":"https:\/\/api.w.org\/{rel}","templated":true}]}}