{"id":33703,"date":"2022-02-10T17:41:00","date_gmt":"2022-02-10T20:41:00","guid":{"rendered":"https:\/\/blogopara.com.br\/?p=33703"},"modified":"2022-02-10T14:38:50","modified_gmt":"2022-02-10T17:38:50","slug":"marquinhos-do-n4-mantem-sua-linha-na-oposicao-de-petrolina-e-segue-com-lucas-ramos","status":"publish","type":"post","link":"https:\/\/blogopara.com.br\/index.php\/2022\/02\/10\/marquinhos-do-n4-mantem-sua-linha-na-oposicao-de-petrolina-e-segue-com-lucas-ramos","title":{"rendered":"Marquinhos do N4 mant\u00e9m sua linha na Oposi\u00e7\u00e3o de Petrolina e segue com Lucas Ramos"},"content":{"rendered":"<p style=\"text-align: justify;\">O an\u00fancio do partido Podemos apoiar a elei\u00e7\u00e3o majorit\u00e1ria de 2022 do prefeito de Petrolina e pr\u00e9-candidato ao Governo do Estado, Miguel Coelho (DEM), na \u00faltima segunda (07), n\u00e3o mudou o posicionamento do vereador e l\u00edder da Bancada de Oposi\u00e7\u00e3o, Marquinhos do N4.<\/p>\n<p style=\"text-align: justify;\">Marquinhos do N4 reafirma seu posicionamento pol\u00edtico e garante que permanece na base oposicionista na C\u00e2mara de Vereadores de Petrolina. \u201cFomos eleitos na oposi\u00e7\u00e3o e vamos honrar cada voto, fiscalizando o Poder Executivo municipal\u201d, frisa o vereador.<br \/>\nEle tamb\u00e9m refor\u00e7a que continuar\u00e1 caminhando lado a lado com seu l\u00edder pol\u00edtico, o deputado licenciado Lucas Ramos. \u201cQueremos tamb\u00e9m agradecer do dirigente estadual, Ricardo Teobaldo, pelo tempo que estamos no partido\u201d, pontua que caminhar\u00e1 junto com seu l\u00edder e que n\u00e3o h\u00e1 possibilidades de enveredar para outro grupo pol\u00edtico.<\/p>\n<p style=\"text-align: justify;\">O vereador ainda acrescenta. \u201cVamos manter nossa oposi\u00e7\u00e3o, alinhando com o nosso l\u00edder pol\u00edtico Lucas Ramos, trazendo as melhores proposi\u00e7\u00f5es para o bem do povo petrolinense e para o munic\u00edpio\u201d.<\/p>\n<p style=\"text-align: justify;\">M\u00f4nia Ramos \u2013 Jornalista<br \/>\nAscom Marquinhos do N4<\/p>\n","protected":false},"excerpt":{"rendered":"<p>O an\u00fancio do partido Podemos apoiar a elei\u00e7\u00e3o majorit\u00e1ria de 2022 do prefeito de Petrolina e pr\u00e9-candidato ao Governo do Estado, Miguel Coelho (DEM), na \u00faltima segunda (07), n\u00e3o mudou o posicionamento do vereador e l\u00edder da Bancada de Oposi\u00e7\u00e3o, Marquinhos do N4. Marquinhos do N4 reafirma seu posicionamento pol\u00edtico e garante que permanece na [&hellip;]<\/p>\n","protected":false},"author":1,"featured_media":33704,"comment_status":"closed","ping_status":"open","sticky":false,"template":"","format":"standard","meta":{"_uag_custom_page_level_css":"","_monsterinsights_skip_tracking":false,"_monsterinsights_sitenote_active":false,"_monsterinsights_sitenote_note":"","_monsterinsights_sitenote_category":0,"jetpack_post_was_ever_published":false,"_jetpack_newsletter_access":"","_jetpack_dont_email_post_to_subs":false,"_jetpack_newsletter_tier_id":0,"_jetpack_memberships_contains_paywalled_content":false,"_jetpack_memberships_contains_paid_content":false,"footnotes":"","jetpack_publicize_message":"","jetpack_publicize_feature_enabled":true,"jetpack_social_post_already_shared":true,"jetpack_social_options":{"image_generator_settings":{"template":"highway","default_image_id":0,"font":"","enabled":false},"version":2}},"categories":[851],"tags":[7632,2133,7633,7634],"class_list":["post-33703","post","type-post","status-publish","format-standard","has-post-thumbnail","hentry","category-petrolina","tag-mantem-sua-linha","tag-marquinhos-do-n4","tag-oposicao-de-petrolina","tag-segue-com-lucas-ramos"],"jetpack_publicize_connections":[],"jetpack_featured_media_url":"https:\/\/blogopara.com.br\/wp-content\/uploads\/2022\/02\/WhatsApp-Image-2022-02-10-at-13.33.52.jpeg","uagb_featured_image_src":{"full":["https:\/\/blogopara.com.br\/wp-content\/uploads\/2022\/02\/WhatsApp-Image-2022-02-10-at-13.33.52.jpeg",500,409,false],"thumbnail":["https:\/\/blogopara.com.br\/wp-content\/uploads\/2022\/02\/WhatsApp-Image-2022-02-10-at-13.33.52-150x150.jpeg",150,150,true],"medium":["https:\/\/blogopara.com.br\/wp-content\/uploads\/2022\/02\/WhatsApp-Image-2022-02-10-at-13.33.52-300x245.jpeg",300,245,true],"medium_large":["https:\/\/blogopara.com.br\/wp-content\/uploads\/2022\/02\/WhatsApp-Image-2022-02-10-at-13.33.52.jpeg",500,409,false],"large":["https:\/\/blogopara.com.br\/wp-content\/uploads\/2022\/02\/WhatsApp-Image-2022-02-10-at-13.33.52.jpeg",500,409,false],"1536x1536":["https:\/\/blogopara.com.br\/wp-content\/uploads\/2022\/02\/WhatsApp-Image-2022-02-10-at-13.33.52.jpeg",500,409,false],"2048x2048":["https:\/\/blogopara.com.br\/wp-content\/uploads\/2022\/02\/WhatsApp-Image-2022-02-10-at-13.33.52.jpeg",500,409,false],"mantranews-slider-large":["https:\/\/blogopara.com.br\/wp-content\/uploads\/2022\/02\/WhatsApp-Image-2022-02-10-at-13.33.52.jpeg",500,409,false],"mantranews-featured-medium":["https:\/\/blogopara.com.br\/wp-content\/uploads\/2022\/02\/WhatsApp-Image-2022-02-10-at-13.33.52-420x307.jpeg",420,307,true],"mantranews-featured-long":["https:\/\/blogopara.com.br\/wp-content\/uploads\/2022\/02\/WhatsApp-Image-2022-02-10-at-13.33.52-300x409.jpeg",300,409,true],"mantranews-block-medium":["https:\/\/blogopara.com.br\/wp-content\/uploads\/2022\/02\/WhatsApp-Image-2022-02-10-at-13.33.52-464x290.jpeg",464,290,true],"mantranews-carousel-image":["https:\/\/blogopara.com.br\/wp-content\/uploads\/2022\/02\/WhatsApp-Image-2022-02-10-at-13.33.52.jpeg",500,409,false],"mantranews-block-thumb":["https:\/\/blogopara.com.br\/wp-content\/uploads\/2022\/02\/WhatsApp-Image-2022-02-10-at-13.33.52-322x230.jpeg",322,230,true],"mantranews-single-large":["https:\/\/blogopara.com.br\/wp-content\/uploads\/2022\/02\/WhatsApp-Image-2022-02-10-at-13.33.52.jpeg",500,409,false]},"uagb_author_info":{"display_name":"Reda\u00e7\u00e3o geral","author_link":"https:\/\/blogopara.com.br\/index.php\/author\/blogopara"},"uagb_comment_info":0,"uagb_excerpt":"O an\u00fancio do partido Podemos apoiar a elei\u00e7\u00e3o majorit\u00e1ria de 2022 do prefeito de Petrolina e pr\u00e9-candidato ao Governo do Estado, Miguel Coelho (DEM), na \u00faltima segunda (07), n\u00e3o mudou o posicionamento do vereador e l\u00edder da Bancada de Oposi\u00e7\u00e3o, Marquinhos do N4. Marquinhos do N4 reafirma seu posicionamento pol\u00edtico e garante que permanece na&hellip;","jetpack_sharing_enabled":true,"jetpack_likes_enabled":true,"_links":{"self":[{"href":"https:\/\/blogopara.com.br\/index.php\/wp-json\/wp\/v2\/posts\/33703","targetHints":{"allow":["GET"]}}],"collection":[{"href":"https:\/\/blogopara.com.br\/index.php\/wp-json\/wp\/v2\/posts"}],"about":[{"href":"https:\/\/blogopara.com.br\/index.php\/wp-json\/wp\/v2\/types\/post"}],"author":[{"embeddable":true,"href":"https:\/\/blogopara.com.br\/index.php\/wp-json\/wp\/v2\/users\/1"}],"replies":[{"embeddable":true,"href":"https:\/\/blogopara.com.br\/index.php\/wp-json\/wp\/v2\/comments?post=33703"}],"version-history":[{"count":1,"href":"https:\/\/blogopara.com.br\/index.php\/wp-json\/wp\/v2\/posts\/33703\/revisions"}],"predecessor-version":[{"id":33705,"href":"https:\/\/blogopara.com.br\/index.php\/wp-json\/wp\/v2\/posts\/33703\/revisions\/33705"}],"wp:featuredmedia":[{"embeddable":true,"href":"https:\/\/blogopara.com.br\/index.php\/wp-json\/wp\/v2\/media\/33704"}],"wp:attachment":[{"href":"https:\/\/blogopara.com.br\/index.php\/wp-json\/wp\/v2\/media?parent=33703"}],"wp:term":[{"taxonomy":"category","embeddable":true,"href":"https:\/\/blogopara.com.br\/index.php\/wp-json\/wp\/v2\/categories?post=33703"},{"taxonomy":"post_tag","embeddable":true,"href":"https:\/\/blogopara.com.br\/index.php\/wp-json\/wp\/v2\/tags?post=33703"}],"curies":[{"name":"wp","href":"https:\/\/api.w.org\/{rel}","templated":true}]}}