{"id":33745,"date":"2022-02-11T18:37:00","date_gmt":"2022-02-11T21:37:00","guid":{"rendered":"https:\/\/blogopara.com.br\/?p=33745"},"modified":"2022-02-11T15:31:17","modified_gmt":"2022-02-11T18:31:17","slug":"ex-ministro-do-supremo-e-relator-do-mensalao-joaquim-barbosa-anuncia-desfiliacao-do-psb","status":"publish","type":"post","link":"https:\/\/blogopara.com.br\/index.php\/2022\/02\/11\/ex-ministro-do-supremo-e-relator-do-mensalao-joaquim-barbosa-anuncia-desfiliacao-do-psb","title":{"rendered":"Ex-ministro do Supremo e relator do mensal\u00e3o, Joaquim Barbosa anuncia desfilia\u00e7\u00e3o do PSB"},"content":{"rendered":"<p style=\"text-align: justify;\">O ex-ministro do\u00a0<strong>Supremo Tribunal Federal<\/strong>\u00a0(STF)\u00a0<strong>Joaquim Barbosa<\/strong>\u00a0declarou n\u00e3o ser mais filiado ao\u00a0<strong>PSB<\/strong>. Em entrevista ao UOL, Barbosa disse que a desfilia\u00e7\u00e3o se tratou de uma decis\u00e3o pessoal e afirmou que &#8220;em princ\u00edpio&#8221;\u00a0 n\u00e3o ser\u00e1\u00a0<strong>candidato\u00a0<\/strong>nessas elei\u00e7\u00f5es. &#8220;Foi uma escolha minha. Pensava nisso havia meses; n\u00e3o houve traumas&#8221;, disse.<\/p>\n<p style=\"text-align: justify;\">Apesar deste movimento, o relator do\u00a0<strong>mensal\u00e3o\u00a0<\/strong>diz n\u00e3o ter descartado a possibilidade de se candidatar um dia. &#8220;H\u00e1 conversas, depende [&#8230;] continuo muito reticente em rela\u00e7\u00e3o \u00e0 pol\u00edtica. N\u00e3o preciso da pol\u00edtica. Entrar na pol\u00edtica \u00e9 uma guerra, \u00e9 um jogo sujo. As pessoas se incomodam at\u00e9 mesmo se voc\u00ea pensa em entrar para a pol\u00edtica. Veja o que aconteceu com o\u00a0<strong>Moro<\/strong>. Precipitou-se, saiu muito cedo, est\u00e1 apanhando adoidado&#8221;, completou.\n<\/p>\n<p style=\"text-align: justify;\"><span style=\"color: initial; font-size: revert;\">Na entrevista, Barbosa tamb\u00e9m <\/span><strong style=\"color: initial; font-size: revert;\">negou a possibilidade<\/strong><span style=\"color: initial; font-size: revert;\">\u00a0de ser\u00a0<\/span><strong style=\"color: initial; font-size: revert;\">candidato \u00e0 vice-presid\u00eancia<\/strong><span style=\"color: initial; font-size: revert;\">\u00a0em uma chapa encabe\u00e7ada por S\u00e9rgio Moro. &#8220;De jeito nenhum, n\u00e3o teve nada disso. Nunca vou ser vice na chapa de ningu\u00e9m. N\u00e3o h\u00e1 hip\u00f3tese&#8221;.<\/span><\/p>\n<p style=\"text-align: justify;\">Barbosa classificou como uma &#8220;jogada de mestre&#8221; a poss\u00edvel dobradinha entre Lula e Alckmin. &#8220;S\u00f3 um cara muito experiente politicamente para fazer um tro\u00e7o desses&#8221;.<\/p>\n<p>Apesar disto, avalia que o resultado da\u00a0<strong>disputa eleitoral<\/strong>\u00a0ainda \u00e9 incerto. &#8220;Esse jogo est\u00e1 longe de estar definido, como os analistas est\u00e3o dizendo. Tem que observar, ver o que vai acontecer ainda. \u00c9 preciso esperar o come\u00e7o da campanha de verdade&#8221;.<\/p>\n<p style=\"text-align: justify;\">Em 2018, ap\u00f3s ter atingido cerca de 10% das inten\u00e7\u00f5es de votos nas pesquisas eleitorais, Barbosa descartou a candidatura \u00e0 presid\u00eancia por &#8220;decis\u00f5es pessoais&#8221;.<\/p>\n<section class=\"bannerBillboardDetalhe\"><\/section>\n<div class=\"clear\" style=\"text-align: justify;\"><\/div>\n<div><\/div>\n<div class=\"spacer30\" style=\"text-align: justify;\">Por:<strong>\u00a0Ag\u00eancia O Globo<\/strong><\/div>\n<div class=\"spacer30\" style=\"text-align: justify;\"><\/div>\n<div class=\"mobileNao\">\n<div class=\"compartilhar\" style=\"text-align: justify;\"><\/div>\n<\/div>\n","protected":false},"excerpt":{"rendered":"<p>O ex-ministro do\u00a0Supremo Tribunal Federal\u00a0(STF)\u00a0Joaquim Barbosa\u00a0declarou n\u00e3o ser mais filiado ao\u00a0PSB. Em entrevista ao UOL, Barbosa disse que a desfilia\u00e7\u00e3o se tratou de uma decis\u00e3o pessoal e afirmou que &#8220;em princ\u00edpio&#8221;\u00a0 n\u00e3o ser\u00e1\u00a0candidato\u00a0nessas elei\u00e7\u00f5es. &#8220;Foi uma escolha minha. Pensava nisso havia meses; n\u00e3o houve traumas&#8221;, disse. Apesar deste movimento, o relator do\u00a0mensal\u00e3o\u00a0diz n\u00e3o ter descartado [&hellip;]<\/p>\n","protected":false},"author":1,"featured_media":33746,"comment_status":"closed","ping_status":"open","sticky":false,"template":"","format":"standard","meta":{"_uag_custom_page_level_css":"","_monsterinsights_skip_tracking":false,"_monsterinsights_sitenote_active":false,"_monsterinsights_sitenote_note":"","_monsterinsights_sitenote_category":0,"jetpack_post_was_ever_published":false,"_jetpack_newsletter_access":"","_jetpack_dont_email_post_to_subs":false,"_jetpack_newsletter_tier_id":0,"_jetpack_memberships_contains_paywalled_content":false,"_jetpack_memberships_contains_paid_content":false,"footnotes":"","jetpack_publicize_message":"","jetpack_publicize_feature_enabled":true,"jetpack_social_post_already_shared":true,"jetpack_social_options":{"image_generator_settings":{"template":"highway","default_image_id":0,"font":"","enabled":false},"version":2}},"categories":[200,197],"tags":[7655,7652,7654,7653],"class_list":["post-33745","post","type-post","status-publish","format-standard","has-post-thumbnail","hentry","category-brasil","category-politica","tag-anuncia-desfiliacao-do-psb","tag-ex-ministro-do-supremo","tag-joaquim-barbosa","tag-relator-do-mensalao"],"jetpack_publicize_connections":[],"jetpack_featured_media_url":"https:\/\/blogopara.com.br\/wp-content\/uploads\/2022\/02\/joaquim-barbosa_1-1.jpg","uagb_featured_image_src":{"full":["https:\/\/blogopara.com.br\/wp-content\/uploads\/2022\/02\/joaquim-barbosa_1-1.jpg",500,331,false],"thumbnail":["https:\/\/blogopara.com.br\/wp-content\/uploads\/2022\/02\/joaquim-barbosa_1-1-150x150.jpg",150,150,true],"medium":["https:\/\/blogopara.com.br\/wp-content\/uploads\/2022\/02\/joaquim-barbosa_1-1-300x199.jpg",300,199,true],"medium_large":["https:\/\/blogopara.com.br\/wp-content\/uploads\/2022\/02\/joaquim-barbosa_1-1.jpg",500,331,false],"large":["https:\/\/blogopara.com.br\/wp-content\/uploads\/2022\/02\/joaquim-barbosa_1-1.jpg",500,331,false],"1536x1536":["https:\/\/blogopara.com.br\/wp-content\/uploads\/2022\/02\/joaquim-barbosa_1-1.jpg",500,331,false],"2048x2048":["https:\/\/blogopara.com.br\/wp-content\/uploads\/2022\/02\/joaquim-barbosa_1-1.jpg",500,331,false],"mantranews-slider-large":["https:\/\/blogopara.com.br\/wp-content\/uploads\/2022\/02\/joaquim-barbosa_1-1.jpg",500,331,false],"mantranews-featured-medium":["https:\/\/blogopara.com.br\/wp-content\/uploads\/2022\/02\/joaquim-barbosa_1-1-420x307.jpg",420,307,true],"mantranews-featured-long":["https:\/\/blogopara.com.br\/wp-content\/uploads\/2022\/02\/joaquim-barbosa_1-1-300x331.jpg",300,331,true],"mantranews-block-medium":["https:\/\/blogopara.com.br\/wp-content\/uploads\/2022\/02\/joaquim-barbosa_1-1-464x290.jpg",464,290,true],"mantranews-carousel-image":["https:\/\/blogopara.com.br\/wp-content\/uploads\/2022\/02\/joaquim-barbosa_1-1.jpg",500,331,false],"mantranews-block-thumb":["https:\/\/blogopara.com.br\/wp-content\/uploads\/2022\/02\/joaquim-barbosa_1-1-322x230.jpg",322,230,true],"mantranews-single-large":["https:\/\/blogopara.com.br\/wp-content\/uploads\/2022\/02\/joaquim-barbosa_1-1.jpg",500,331,false]},"uagb_author_info":{"display_name":"Reda\u00e7\u00e3o geral","author_link":"https:\/\/blogopara.com.br\/index.php\/author\/blogopara"},"uagb_comment_info":0,"uagb_excerpt":"O ex-ministro do\u00a0Supremo Tribunal Federal\u00a0(STF)\u00a0Joaquim Barbosa\u00a0declarou n\u00e3o ser mais filiado ao\u00a0PSB. Em entrevista ao UOL, Barbosa disse que a desfilia\u00e7\u00e3o se tratou de uma decis\u00e3o pessoal e afirmou que &#8220;em princ\u00edpio&#8221;\u00a0 n\u00e3o ser\u00e1\u00a0candidato\u00a0nessas elei\u00e7\u00f5es. &#8220;Foi uma escolha minha. Pensava nisso havia meses; n\u00e3o houve traumas&#8221;, disse. Apesar deste movimento, o relator do\u00a0mensal\u00e3o\u00a0diz n\u00e3o ter descartado&hellip;","jetpack_sharing_enabled":true,"jetpack_likes_enabled":true,"_links":{"self":[{"href":"https:\/\/blogopara.com.br\/index.php\/wp-json\/wp\/v2\/posts\/33745","targetHints":{"allow":["GET"]}}],"collection":[{"href":"https:\/\/blogopara.com.br\/index.php\/wp-json\/wp\/v2\/posts"}],"about":[{"href":"https:\/\/blogopara.com.br\/index.php\/wp-json\/wp\/v2\/types\/post"}],"author":[{"embeddable":true,"href":"https:\/\/blogopara.com.br\/index.php\/wp-json\/wp\/v2\/users\/1"}],"replies":[{"embeddable":true,"href":"https:\/\/blogopara.com.br\/index.php\/wp-json\/wp\/v2\/comments?post=33745"}],"version-history":[{"count":1,"href":"https:\/\/blogopara.com.br\/index.php\/wp-json\/wp\/v2\/posts\/33745\/revisions"}],"predecessor-version":[{"id":33747,"href":"https:\/\/blogopara.com.br\/index.php\/wp-json\/wp\/v2\/posts\/33745\/revisions\/33747"}],"wp:featuredmedia":[{"embeddable":true,"href":"https:\/\/blogopara.com.br\/index.php\/wp-json\/wp\/v2\/media\/33746"}],"wp:attachment":[{"href":"https:\/\/blogopara.com.br\/index.php\/wp-json\/wp\/v2\/media?parent=33745"}],"wp:term":[{"taxonomy":"category","embeddable":true,"href":"https:\/\/blogopara.com.br\/index.php\/wp-json\/wp\/v2\/categories?post=33745"},{"taxonomy":"post_tag","embeddable":true,"href":"https:\/\/blogopara.com.br\/index.php\/wp-json\/wp\/v2\/tags?post=33745"}],"curies":[{"name":"wp","href":"https:\/\/api.w.org\/{rel}","templated":true}]}}