{"id":33748,"date":"2022-02-11T19:31:00","date_gmt":"2022-02-11T22:31:00","guid":{"rendered":"https:\/\/blogopara.com.br\/?p=33748"},"modified":"2022-02-11T15:42:25","modified_gmt":"2022-02-11T18:42:25","slug":"prefeitura-de-juazeiro-faz-abordagem-social-com-pessoas-em-situacao-de-rua-e-informa-sobre-inicio-de-requalificacao-e-servicos-do-centro-pop","status":"publish","type":"post","link":"https:\/\/blogopara.com.br\/index.php\/2022\/02\/11\/prefeitura-de-juazeiro-faz-abordagem-social-com-pessoas-em-situacao-de-rua-e-informa-sobre-inicio-de-requalificacao-e-servicos-do-centro-pop","title":{"rendered":"Prefeitura de Juazeiro faz abordagem social com pessoas em situa\u00e7\u00e3o de rua e informa sobre in\u00edcio de requalifica\u00e7\u00e3o e servi\u00e7os do Centro Pop"},"content":{"rendered":"<p dir=\"ltr\" style=\"text-align: justify;\">A Prefeitura de Juazeiro, atrav\u00e9s da Secretaria de Desenvolvimento Social, Mulher e Diversidade de Juazeiro (SEDES) e da Secretaria de Obras e Desenvolvimento Urbano (SEDUR), realizou uma abordagem social especializada com as pessoas em situa\u00e7\u00e3o de rua na \u00e1rea da Pra\u00e7a da Bandeira, no centro da cidade. O objetivo foi informar sobre a requalifica\u00e7\u00e3o que ser\u00e1 realizada no local e tamb\u00e9m sobre os servi\u00e7os oferecidos pelo Centro de Refer\u00eancia Especializado para Popula\u00e7\u00e3o em Situa\u00e7\u00e3o de Rua (Centro Pop).<\/p>\n<p dir=\"ltr\" style=\"text-align: justify;\">\u201cN\u00f3s fizemos uma abordagem social e informamos sobre a reforma da Pra\u00e7a e tamb\u00e9m orientamos sobre a assist\u00eancia prestada pelo Centro POP, para o acolhimento, suporte ou reintegra\u00e7\u00e3o familiar dessas pessoas que hoje vivem em situa\u00e7\u00e3o de rua\u201d, contou a coordenadora do Centro Pop, Daniela Martins Gomes.<\/p>\n<p dir=\"ltr\" style=\"text-align: justify;\">\n<p dir=\"ltr\" style=\"text-align: justify;\">A obra<\/p>\n<p dir=\"ltr\" style=\"text-align: justify;\">\n<p dir=\"ltr\" style=\"text-align: justify;\">A obra da Pra\u00e7a da Bandeira contar\u00e1 com implanta\u00e7\u00e3o de piso intertravado, quiosques, parque infantil, paisagismo, ilumina\u00e7\u00e3o e faz parte do pacote de constru\u00e7\u00e3o e reformas de pra\u00e7as que a prefeitura vem implementando no munic\u00edpio.<\/p>\n<p dir=\"ltr\" style=\"text-align: justify;\">\n<p dir=\"ltr\" style=\"text-align: justify;\">Ascom\/Sedur\/PMJ<\/p>\n","protected":false},"excerpt":{"rendered":"<p>A Prefeitura de Juazeiro, atrav\u00e9s da Secretaria de Desenvolvimento Social, Mulher e Diversidade de Juazeiro (SEDES) e da Secretaria de Obras e Desenvolvimento Urbano (SEDUR), realizou uma abordagem social especializada com as pessoas em situa\u00e7\u00e3o de rua na \u00e1rea da Pra\u00e7a da Bandeira, no centro da cidade. O objetivo foi informar sobre a requalifica\u00e7\u00e3o que [&hellip;]<\/p>\n","protected":false},"author":1,"featured_media":33749,"comment_status":"closed","ping_status":"open","sticky":false,"template":"","format":"standard","meta":{"_uag_custom_page_level_css":"","_monsterinsights_skip_tracking":false,"_monsterinsights_sitenote_active":false,"_monsterinsights_sitenote_note":"","_monsterinsights_sitenote_category":0,"jetpack_post_was_ever_published":false,"_jetpack_newsletter_access":"","_jetpack_dont_email_post_to_subs":false,"_jetpack_newsletter_tier_id":0,"_jetpack_memberships_contains_paywalled_content":false,"_jetpack_memberships_contains_paid_content":false,"footnotes":"","jetpack_publicize_message":"","jetpack_publicize_feature_enabled":true,"jetpack_social_post_already_shared":true,"jetpack_social_options":{"image_generator_settings":{"template":"highway","default_image_id":0,"font":"","enabled":false},"version":2}},"categories":[203],"tags":[7656,7658,7659,7657,340],"class_list":["post-33748","post","type-post","status-publish","format-standard","has-post-thumbnail","hentry","category-juazeiro","tag-abordagem-social","tag-aviso-sobre-a-requalificacao","tag-centro-pop","tag-pessoas-em-situacao-de-rua","tag-prefeitura-de-juazeiro"],"jetpack_publicize_connections":[],"jetpack_featured_media_url":"https:\/\/blogopara.com.br\/wp-content\/uploads\/2022\/02\/Abordagem-Social-Praca-da-Bandeira-2.jpg","uagb_featured_image_src":{"full":["https:\/\/blogopara.com.br\/wp-content\/uploads\/2022\/02\/Abordagem-Social-Praca-da-Bandeira-2.jpg",500,333,false],"thumbnail":["https:\/\/blogopara.com.br\/wp-content\/uploads\/2022\/02\/Abordagem-Social-Praca-da-Bandeira-2-150x150.jpg",150,150,true],"medium":["https:\/\/blogopara.com.br\/wp-content\/uploads\/2022\/02\/Abordagem-Social-Praca-da-Bandeira-2-300x200.jpg",300,200,true],"medium_large":["https:\/\/blogopara.com.br\/wp-content\/uploads\/2022\/02\/Abordagem-Social-Praca-da-Bandeira-2.jpg",500,333,false],"large":["https:\/\/blogopara.com.br\/wp-content\/uploads\/2022\/02\/Abordagem-Social-Praca-da-Bandeira-2.jpg",500,333,false],"1536x1536":["https:\/\/blogopara.com.br\/wp-content\/uploads\/2022\/02\/Abordagem-Social-Praca-da-Bandeira-2.jpg",500,333,false],"2048x2048":["https:\/\/blogopara.com.br\/wp-content\/uploads\/2022\/02\/Abordagem-Social-Praca-da-Bandeira-2.jpg",500,333,false],"mantranews-slider-large":["https:\/\/blogopara.com.br\/wp-content\/uploads\/2022\/02\/Abordagem-Social-Praca-da-Bandeira-2.jpg",500,333,false],"mantranews-featured-medium":["https:\/\/blogopara.com.br\/wp-content\/uploads\/2022\/02\/Abordagem-Social-Praca-da-Bandeira-2-420x307.jpg",420,307,true],"mantranews-featured-long":["https:\/\/blogopara.com.br\/wp-content\/uploads\/2022\/02\/Abordagem-Social-Praca-da-Bandeira-2-300x333.jpg",300,333,true],"mantranews-block-medium":["https:\/\/blogopara.com.br\/wp-content\/uploads\/2022\/02\/Abordagem-Social-Praca-da-Bandeira-2-464x290.jpg",464,290,true],"mantranews-carousel-image":["https:\/\/blogopara.com.br\/wp-content\/uploads\/2022\/02\/Abordagem-Social-Praca-da-Bandeira-2.jpg",500,333,false],"mantranews-block-thumb":["https:\/\/blogopara.com.br\/wp-content\/uploads\/2022\/02\/Abordagem-Social-Praca-da-Bandeira-2-322x230.jpg",322,230,true],"mantranews-single-large":["https:\/\/blogopara.com.br\/wp-content\/uploads\/2022\/02\/Abordagem-Social-Praca-da-Bandeira-2.jpg",500,333,false]},"uagb_author_info":{"display_name":"Reda\u00e7\u00e3o geral","author_link":"https:\/\/blogopara.com.br\/index.php\/author\/blogopara"},"uagb_comment_info":0,"uagb_excerpt":"A Prefeitura de Juazeiro, atrav\u00e9s da Secretaria de Desenvolvimento Social, Mulher e Diversidade de Juazeiro (SEDES) e da Secretaria de Obras e Desenvolvimento Urbano (SEDUR), realizou uma abordagem social especializada com as pessoas em situa\u00e7\u00e3o de rua na \u00e1rea da Pra\u00e7a da Bandeira, no centro da cidade. O objetivo foi informar sobre a requalifica\u00e7\u00e3o que&hellip;","jetpack_sharing_enabled":true,"jetpack_likes_enabled":true,"_links":{"self":[{"href":"https:\/\/blogopara.com.br\/index.php\/wp-json\/wp\/v2\/posts\/33748","targetHints":{"allow":["GET"]}}],"collection":[{"href":"https:\/\/blogopara.com.br\/index.php\/wp-json\/wp\/v2\/posts"}],"about":[{"href":"https:\/\/blogopara.com.br\/index.php\/wp-json\/wp\/v2\/types\/post"}],"author":[{"embeddable":true,"href":"https:\/\/blogopara.com.br\/index.php\/wp-json\/wp\/v2\/users\/1"}],"replies":[{"embeddable":true,"href":"https:\/\/blogopara.com.br\/index.php\/wp-json\/wp\/v2\/comments?post=33748"}],"version-history":[{"count":1,"href":"https:\/\/blogopara.com.br\/index.php\/wp-json\/wp\/v2\/posts\/33748\/revisions"}],"predecessor-version":[{"id":33750,"href":"https:\/\/blogopara.com.br\/index.php\/wp-json\/wp\/v2\/posts\/33748\/revisions\/33750"}],"wp:featuredmedia":[{"embeddable":true,"href":"https:\/\/blogopara.com.br\/index.php\/wp-json\/wp\/v2\/media\/33749"}],"wp:attachment":[{"href":"https:\/\/blogopara.com.br\/index.php\/wp-json\/wp\/v2\/media?parent=33748"}],"wp:term":[{"taxonomy":"category","embeddable":true,"href":"https:\/\/blogopara.com.br\/index.php\/wp-json\/wp\/v2\/categories?post=33748"},{"taxonomy":"post_tag","embeddable":true,"href":"https:\/\/blogopara.com.br\/index.php\/wp-json\/wp\/v2\/tags?post=33748"}],"curies":[{"name":"wp","href":"https:\/\/api.w.org\/{rel}","templated":true}]}}