{"id":33827,"date":"2022-02-13T10:01:36","date_gmt":"2022-02-13T13:01:36","guid":{"rendered":"https:\/\/blogopara.com.br\/?p=33827"},"modified":"2022-02-13T10:01:39","modified_gmt":"2022-02-13T13:01:39","slug":"juazeiro-social-clube-inicia-processo-de-reativacao-com-objetivo-de-disputar-a-serie-b","status":"publish","type":"post","link":"https:\/\/blogopara.com.br\/index.php\/2022\/02\/13\/juazeiro-social-clube-inicia-processo-de-reativacao-com-objetivo-de-disputar-a-serie-b","title":{"rendered":"Juazeiro Social Clube inicia processo de reativa\u00e7\u00e3o com objetivo de disputar a S\u00e9rie B"},"content":{"rendered":"<p style=\"text-align: justify;\">Com 26 anos de funda\u00e7\u00e3o, dois t\u00edtulos da S\u00e9rie B (1996 e 2010) e um vice-campeonato da S\u00e9rie A do Baian\u00e3o (2001), o Juazeiro Social Clube est\u00e1 pr\u00f3ximo retomar suas atividades. O Tricolor das Carrancas iniciou o processo de reativa\u00e7\u00e3o junto \u00e0 Federa\u00e7\u00e3o Bahiana de Futebol.<\/p>\n<p style=\"text-align: justify;\">O presidente do clube, Disney Alves, e o vice-presidente, Carlos Luciano Santana, estiveram na sede da entidade para dar andamento ao processo de retorno. Eles se reuniram com o vice-presidente da FBF, Manfredo Lessa, e o diretor de registros e transfer\u00eancias, Felipe Quadros.<\/p>\n<p style=\"text-align: justify;\">Al\u00e9m da entrega de documentos, Disney e Calos Luciano seus projetos para o Juazeiro na temporada. O principal objetivo \u00e9 concluir os tr\u00e2mites para a volta do clube aos gramados j\u00e1 na S\u00e9rie B do Baian\u00e3o 2022.<\/p>\n<p style=\"text-align: justify;\">&#8220;Estamos trabalhando bastante para que o Juazeiro Social Clube volte ao caminho das gl\u00f3rias. Queremos disputar a S\u00e9rie B e levar o clube de volta \u00e0 elite do Baian\u00e3o, que \u00e9 o seu lugar&#8221;, destacou Disney Alves.<\/p>\n<p style=\"text-align: justify;\">Al\u00e9m dos t\u00edtulos da S\u00e9rie B e campanhas de destaque na S\u00e9rie A do Baian\u00e3o, o Tricolor acumula participa\u00e7\u00f5es na Copa do Nordeste, Copa do Brasil e S\u00e9rie C do Brasileir\u00e3o. O Juazeiro ainda ficou conhecido nacionalmente por ter revelado o lateral-direito Daniel Alves, do Barcelona-ESP e Sele\u00e7\u00e3o Brasileira. O jogador de 38 anos \u00e9 irm\u00e3o do presidente do clube.<\/p>\n","protected":false},"excerpt":{"rendered":"<p>Com 26 anos de funda\u00e7\u00e3o, dois t\u00edtulos da S\u00e9rie B (1996 e 2010) e um vice-campeonato da S\u00e9rie A do Baian\u00e3o (2001), o Juazeiro Social Clube est\u00e1 pr\u00f3ximo retomar suas atividades. O Tricolor das Carrancas iniciou o processo de reativa\u00e7\u00e3o junto \u00e0 Federa\u00e7\u00e3o Bahiana de Futebol. O presidente do clube, Disney Alves, e o vice-presidente, [&hellip;]<\/p>\n","protected":false},"author":1,"featured_media":33828,"comment_status":"closed","ping_status":"open","sticky":false,"template":"","format":"standard","meta":{"_uag_custom_page_level_css":"","_monsterinsights_skip_tracking":false,"_monsterinsights_sitenote_active":false,"_monsterinsights_sitenote_note":"","_monsterinsights_sitenote_category":0,"jetpack_post_was_ever_published":false,"_jetpack_newsletter_access":"","_jetpack_dont_email_post_to_subs":false,"_jetpack_newsletter_tier_id":0,"_jetpack_memberships_contains_paywalled_content":false,"_jetpack_memberships_contains_paid_content":false,"footnotes":"","jetpack_publicize_message":"","jetpack_publicize_feature_enabled":true,"jetpack_social_post_already_shared":true,"jetpack_social_options":{"image_generator_settings":{"template":"highway","default_image_id":0,"font":"","enabled":false},"version":2}},"categories":[208,203],"tags":[],"class_list":["post-33827","post","type-post","status-publish","format-standard","has-post-thumbnail","hentry","category-esporte","category-juazeiro"],"jetpack_publicize_connections":[],"jetpack_featured_media_url":"https:\/\/blogopara.com.br\/wp-content\/uploads\/2022\/02\/Sem-titulo1.jpg","uagb_featured_image_src":{"full":["https:\/\/blogopara.com.br\/wp-content\/uploads\/2022\/02\/Sem-titulo1.jpg",500,292,false],"thumbnail":["https:\/\/blogopara.com.br\/wp-content\/uploads\/2022\/02\/Sem-titulo1-150x150.jpg",150,150,true],"medium":["https:\/\/blogopara.com.br\/wp-content\/uploads\/2022\/02\/Sem-titulo1-300x175.jpg",300,175,true],"medium_large":["https:\/\/blogopara.com.br\/wp-content\/uploads\/2022\/02\/Sem-titulo1.jpg",500,292,false],"large":["https:\/\/blogopara.com.br\/wp-content\/uploads\/2022\/02\/Sem-titulo1.jpg",500,292,false],"1536x1536":["https:\/\/blogopara.com.br\/wp-content\/uploads\/2022\/02\/Sem-titulo1.jpg",500,292,false],"2048x2048":["https:\/\/blogopara.com.br\/wp-content\/uploads\/2022\/02\/Sem-titulo1.jpg",500,292,false],"mantranews-slider-large":["https:\/\/blogopara.com.br\/wp-content\/uploads\/2022\/02\/Sem-titulo1.jpg",500,292,false],"mantranews-featured-medium":["https:\/\/blogopara.com.br\/wp-content\/uploads\/2022\/02\/Sem-titulo1-420x292.jpg",420,292,true],"mantranews-featured-long":["https:\/\/blogopara.com.br\/wp-content\/uploads\/2022\/02\/Sem-titulo1-300x292.jpg",300,292,true],"mantranews-block-medium":["https:\/\/blogopara.com.br\/wp-content\/uploads\/2022\/02\/Sem-titulo1-464x290.jpg",464,290,true],"mantranews-carousel-image":["https:\/\/blogopara.com.br\/wp-content\/uploads\/2022\/02\/Sem-titulo1.jpg",500,292,false],"mantranews-block-thumb":["https:\/\/blogopara.com.br\/wp-content\/uploads\/2022\/02\/Sem-titulo1-322x230.jpg",322,230,true],"mantranews-single-large":["https:\/\/blogopara.com.br\/wp-content\/uploads\/2022\/02\/Sem-titulo1.jpg",500,292,false]},"uagb_author_info":{"display_name":"Reda\u00e7\u00e3o geral","author_link":"https:\/\/blogopara.com.br\/index.php\/author\/blogopara"},"uagb_comment_info":0,"uagb_excerpt":"Com 26 anos de funda\u00e7\u00e3o, dois t\u00edtulos da S\u00e9rie B (1996 e 2010) e um vice-campeonato da S\u00e9rie A do Baian\u00e3o (2001), o Juazeiro Social Clube est\u00e1 pr\u00f3ximo retomar suas atividades. O Tricolor das Carrancas iniciou o processo de reativa\u00e7\u00e3o junto \u00e0 Federa\u00e7\u00e3o Bahiana de Futebol. O presidente do clube, Disney Alves, e o vice-presidente,&hellip;","jetpack_sharing_enabled":true,"jetpack_likes_enabled":true,"_links":{"self":[{"href":"https:\/\/blogopara.com.br\/index.php\/wp-json\/wp\/v2\/posts\/33827","targetHints":{"allow":["GET"]}}],"collection":[{"href":"https:\/\/blogopara.com.br\/index.php\/wp-json\/wp\/v2\/posts"}],"about":[{"href":"https:\/\/blogopara.com.br\/index.php\/wp-json\/wp\/v2\/types\/post"}],"author":[{"embeddable":true,"href":"https:\/\/blogopara.com.br\/index.php\/wp-json\/wp\/v2\/users\/1"}],"replies":[{"embeddable":true,"href":"https:\/\/blogopara.com.br\/index.php\/wp-json\/wp\/v2\/comments?post=33827"}],"version-history":[{"count":1,"href":"https:\/\/blogopara.com.br\/index.php\/wp-json\/wp\/v2\/posts\/33827\/revisions"}],"predecessor-version":[{"id":33829,"href":"https:\/\/blogopara.com.br\/index.php\/wp-json\/wp\/v2\/posts\/33827\/revisions\/33829"}],"wp:featuredmedia":[{"embeddable":true,"href":"https:\/\/blogopara.com.br\/index.php\/wp-json\/wp\/v2\/media\/33828"}],"wp:attachment":[{"href":"https:\/\/blogopara.com.br\/index.php\/wp-json\/wp\/v2\/media?parent=33827"}],"wp:term":[{"taxonomy":"category","embeddable":true,"href":"https:\/\/blogopara.com.br\/index.php\/wp-json\/wp\/v2\/categories?post=33827"},{"taxonomy":"post_tag","embeddable":true,"href":"https:\/\/blogopara.com.br\/index.php\/wp-json\/wp\/v2\/tags?post=33827"}],"curies":[{"name":"wp","href":"https:\/\/api.w.org\/{rel}","templated":true}]}}