{"id":33874,"date":"2022-02-14T12:35:00","date_gmt":"2022-02-14T15:35:00","guid":{"rendered":"https:\/\/blogopara.com.br\/?p=33874"},"modified":"2022-02-14T14:24:01","modified_gmt":"2022-02-14T17:24:01","slug":"moradores-das-ruas-toufic-e-sebastiao-pereira-clamam-por-solucao-para-os-constantes-alagamentos-video","status":"publish","type":"post","link":"https:\/\/blogopara.com.br\/index.php\/2022\/02\/14\/moradores-das-ruas-toufic-e-sebastiao-pereira-clamam-por-solucao-para-os-constantes-alagamentos-video","title":{"rendered":"Moradores das ruas Toufic e Sebasti\u00e3o Pereira clamam por solu\u00e7\u00e3o para os constantes alagamentos. [v\u00eddeo]"},"content":{"rendered":"<p style=\"text-align: justify;\">Cansados de esperar por uma solu\u00e7\u00e3o, os moradores e comerciantes das ruas Ruas Toufic Nicola Khoury e Sebasti\u00e3o Pereira de Paulo no bairro Santo Ant\u00f4nio, enviaram para a nossa reda\u00e7\u00e3o mais uma reclama\u00e7\u00e3o e apelo ao poder p\u00fablico para a situa\u00e7\u00e3o ca\u00f3tica em que se encontram as ruas, com as poucas chuvas que ca\u00edram no in\u00edcio da manh\u00e3 desta segunda-feira (14).<\/p>\n<p style=\"text-align: justify;\">Confira o teor do email enviado pelos moradores:<\/p>\n<p style=\"text-align: justify;\">Com a continuidade do per\u00edodo de chuvas tem sido constantes os alagamentos com qualquer precipita\u00e7\u00e3o pluviom\u00e9trica nas Ruas Toufic Nicola Khoury e Sebasti\u00e3o Pereira de Paulo no bairro Santo Ant\u00f4nio. Sendo que j\u00e1 \u00e9 dif\u00edcil o escoamento das \u00e1guas pois o \u00fanico bueiro est\u00e1 novamente entupido e a sa\u00edda da \u00e1gua est\u00e1 sendo por suc\u00e7\u00e3o no solo da rua e de alguns terrenos, o que encharca o len\u00e7ol fre\u00e1tico e causa danos nas edifica\u00e7\u00f5es. E o escoamento s\u00f3 acontece com 48h aproximadamente e se tiver chuvas seguidas como nesse final de semana a situa\u00e7\u00e3o se agrava. SAAE e Munic\u00edpio sequer envia equipes para limpeza do bueiro, alguma bomba para retirar a \u00e1gua e os moradores que arquem com os preju\u00edzos constantes.<\/p>\n<p style=\"text-align: justify;\">A rua n\u00e3o tem varri\u00e7\u00e3o a mais de ano e dias, e o lixo trazido pelas chuvas v\u00e3o se acumulando, o mato crescendo e os insetos (mosquitos, baratas, etc) e bichos (cobras, ratos, sapos&#8230;) aparecendo. Quando j\u00e1 est\u00e1 insuport\u00e1vel os morados arcam com a limpeza das ruas. E o agravante \u00e9 que os esgotos se misturam as \u00e1guas da chuvas e h\u00e1 hospitais, laborat\u00f3rios e clinicas grandes com&nbsp;esgoto infectado.<\/p>\n<p style=\"text-align: justify;\">Um dos grandes prejudicados \u00e9 o&nbsp;Sindicato do Produtores Rurais&nbsp;que n\u00e3o tem acesso ao local de trabalho e sequer condi\u00e7\u00e3o de trabalho com o local alagado, piso cer\u00e2mico arrancado, m\u00f3veis destru\u00eddos e paredes rachando a cada dia e tamb\u00e9m o acesso um&nbsp;escrit\u00f3rio&nbsp;onde funciona uma grande empresa, onde os trabalhadores se aglomeram nas cal\u00e7adas mais altas a espera de atendimento num im\u00f3vel tamb\u00e9m alagado e condenado pela inercia do munic\u00edpio.<\/p>\n<p style=\"text-align: justify;\">A licita\u00e7\u00e3o para nova drenagem a ser realizada dia 10 de janeiro de 2022&nbsp;foi cancelada&nbsp;e uma nova data foi marcada para o dia 17 de fevereiro e aguardada com muita expectativa, sendo que h\u00e1 a\u00e7\u00e3o judicial em curso e com prazo de resposta concreta j\u00e1 exaurida,&nbsp;mas nada est\u00e1 sendo realizado para amenizar os problemas, por nenhum dos respons\u00e1veis, nem Prefeitura Municipal e nem o SAAE.<\/p>\n<p style=\"text-align: justify;\">\u00c9 um problema s\u00e9rio, necessita de uma interven\u00e7\u00e3o maior, mas as paliativas at\u00e9 o desfecho total necessitam com urg\u00eancia.<\/p>\n<p>Confira o v\u00eddeo:<\/p>\n<div style=\"width: 640px;\" class=\"wp-video\"><!--[if lt IE 9]><script>document.createElement('video');<\/script><![endif]-->\n<video class=\"wp-video-shortcode\" id=\"video-33874-1\" width=\"640\" height=\"352\" preload=\"metadata\" controls=\"controls\"><source type=\"video\/mp4\" src=\"https:\/\/blogopara.com.br\/wp-content\/uploads\/2022\/02\/WhatsApp-Video-2022-02-14-at-09.57.22.mp4?_=1\" \/><a href=\"https:\/\/blogopara.com.br\/wp-content\/uploads\/2022\/02\/WhatsApp-Video-2022-02-14-at-09.57.22.mp4\">https:\/\/blogopara.com.br\/wp-content\/uploads\/2022\/02\/WhatsApp-Video-2022-02-14-at-09.57.22.mp4<\/a><\/video><\/div>\n","protected":false},"excerpt":{"rendered":"<p>Cansados de esperar por uma solu\u00e7\u00e3o, os moradores e comerciantes das ruas Ruas Toufic Nicola Khoury e Sebasti\u00e3o Pereira de Paulo no bairro Santo Ant\u00f4nio, enviaram para a nossa reda\u00e7\u00e3o mais uma reclama\u00e7\u00e3o e apelo ao poder p\u00fablico para a situa\u00e7\u00e3o ca\u00f3tica em que se encontram as ruas, com as poucas chuvas que ca\u00edram no [&hellip;]<\/p>\n","protected":false},"author":1,"featured_media":33881,"comment_status":"closed","ping_status":"open","sticky":false,"template":"","format":"standard","meta":{"_uag_custom_page_level_css":"","_monsterinsights_skip_tracking":false,"_monsterinsights_sitenote_active":false,"_monsterinsights_sitenote_note":"","_monsterinsights_sitenote_category":0,"jetpack_post_was_ever_published":false,"_jetpack_newsletter_access":"","_jetpack_dont_email_post_to_subs":false,"_jetpack_newsletter_tier_id":0,"_jetpack_memberships_contains_paywalled_content":false,"_jetpack_memberships_contains_paid_content":false,"footnotes":"","jetpack_publicize_message":"","jetpack_publicize_feature_enabled":true,"jetpack_social_post_already_shared":true,"jetpack_social_options":{"image_generator_settings":{"template":"highway","default_image_id":0,"font":"","enabled":false},"version":2}},"categories":[203],"tags":[],"class_list":["post-33874","post","type-post","status-publish","format-standard","has-post-thumbnail","hentry","category-juazeiro"],"jetpack_publicize_connections":[],"jetpack_featured_media_url":"https:\/\/blogopara.com.br\/wp-content\/uploads\/2022\/02\/Capturar-400x642-1.jpg","uagb_featured_image_src":{"full":["https:\/\/blogopara.com.br\/wp-content\/uploads\/2022\/02\/Capturar-400x642-1.jpg",400,642,false],"thumbnail":["https:\/\/blogopara.com.br\/wp-content\/uploads\/2022\/02\/Capturar-400x642-1-150x150.jpg",150,150,true],"medium":["https:\/\/blogopara.com.br\/wp-content\/uploads\/2022\/02\/Capturar-400x642-1-187x300.jpg",187,300,true],"medium_large":["https:\/\/blogopara.com.br\/wp-content\/uploads\/2022\/02\/Capturar-400x642-1.jpg",400,642,false],"large":["https:\/\/blogopara.com.br\/wp-content\/uploads\/2022\/02\/Capturar-400x642-1.jpg",400,642,false],"1536x1536":["https:\/\/blogopara.com.br\/wp-content\/uploads\/2022\/02\/Capturar-400x642-1.jpg",400,642,false],"2048x2048":["https:\/\/blogopara.com.br\/wp-content\/uploads\/2022\/02\/Capturar-400x642-1.jpg",400,642,false],"mantranews-slider-large":["https:\/\/blogopara.com.br\/wp-content\/uploads\/2022\/02\/Capturar-400x642-1.jpg",400,642,false],"mantranews-featured-medium":["https:\/\/blogopara.com.br\/wp-content\/uploads\/2022\/02\/Capturar-400x642-1-400x307.jpg",400,307,true],"mantranews-featured-long":["https:\/\/blogopara.com.br\/wp-content\/uploads\/2022\/02\/Capturar-400x642-1-300x443.jpg",300,443,true],"mantranews-block-medium":["https:\/\/blogopara.com.br\/wp-content\/uploads\/2022\/02\/Capturar-400x642-1-400x290.jpg",400,290,true],"mantranews-carousel-image":["https:\/\/blogopara.com.br\/wp-content\/uploads\/2022\/02\/Capturar-400x642-1-400x500.jpg",400,500,true],"mantranews-block-thumb":["https:\/\/blogopara.com.br\/wp-content\/uploads\/2022\/02\/Capturar-400x642-1-322x230.jpg",322,230,true],"mantranews-single-large":["https:\/\/blogopara.com.br\/wp-content\/uploads\/2022\/02\/Capturar-400x642-1.jpg",400,642,false]},"uagb_author_info":{"display_name":"Reda\u00e7\u00e3o geral","author_link":"https:\/\/blogopara.com.br\/index.php\/author\/blogopara"},"uagb_comment_info":0,"uagb_excerpt":"Cansados de esperar por uma solu\u00e7\u00e3o, os moradores e comerciantes das ruas Ruas Toufic Nicola Khoury e Sebasti\u00e3o Pereira de Paulo no bairro Santo Ant\u00f4nio, enviaram para a nossa reda\u00e7\u00e3o mais uma reclama\u00e7\u00e3o e apelo ao poder p\u00fablico para a situa\u00e7\u00e3o ca\u00f3tica em que se encontram as ruas, com as poucas chuvas que ca\u00edram no&hellip;","jetpack_sharing_enabled":true,"jetpack_likes_enabled":true,"_links":{"self":[{"href":"https:\/\/blogopara.com.br\/index.php\/wp-json\/wp\/v2\/posts\/33874","targetHints":{"allow":["GET"]}}],"collection":[{"href":"https:\/\/blogopara.com.br\/index.php\/wp-json\/wp\/v2\/posts"}],"about":[{"href":"https:\/\/blogopara.com.br\/index.php\/wp-json\/wp\/v2\/types\/post"}],"author":[{"embeddable":true,"href":"https:\/\/blogopara.com.br\/index.php\/wp-json\/wp\/v2\/users\/1"}],"replies":[{"embeddable":true,"href":"https:\/\/blogopara.com.br\/index.php\/wp-json\/wp\/v2\/comments?post=33874"}],"version-history":[{"count":2,"href":"https:\/\/blogopara.com.br\/index.php\/wp-json\/wp\/v2\/posts\/33874\/revisions"}],"predecessor-version":[{"id":33882,"href":"https:\/\/blogopara.com.br\/index.php\/wp-json\/wp\/v2\/posts\/33874\/revisions\/33882"}],"wp:featuredmedia":[{"embeddable":true,"href":"https:\/\/blogopara.com.br\/index.php\/wp-json\/wp\/v2\/media\/33881"}],"wp:attachment":[{"href":"https:\/\/blogopara.com.br\/index.php\/wp-json\/wp\/v2\/media?parent=33874"}],"wp:term":[{"taxonomy":"category","embeddable":true,"href":"https:\/\/blogopara.com.br\/index.php\/wp-json\/wp\/v2\/categories?post=33874"},{"taxonomy":"post_tag","embeddable":true,"href":"https:\/\/blogopara.com.br\/index.php\/wp-json\/wp\/v2\/tags?post=33874"}],"curies":[{"name":"wp","href":"https:\/\/api.w.org\/{rel}","templated":true}]}}