{"id":33895,"date":"2022-02-15T09:44:00","date_gmt":"2022-02-15T12:44:00","guid":{"rendered":"https:\/\/blogopara.com.br\/?p=33895"},"modified":"2022-02-15T08:28:52","modified_gmt":"2022-02-15T11:28:52","slug":"decreto-proibe-festas-de-rua-ate-02-de-marco-e-mantem-limite-de-publico-para-eventos-em-toda-a-bahia","status":"publish","type":"post","link":"https:\/\/blogopara.com.br\/index.php\/2022\/02\/15\/decreto-proibe-festas-de-rua-ate-02-de-marco-e-mantem-limite-de-publico-para-eventos-em-toda-a-bahia","title":{"rendered":"Decreto pro\u00edbe festas de rua at\u00e9 02 de mar\u00e7o e mant\u00e9m limite de p\u00fablico para eventos em toda a Bahia"},"content":{"rendered":"<p style=\"text-align: justify;\">Decreto publicado no Di\u00e1rio Oficial do Estado, nesta ter\u00e7a-feira (15), pro\u00edbe a realiza\u00e7\u00e3o de festas de rua em todo o territo\u0301rio baiano, at\u00e9 02 de mar\u00e7o de 2022. A medida inclui especialmente eventos pre\u0301-carnavalescos ou carnavalescos, previamente organizados ou esponta\u0302neos, tais como: marchinhas, blocos, fanfarras, desfiles e afins. O objetivo \u00e9 evitar qualquer tipo de aglomerac\u0327a\u0303o e o descumprimento dos protocolos sanita\u0301rios estabelecidos contra a Covid-19.<\/p>\n<div class=\"td-a-ad id_inline_ad0 id_ad_content-horiz-left\" style=\"text-align: justify;\">\n<div class=\"g g-12\">\n<div class=\"g-single a-18\"><span style=\"font-size: revert; color: initial;\">O mesmo decreto mant\u00e9m a validade at\u00e9 02 de mar\u00e7o da autoriza\u00e7\u00e3o para a realiza\u00e7\u00e3o de eventos e atividades com a presenc\u0327a de pu\u0301blico de ate\u0301 1.500 (mil e quinhentas) pessoas, tais como: cerimo\u0302nias de casamento, eventos urbanos e rurais em logradouros pu\u0301blicos ou privados, eventos exclusivamente cienti\u0301ficos e profissionais, circos, parques de exposic\u0327o\u0303es, solenidades de formatura, feiras, passeatas, parques de<\/span><\/div>\n<\/div>\n<\/div>\n<p style=\"text-align: justify;\">diverso\u0303es, teatros, cinemas, museus e afins.<\/p>\n<p style=\"text-align: justify;\">Um outro decreto, tamb\u00e9m publicado nesta ter\u00e7a-feira, mant\u00e9m o expediente normal nas repartic\u0327o\u0303es pu\u0301blicas do Poder Executivo Estadual nos dias 25 e 28 de fevereiro e 01 de marc\u0327o de 2022.<\/p>\n<p style=\"text-align: justify;\">Os dois decretos foram assinados pelo governador Rui Costa e t\u00eam validade a partir da data da publica\u00e7\u00e3o.<\/p>\n","protected":false},"excerpt":{"rendered":"<p>Decreto publicado no Di\u00e1rio Oficial do Estado, nesta ter\u00e7a-feira (15), pro\u00edbe a realiza\u00e7\u00e3o de festas de rua em todo o territo\u0301rio baiano, at\u00e9 02 de mar\u00e7o de 2022. A medida inclui especialmente eventos pre\u0301-carnavalescos ou carnavalescos, previamente organizados ou esponta\u0302neos, tais como: marchinhas, blocos, fanfarras, desfiles e afins. O objetivo \u00e9 evitar qualquer tipo de [&hellip;]<\/p>\n","protected":false},"author":1,"featured_media":33898,"comment_status":"closed","ping_status":"open","sticky":false,"template":"","format":"standard","meta":{"_uag_custom_page_level_css":"","_monsterinsights_skip_tracking":false,"_monsterinsights_sitenote_active":false,"_monsterinsights_sitenote_note":"","_monsterinsights_sitenote_category":0,"jetpack_post_was_ever_published":false,"_jetpack_newsletter_access":"","_jetpack_dont_email_post_to_subs":false,"_jetpack_newsletter_tier_id":0,"_jetpack_memberships_contains_paywalled_content":false,"_jetpack_memberships_contains_paid_content":false,"footnotes":"","jetpack_publicize_message":"","jetpack_publicize_feature_enabled":true,"jetpack_social_post_already_shared":true,"jetpack_social_options":{"image_generator_settings":{"template":"highway","default_image_id":0,"font":"","enabled":false},"version":2}},"categories":[199],"tags":[7683,7685,7684],"class_list":["post-33895","post","type-post","status-publish","format-standard","has-post-thumbnail","hentry","category-bahia","tag-decreto-proibe-festas-de-rua","tag-eventos-em-toda-a-bahia","tag-mantem-limite-de-publico"],"jetpack_publicize_connections":[],"jetpack_featured_media_url":"https:\/\/blogopara.com.br\/wp-content\/uploads\/2022\/02\/carnaval-de-pernambuco.jpg","uagb_featured_image_src":{"full":["https:\/\/blogopara.com.br\/wp-content\/uploads\/2022\/02\/carnaval-de-pernambuco.jpg",500,250,false],"thumbnail":["https:\/\/blogopara.com.br\/wp-content\/uploads\/2022\/02\/carnaval-de-pernambuco-150x150.jpg",150,150,true],"medium":["https:\/\/blogopara.com.br\/wp-content\/uploads\/2022\/02\/carnaval-de-pernambuco-300x150.jpg",300,150,true],"medium_large":["https:\/\/blogopara.com.br\/wp-content\/uploads\/2022\/02\/carnaval-de-pernambuco.jpg",500,250,false],"large":["https:\/\/blogopara.com.br\/wp-content\/uploads\/2022\/02\/carnaval-de-pernambuco.jpg",500,250,false],"1536x1536":["https:\/\/blogopara.com.br\/wp-content\/uploads\/2022\/02\/carnaval-de-pernambuco.jpg",500,250,false],"2048x2048":["https:\/\/blogopara.com.br\/wp-content\/uploads\/2022\/02\/carnaval-de-pernambuco.jpg",500,250,false],"mantranews-slider-large":["https:\/\/blogopara.com.br\/wp-content\/uploads\/2022\/02\/carnaval-de-pernambuco.jpg",500,250,false],"mantranews-featured-medium":["https:\/\/blogopara.com.br\/wp-content\/uploads\/2022\/02\/carnaval-de-pernambuco-420x250.jpg",420,250,true],"mantranews-featured-long":["https:\/\/blogopara.com.br\/wp-content\/uploads\/2022\/02\/carnaval-de-pernambuco-300x250.jpg",300,250,true],"mantranews-block-medium":["https:\/\/blogopara.com.br\/wp-content\/uploads\/2022\/02\/carnaval-de-pernambuco-464x250.jpg",464,250,true],"mantranews-carousel-image":["https:\/\/blogopara.com.br\/wp-content\/uploads\/2022\/02\/carnaval-de-pernambuco.jpg",500,250,false],"mantranews-block-thumb":["https:\/\/blogopara.com.br\/wp-content\/uploads\/2022\/02\/carnaval-de-pernambuco-322x230.jpg",322,230,true],"mantranews-single-large":["https:\/\/blogopara.com.br\/wp-content\/uploads\/2022\/02\/carnaval-de-pernambuco.jpg",500,250,false]},"uagb_author_info":{"display_name":"Reda\u00e7\u00e3o geral","author_link":"https:\/\/blogopara.com.br\/index.php\/author\/blogopara"},"uagb_comment_info":0,"uagb_excerpt":"Decreto publicado no Di\u00e1rio Oficial do Estado, nesta ter\u00e7a-feira (15), pro\u00edbe a realiza\u00e7\u00e3o de festas de rua em todo o territo\u0301rio baiano, at\u00e9 02 de mar\u00e7o de 2022. A medida inclui especialmente eventos pre\u0301-carnavalescos ou carnavalescos, previamente organizados ou esponta\u0302neos, tais como: marchinhas, blocos, fanfarras, desfiles e afins. O objetivo \u00e9 evitar qualquer tipo de&hellip;","jetpack_sharing_enabled":true,"jetpack_likes_enabled":true,"_links":{"self":[{"href":"https:\/\/blogopara.com.br\/index.php\/wp-json\/wp\/v2\/posts\/33895","targetHints":{"allow":["GET"]}}],"collection":[{"href":"https:\/\/blogopara.com.br\/index.php\/wp-json\/wp\/v2\/posts"}],"about":[{"href":"https:\/\/blogopara.com.br\/index.php\/wp-json\/wp\/v2\/types\/post"}],"author":[{"embeddable":true,"href":"https:\/\/blogopara.com.br\/index.php\/wp-json\/wp\/v2\/users\/1"}],"replies":[{"embeddable":true,"href":"https:\/\/blogopara.com.br\/index.php\/wp-json\/wp\/v2\/comments?post=33895"}],"version-history":[{"count":1,"href":"https:\/\/blogopara.com.br\/index.php\/wp-json\/wp\/v2\/posts\/33895\/revisions"}],"predecessor-version":[{"id":33899,"href":"https:\/\/blogopara.com.br\/index.php\/wp-json\/wp\/v2\/posts\/33895\/revisions\/33899"}],"wp:featuredmedia":[{"embeddable":true,"href":"https:\/\/blogopara.com.br\/index.php\/wp-json\/wp\/v2\/media\/33898"}],"wp:attachment":[{"href":"https:\/\/blogopara.com.br\/index.php\/wp-json\/wp\/v2\/media?parent=33895"}],"wp:term":[{"taxonomy":"category","embeddable":true,"href":"https:\/\/blogopara.com.br\/index.php\/wp-json\/wp\/v2\/categories?post=33895"},{"taxonomy":"post_tag","embeddable":true,"href":"https:\/\/blogopara.com.br\/index.php\/wp-json\/wp\/v2\/tags?post=33895"}],"curies":[{"name":"wp","href":"https:\/\/api.w.org\/{rel}","templated":true}]}}