{"id":33900,"date":"2022-02-15T10:28:00","date_gmt":"2022-02-15T13:28:00","guid":{"rendered":"https:\/\/blogopara.com.br\/?p=33900"},"modified":"2022-02-15T08:40:02","modified_gmt":"2022-02-15T11:40:02","slug":"mulher-e-agredida-e-puxada-pelos-cabelos-em-avenida-de-fortaleza","status":"publish","type":"post","link":"https:\/\/blogopara.com.br\/index.php\/2022\/02\/15\/mulher-e-agredida-e-puxada-pelos-cabelos-em-avenida-de-fortaleza","title":{"rendered":"Mulher \u00e9 agredida e puxada pelos cabelos em avenida de Fortaleza"},"content":{"rendered":"<p style=\"text-align: justify;\">Um caso de\u00a0<a href=\"https:\/\/www.bnews.com.br\/noticias\/salvador\/mulher-acusa-professor-de-academia-de-agressao-ameaca-e-por-divulgar-videos-intimos.html\" target=\"_blank\" rel=\"noopener\">agress\u00e3o contra mulher<\/a>\u00a0foi registrado na noite do \u00faltimo domingo (13), no bairro Aldeota, em Fortaleza. Nas imagens que circularam nas redes sociais, \u00e9 poss\u00edvel ver um homem puxando uma mulher pelo cabelo na Avenida Santos Dumont. Segundo o site MCear\u00e1, a Delegacia de Defesa da Mulher est\u00e1 investigando o caso.<\/p>\n<p style=\"text-align: justify;\">As imagens mostram a confus\u00e3o entre algumas pessoas na avenida. Um carro de luxo chega a trafegar na contram\u00e3o.<\/p>\n<p style=\"text-align: justify;\">De acordo com a Pol\u00edcia Civil do Estado do Cear\u00e1 (PC-CE), foram \u201cempreendidas dilig\u00eancias para identifica\u00e7\u00e3o dos envolvidos no fato, e imagens registradas auxiliam os trabalhos policiais\u201d, detalhou.<\/p>\n<p>Por: BNews<\/p>\n","protected":false},"excerpt":{"rendered":"<p>Um caso de\u00a0agress\u00e3o contra mulher\u00a0foi registrado na noite do \u00faltimo domingo (13), no bairro Aldeota, em Fortaleza. Nas imagens que circularam nas redes sociais, \u00e9 poss\u00edvel ver um homem puxando uma mulher pelo cabelo na Avenida Santos Dumont. Segundo o site MCear\u00e1, a Delegacia de Defesa da Mulher est\u00e1 investigando o caso. As imagens mostram [&hellip;]<\/p>\n","protected":false},"author":1,"featured_media":33901,"comment_status":"closed","ping_status":"open","sticky":false,"template":"","format":"standard","meta":{"_uag_custom_page_level_css":"","_monsterinsights_skip_tracking":false,"_monsterinsights_sitenote_active":false,"_monsterinsights_sitenote_note":"","_monsterinsights_sitenote_category":0,"jetpack_post_was_ever_published":false,"_jetpack_newsletter_access":"","_jetpack_dont_email_post_to_subs":false,"_jetpack_newsletter_tier_id":0,"_jetpack_memberships_contains_paywalled_content":false,"_jetpack_memberships_contains_paid_content":false,"footnotes":"","jetpack_publicize_message":"","jetpack_publicize_feature_enabled":true,"jetpack_social_post_already_shared":true,"jetpack_social_options":{"image_generator_settings":{"template":"highway","default_image_id":0,"font":"","enabled":false},"version":2}},"categories":[202],"tags":[7687,6508,7686],"class_list":["post-33900","post","type-post","status-publish","format-standard","has-post-thumbnail","hentry","category-policia","tag-avenida-de-fortaleza","tag-mulher-agredida","tag-puxada-pelos-cabelos"],"jetpack_publicize_connections":[],"jetpack_featured_media_url":"https:\/\/blogopara.com.br\/wp-content\/uploads\/2022\/02\/whatsapp_image_2022-02-14_at_14.27.01_1_widelg.jpeg","uagb_featured_image_src":{"full":["https:\/\/blogopara.com.br\/wp-content\/uploads\/2022\/02\/whatsapp_image_2022-02-14_at_14.27.01_1_widelg.jpeg",500,281,false],"thumbnail":["https:\/\/blogopara.com.br\/wp-content\/uploads\/2022\/02\/whatsapp_image_2022-02-14_at_14.27.01_1_widelg-150x150.jpeg",150,150,true],"medium":["https:\/\/blogopara.com.br\/wp-content\/uploads\/2022\/02\/whatsapp_image_2022-02-14_at_14.27.01_1_widelg-300x169.jpeg",300,169,true],"medium_large":["https:\/\/blogopara.com.br\/wp-content\/uploads\/2022\/02\/whatsapp_image_2022-02-14_at_14.27.01_1_widelg.jpeg",500,281,false],"large":["https:\/\/blogopara.com.br\/wp-content\/uploads\/2022\/02\/whatsapp_image_2022-02-14_at_14.27.01_1_widelg.jpeg",500,281,false],"1536x1536":["https:\/\/blogopara.com.br\/wp-content\/uploads\/2022\/02\/whatsapp_image_2022-02-14_at_14.27.01_1_widelg.jpeg",500,281,false],"2048x2048":["https:\/\/blogopara.com.br\/wp-content\/uploads\/2022\/02\/whatsapp_image_2022-02-14_at_14.27.01_1_widelg.jpeg",500,281,false],"mantranews-slider-large":["https:\/\/blogopara.com.br\/wp-content\/uploads\/2022\/02\/whatsapp_image_2022-02-14_at_14.27.01_1_widelg.jpeg",500,281,false],"mantranews-featured-medium":["https:\/\/blogopara.com.br\/wp-content\/uploads\/2022\/02\/whatsapp_image_2022-02-14_at_14.27.01_1_widelg-420x281.jpeg",420,281,true],"mantranews-featured-long":["https:\/\/blogopara.com.br\/wp-content\/uploads\/2022\/02\/whatsapp_image_2022-02-14_at_14.27.01_1_widelg-300x281.jpeg",300,281,true],"mantranews-block-medium":["https:\/\/blogopara.com.br\/wp-content\/uploads\/2022\/02\/whatsapp_image_2022-02-14_at_14.27.01_1_widelg-464x281.jpeg",464,281,true],"mantranews-carousel-image":["https:\/\/blogopara.com.br\/wp-content\/uploads\/2022\/02\/whatsapp_image_2022-02-14_at_14.27.01_1_widelg.jpeg",500,281,false],"mantranews-block-thumb":["https:\/\/blogopara.com.br\/wp-content\/uploads\/2022\/02\/whatsapp_image_2022-02-14_at_14.27.01_1_widelg-322x230.jpeg",322,230,true],"mantranews-single-large":["https:\/\/blogopara.com.br\/wp-content\/uploads\/2022\/02\/whatsapp_image_2022-02-14_at_14.27.01_1_widelg.jpeg",500,281,false]},"uagb_author_info":{"display_name":"Reda\u00e7\u00e3o geral","author_link":"https:\/\/blogopara.com.br\/index.php\/author\/blogopara"},"uagb_comment_info":0,"uagb_excerpt":"Um caso de\u00a0agress\u00e3o contra mulher\u00a0foi registrado na noite do \u00faltimo domingo (13), no bairro Aldeota, em Fortaleza. Nas imagens que circularam nas redes sociais, \u00e9 poss\u00edvel ver um homem puxando uma mulher pelo cabelo na Avenida Santos Dumont. Segundo o site MCear\u00e1, a Delegacia de Defesa da Mulher est\u00e1 investigando o caso. As imagens mostram&hellip;","jetpack_sharing_enabled":true,"jetpack_likes_enabled":true,"_links":{"self":[{"href":"https:\/\/blogopara.com.br\/index.php\/wp-json\/wp\/v2\/posts\/33900","targetHints":{"allow":["GET"]}}],"collection":[{"href":"https:\/\/blogopara.com.br\/index.php\/wp-json\/wp\/v2\/posts"}],"about":[{"href":"https:\/\/blogopara.com.br\/index.php\/wp-json\/wp\/v2\/types\/post"}],"author":[{"embeddable":true,"href":"https:\/\/blogopara.com.br\/index.php\/wp-json\/wp\/v2\/users\/1"}],"replies":[{"embeddable":true,"href":"https:\/\/blogopara.com.br\/index.php\/wp-json\/wp\/v2\/comments?post=33900"}],"version-history":[{"count":1,"href":"https:\/\/blogopara.com.br\/index.php\/wp-json\/wp\/v2\/posts\/33900\/revisions"}],"predecessor-version":[{"id":33902,"href":"https:\/\/blogopara.com.br\/index.php\/wp-json\/wp\/v2\/posts\/33900\/revisions\/33902"}],"wp:featuredmedia":[{"embeddable":true,"href":"https:\/\/blogopara.com.br\/index.php\/wp-json\/wp\/v2\/media\/33901"}],"wp:attachment":[{"href":"https:\/\/blogopara.com.br\/index.php\/wp-json\/wp\/v2\/media?parent=33900"}],"wp:term":[{"taxonomy":"category","embeddable":true,"href":"https:\/\/blogopara.com.br\/index.php\/wp-json\/wp\/v2\/categories?post=33900"},{"taxonomy":"post_tag","embeddable":true,"href":"https:\/\/blogopara.com.br\/index.php\/wp-json\/wp\/v2\/tags?post=33900"}],"curies":[{"name":"wp","href":"https:\/\/api.w.org\/{rel}","templated":true}]}}