{"id":33905,"date":"2022-02-15T11:20:00","date_gmt":"2022-02-15T14:20:00","guid":{"rendered":"https:\/\/blogopara.com.br\/?p=33905"},"modified":"2022-02-15T08:53:24","modified_gmt":"2022-02-15T11:53:24","slug":"prefeitura-de-juazeiro-divulga-edital-de-convocacao-e-nomeacao-de-concurso-publico-para-o-cargo-de-professor-da-secretaria-de-educacao","status":"publish","type":"post","link":"https:\/\/blogopara.com.br\/index.php\/2022\/02\/15\/prefeitura-de-juazeiro-divulga-edital-de-convocacao-e-nomeacao-de-concurso-publico-para-o-cargo-de-professor-da-secretaria-de-educacao","title":{"rendered":"Prefeitura de Juazeiro divulga edital de convoca\u00e7\u00e3o e nomea\u00e7\u00e3o de concurso p\u00fablico para o cargo de professor da Secretaria de Educa\u00e7\u00e3o"},"content":{"rendered":"<p style=\"text-align: justify;\">A Prefeitura de Juazeiro, atrav\u00e9s da Secretaria de Educa\u00e7\u00e3o e Juventude (Seduc), divulgou Edital de Convoca\u00e7\u00e3o N\u00ba 001\/2022 de convoca\u00e7\u00e3o para nomea\u00e7\u00e3o e posse do concurso p\u00fablico para o cargo de professor.\u00a0 A rela\u00e7\u00e3o de convocados, bem como toda a documenta\u00e7\u00e3o exigida est\u00e1 dispon\u00edvel no Di\u00e1rio Oficial do Munic\u00edpio (<a id=\"LPlnk845409\" href=\"http:\/\/doem.org.br\/ba\/juazeiro\/diarios\/previsualizar\/oN7Podak\" target=\"_blank\" rel=\"noopener noreferrer\" data-auth=\"NotApplicable\" data-linkindex=\"0\">http:\/\/doem.org.br\/ba\/juazeiro\/diarios\/previsualizar\/oN7Podak<\/a><\/p>\n<div id=\"LPBorder_GTaHR0cDovL2RvZW0ub3JnLmJyL2JhL2p1YXplaXJvL2RpYXJpb3MvcHJldmlzdWFsaXphci9vTjdQb2Rhaw..\" class=\"LPBorder556367\" style=\"text-align: justify;\">\n<table id=\"LPContainer556367\" role=\"presentation\">\n<tbody>\n<tr valign=\"top\">\n<td>\n<div id=\"LPTitle556367\"><a id=\"LPUrlAnchor556367\" href=\"http:\/\/doem.org.br\/ba\/juazeiro\/diarios\/previsualizar\/oN7Podak\" target=\"_blank\" rel=\"noopener\">Di\u00e1rio Oficial &#8211; Edi\u00e7\u00e3o 2.478 | Ano 10<\/a><\/div>\n<div id=\"LPDescription556367\">Enter the password to open this PDF file. Cancel OK. File name:-<\/div>\n<div id=\"LPMetadata556367\">doem.org.br<\/div>\n<\/td>\n<\/tr>\n<\/tbody>\n<\/table>\n<\/div>\n<p style=\"text-align: justify;\">), p\u00e1gina 32.<br aria-hidden=\"true\" \/>\u00a0<br aria-hidden=\"true\" \/>\u00a0<br aria-hidden=\"true\" \/><b>Comparecimento<br aria-hidden=\"true\" \/><\/b>\u00a0<br aria-hidden=\"true\" \/>Os \u00a0candidatos relacionados devem comparecer no prazo improrrog\u00e1vel de 30 dias, a partir da data de publica\u00e7\u00e3o deste edital, \u00e0 sede da Secretaria \u00a0de \u00a0Educa\u00e7\u00e3o \u00a0e \u00a0Juventude \u00a0de \u00a0Juazeiro, na \u00a0Rua \u00a0Ant\u00f4nio \u00a0Pedro, \u00a0139, \u00a0Centro, das 08h30 \u00e0s 14h, para a entrega de documenta\u00e7\u00f5es, exames m\u00e9dicos e demais exig\u00eancias.<br aria-hidden=\"true\" \/>\u00a0<br aria-hidden=\"true\" \/>O uso de m\u00e1scara \u00e9 obrigat\u00f3rio, bem como o \u00a0 respeito a todos os protocolos de seguran\u00e7a estabelecidos pela Organiza\u00e7\u00e3o Mundial de Sa\u00fade (OMS) contra o Coronav\u00edrus<br aria-hidden=\"true\" \/>\u00a0<br aria-hidden=\"true\" \/><b>Posse<br aria-hidden=\"true\" \/><\/b><br aria-hidden=\"true\" \/>A posse dos candidatos que atenderem os requisitos do Edital ocorrer\u00e1 em dia, hora e local comunicado mediante convite, protocolado no dia do ato de apresenta\u00e7\u00e3o do Atestado M\u00e9dico do Instituto de Previd\u00eancia de Juazeiro (IPJ), junto \u00e0 Secretaria de Educa\u00e7\u00e3o.<br aria-hidden=\"true\" \/>\u00a0<br aria-hidden=\"true\" \/>\u00a0<br aria-hidden=\"true\" \/><\/p>\n","protected":false},"excerpt":{"rendered":"<p>A Prefeitura de Juazeiro, atrav\u00e9s da Secretaria de Educa\u00e7\u00e3o e Juventude (Seduc), divulgou Edital de Convoca\u00e7\u00e3o N\u00ba 001\/2022 de convoca\u00e7\u00e3o para nomea\u00e7\u00e3o e posse do concurso p\u00fablico para o cargo de professor.\u00a0 A rela\u00e7\u00e3o de convocados, bem como toda a documenta\u00e7\u00e3o exigida est\u00e1 dispon\u00edvel no Di\u00e1rio Oficial do Munic\u00edpio (http:\/\/doem.org.br\/ba\/juazeiro\/diarios\/previsualizar\/oN7Podak Di\u00e1rio Oficial &#8211; Edi\u00e7\u00e3o 2.478 [&hellip;]<\/p>\n","protected":false},"author":1,"featured_media":22149,"comment_status":"closed","ping_status":"open","sticky":false,"template":"","format":"standard","meta":{"_uag_custom_page_level_css":"","_monsterinsights_skip_tracking":false,"_monsterinsights_sitenote_active":false,"_monsterinsights_sitenote_note":"","_monsterinsights_sitenote_category":0,"jetpack_post_was_ever_published":false,"_jetpack_newsletter_access":"","_jetpack_dont_email_post_to_subs":false,"_jetpack_newsletter_tier_id":0,"_jetpack_memberships_contains_paywalled_content":false,"_jetpack_memberships_contains_paid_content":false,"footnotes":"","jetpack_publicize_message":"","jetpack_publicize_feature_enabled":true,"jetpack_social_post_already_shared":true,"jetpack_social_options":{"image_generator_settings":{"template":"highway","default_image_id":0,"font":"","enabled":false},"version":2}},"categories":[209],"tags":[],"class_list":["post-33905","post","type-post","status-publish","format-standard","has-post-thumbnail","hentry","category-educacao"],"jetpack_publicize_connections":[],"jetpack_featured_media_url":"https:\/\/blogopara.com.br\/wp-content\/uploads\/2021\/04\/Prefeitura-de-Juazeiro-2.jpeg","uagb_featured_image_src":{"full":["https:\/\/blogopara.com.br\/wp-content\/uploads\/2021\/04\/Prefeitura-de-Juazeiro-2.jpeg",500,333,false],"thumbnail":["https:\/\/blogopara.com.br\/wp-content\/uploads\/2021\/04\/Prefeitura-de-Juazeiro-2-150x150.jpeg",150,150,true],"medium":["https:\/\/blogopara.com.br\/wp-content\/uploads\/2021\/04\/Prefeitura-de-Juazeiro-2-300x200.jpeg",300,200,true],"medium_large":["https:\/\/blogopara.com.br\/wp-content\/uploads\/2021\/04\/Prefeitura-de-Juazeiro-2.jpeg",500,333,false],"large":["https:\/\/blogopara.com.br\/wp-content\/uploads\/2021\/04\/Prefeitura-de-Juazeiro-2.jpeg",500,333,false],"1536x1536":["https:\/\/blogopara.com.br\/wp-content\/uploads\/2021\/04\/Prefeitura-de-Juazeiro-2.jpeg",500,333,false],"2048x2048":["https:\/\/blogopara.com.br\/wp-content\/uploads\/2021\/04\/Prefeitura-de-Juazeiro-2.jpeg",500,333,false],"mantranews-slider-large":["https:\/\/blogopara.com.br\/wp-content\/uploads\/2021\/04\/Prefeitura-de-Juazeiro-2.jpeg",500,333,false],"mantranews-featured-medium":["https:\/\/blogopara.com.br\/wp-content\/uploads\/2021\/04\/Prefeitura-de-Juazeiro-2-420x307.jpeg",420,307,true],"mantranews-featured-long":["https:\/\/blogopara.com.br\/wp-content\/uploads\/2021\/04\/Prefeitura-de-Juazeiro-2-300x333.jpeg",300,333,true],"mantranews-block-medium":["https:\/\/blogopara.com.br\/wp-content\/uploads\/2021\/04\/Prefeitura-de-Juazeiro-2-464x290.jpeg",464,290,true],"mantranews-carousel-image":["https:\/\/blogopara.com.br\/wp-content\/uploads\/2021\/04\/Prefeitura-de-Juazeiro-2.jpeg",500,333,false],"mantranews-block-thumb":["https:\/\/blogopara.com.br\/wp-content\/uploads\/2021\/04\/Prefeitura-de-Juazeiro-2-322x230.jpeg",322,230,true],"mantranews-single-large":["https:\/\/blogopara.com.br\/wp-content\/uploads\/2021\/04\/Prefeitura-de-Juazeiro-2.jpeg",500,333,false]},"uagb_author_info":{"display_name":"Reda\u00e7\u00e3o geral","author_link":"https:\/\/blogopara.com.br\/index.php\/author\/blogopara"},"uagb_comment_info":0,"uagb_excerpt":"A Prefeitura de Juazeiro, atrav\u00e9s da Secretaria de Educa\u00e7\u00e3o e Juventude (Seduc), divulgou Edital de Convoca\u00e7\u00e3o N\u00ba 001\/2022 de convoca\u00e7\u00e3o para nomea\u00e7\u00e3o e posse do concurso p\u00fablico para o cargo de professor.\u00a0 A rela\u00e7\u00e3o de convocados, bem como toda a documenta\u00e7\u00e3o exigida est\u00e1 dispon\u00edvel no Di\u00e1rio Oficial do Munic\u00edpio (http:\/\/doem.org.br\/ba\/juazeiro\/diarios\/previsualizar\/oN7Podak Di\u00e1rio Oficial &#8211; Edi\u00e7\u00e3o 2.478&hellip;","jetpack_sharing_enabled":true,"jetpack_likes_enabled":true,"_links":{"self":[{"href":"https:\/\/blogopara.com.br\/index.php\/wp-json\/wp\/v2\/posts\/33905","targetHints":{"allow":["GET"]}}],"collection":[{"href":"https:\/\/blogopara.com.br\/index.php\/wp-json\/wp\/v2\/posts"}],"about":[{"href":"https:\/\/blogopara.com.br\/index.php\/wp-json\/wp\/v2\/types\/post"}],"author":[{"embeddable":true,"href":"https:\/\/blogopara.com.br\/index.php\/wp-json\/wp\/v2\/users\/1"}],"replies":[{"embeddable":true,"href":"https:\/\/blogopara.com.br\/index.php\/wp-json\/wp\/v2\/comments?post=33905"}],"version-history":[{"count":1,"href":"https:\/\/blogopara.com.br\/index.php\/wp-json\/wp\/v2\/posts\/33905\/revisions"}],"predecessor-version":[{"id":33906,"href":"https:\/\/blogopara.com.br\/index.php\/wp-json\/wp\/v2\/posts\/33905\/revisions\/33906"}],"wp:featuredmedia":[{"embeddable":true,"href":"https:\/\/blogopara.com.br\/index.php\/wp-json\/wp\/v2\/media\/22149"}],"wp:attachment":[{"href":"https:\/\/blogopara.com.br\/index.php\/wp-json\/wp\/v2\/media?parent=33905"}],"wp:term":[{"taxonomy":"category","embeddable":true,"href":"https:\/\/blogopara.com.br\/index.php\/wp-json\/wp\/v2\/categories?post=33905"},{"taxonomy":"post_tag","embeddable":true,"href":"https:\/\/blogopara.com.br\/index.php\/wp-json\/wp\/v2\/tags?post=33905"}],"curies":[{"name":"wp","href":"https:\/\/api.w.org\/{rel}","templated":true}]}}