{"id":33910,"date":"2022-02-15T15:57:00","date_gmt":"2022-02-15T18:57:00","guid":{"rendered":"https:\/\/blogopara.com.br\/?p=33910"},"modified":"2022-02-15T08:59:15","modified_gmt":"2022-02-15T11:59:15","slug":"com-investimento-de-r-500-mil-prefeitura-de-juazeiro-da-inicio-a-requalificacao-da-praca-da-bandeira","status":"publish","type":"post","link":"https:\/\/blogopara.com.br\/index.php\/2022\/02\/15\/com-investimento-de-r-500-mil-prefeitura-de-juazeiro-da-inicio-a-requalificacao-da-praca-da-bandeira","title":{"rendered":"Com investimento de R$ 500 mil, Prefeitura de Juazeiro d\u00e1 in\u00edcio \u00e0 requalifica\u00e7\u00e3o da Pra\u00e7a da Bandeira"},"content":{"rendered":"<p dir=\"ltr\" style=\"text-align: justify;\">As obras de requalifica\u00e7\u00e3o da Pra\u00e7a da Bandeira j\u00e1 foram iniciadas pela Prefeitura de Juazeiro. A interven\u00e7\u00e3o vai proporcionar mais uma a\u00e7\u00e3o de embelezamento do espa\u00e7o urbano, na \u00e1rea central da cidade, al\u00e9m da valoriza\u00e7\u00e3o do patrim\u00f4nio religioso e hist\u00f3rico-cultural. No local est\u00e3o presentes a Catedral de Nossa Senhora das Grotas, o Memorial Casa da Bossa Nova, o Santu\u00e1rio de Nossa Senhora das Grotas, a Biblioteca Municipal Professor Arist\u00f3teles Pires de Carvalho e o Museu Regional do S\u00e3o Francisco.<\/p>\n<p dir=\"ltr\" style=\"text-align: justify;\">\u201cEssa \u00e9 uma das maiores e mais tradicionais pra\u00e7as da cidade, s\u00edmbolo de Juazeiro, um patrim\u00f4nio hist\u00f3rico que temos e que precisa desse olhar cuidadoso. Vamos tornar esse local mais bonito, aconchegante, atrativo e seguro para os frequentadores\u201d, falou a prefeita Suzana Ramos.<\/p>\n<p dir=\"ltr\" style=\"text-align: justify;\">Com investimento de aproximadamente de R$ 500 mil em recursos pr\u00f3prios, a obra levar\u00e1 cerca de 5 meses de execu\u00e7\u00e3o. \u201cImplantaremos novo piso em intertravado na \u00e1rea da pra\u00e7a de alimenta\u00e7\u00e3o, quiosques, requalifica\u00e7\u00e3o do parque infantil e rampa de skate, a\u00e7\u00f5es de paisagismo, ilumina\u00e7\u00e3o e reativa\u00e7\u00e3o da fonte, entre outros\u201d, explicou a arquiteta da Secretaria de Obras e Desenvolvimento Urbano (Sedur), Iasmin Duarte.<\/p>\n<p dir=\"ltr\" style=\"text-align: justify;\">\u201cSabemos que este espa\u00e7o \u00e9 muito utilizado pela popula\u00e7\u00e3o, principalmente moradores, religiosos, artistas e usu\u00e1rios de servi\u00e7os oferecidos ao redor da pra\u00e7a. O objetivo \u00e9 deixar o ambiente mais agrad\u00e1vel, funcional e est\u00e9tico. Todos v\u00e3o se beneficiar com essa obra\u201d, complementou a arquiteta.<\/p>\n<p dir=\"ltr\" style=\"text-align: justify;\">Obras em andamento<\/p>\n<p dir=\"ltr\" style=\"text-align: justify;\">O engenheiro civil Acau\u00e3 Santiago ressalta que a obra da Pra\u00e7a da Bandeira faz parte do pacote de constru\u00e7\u00e3o e reformas de espa\u00e7os p\u00fablicos que a prefeitura vem implementando. \u201cJ\u00e1 finalizamos duas pra\u00e7as no bairro Castelo Branco, a Pra\u00e7a do Jacar\u00e9, no centro; o paisagismo na Orla II e nas grandes rotat\u00f3rias da cidade. Ainda est\u00e3o em andamento a Pra\u00e7a das Brom\u00e9lias, a Pra\u00e7a do Acesso de Juremal e, ainda, em fevereiro vamos iniciar as obras na pra\u00e7a do distrito de Ab\u00f3bora\u201d, pontuou.<\/p>\n","protected":false},"excerpt":{"rendered":"<p>As obras de requalifica\u00e7\u00e3o da Pra\u00e7a da Bandeira j\u00e1 foram iniciadas pela Prefeitura de Juazeiro. A interven\u00e7\u00e3o vai proporcionar mais uma a\u00e7\u00e3o de embelezamento do espa\u00e7o urbano, na \u00e1rea central da cidade, al\u00e9m da valoriza\u00e7\u00e3o do patrim\u00f4nio religioso e hist\u00f3rico-cultural. No local est\u00e3o presentes a Catedral de Nossa Senhora das Grotas, o Memorial Casa da [&hellip;]<\/p>\n","protected":false},"author":1,"featured_media":33911,"comment_status":"closed","ping_status":"open","sticky":false,"template":"","format":"standard","meta":{"_uag_custom_page_level_css":"","_monsterinsights_skip_tracking":false,"_monsterinsights_sitenote_active":false,"_monsterinsights_sitenote_note":"","_monsterinsights_sitenote_category":0,"jetpack_post_was_ever_published":false,"_jetpack_newsletter_access":"","_jetpack_dont_email_post_to_subs":false,"_jetpack_newsletter_tier_id":0,"_jetpack_memberships_contains_paywalled_content":false,"_jetpack_memberships_contains_paid_content":false,"footnotes":"","jetpack_publicize_message":"","jetpack_publicize_feature_enabled":true,"jetpack_social_post_already_shared":true,"jetpack_social_options":{"image_generator_settings":{"template":"highway","default_image_id":0,"font":"","enabled":false},"version":2}},"categories":[1720,197],"tags":[],"class_list":["post-33910","post","type-post","status-publish","format-standard","has-post-thumbnail","hentry","category-obras","category-politica"],"jetpack_publicize_connections":[],"jetpack_featured_media_url":"https:\/\/blogopara.com.br\/wp-content\/uploads\/2022\/02\/thumbnail_Obra-Praca-da-Bandeira-2.jpg","uagb_featured_image_src":{"full":["https:\/\/blogopara.com.br\/wp-content\/uploads\/2022\/02\/thumbnail_Obra-Praca-da-Bandeira-2.jpg",500,281,false],"thumbnail":["https:\/\/blogopara.com.br\/wp-content\/uploads\/2022\/02\/thumbnail_Obra-Praca-da-Bandeira-2-150x150.jpg",150,150,true],"medium":["https:\/\/blogopara.com.br\/wp-content\/uploads\/2022\/02\/thumbnail_Obra-Praca-da-Bandeira-2-300x169.jpg",300,169,true],"medium_large":["https:\/\/blogopara.com.br\/wp-content\/uploads\/2022\/02\/thumbnail_Obra-Praca-da-Bandeira-2.jpg",500,281,false],"large":["https:\/\/blogopara.com.br\/wp-content\/uploads\/2022\/02\/thumbnail_Obra-Praca-da-Bandeira-2.jpg",500,281,false],"1536x1536":["https:\/\/blogopara.com.br\/wp-content\/uploads\/2022\/02\/thumbnail_Obra-Praca-da-Bandeira-2.jpg",500,281,false],"2048x2048":["https:\/\/blogopara.com.br\/wp-content\/uploads\/2022\/02\/thumbnail_Obra-Praca-da-Bandeira-2.jpg",500,281,false],"mantranews-slider-large":["https:\/\/blogopara.com.br\/wp-content\/uploads\/2022\/02\/thumbnail_Obra-Praca-da-Bandeira-2.jpg",500,281,false],"mantranews-featured-medium":["https:\/\/blogopara.com.br\/wp-content\/uploads\/2022\/02\/thumbnail_Obra-Praca-da-Bandeira-2-420x281.jpg",420,281,true],"mantranews-featured-long":["https:\/\/blogopara.com.br\/wp-content\/uploads\/2022\/02\/thumbnail_Obra-Praca-da-Bandeira-2-300x281.jpg",300,281,true],"mantranews-block-medium":["https:\/\/blogopara.com.br\/wp-content\/uploads\/2022\/02\/thumbnail_Obra-Praca-da-Bandeira-2-464x281.jpg",464,281,true],"mantranews-carousel-image":["https:\/\/blogopara.com.br\/wp-content\/uploads\/2022\/02\/thumbnail_Obra-Praca-da-Bandeira-2.jpg",500,281,false],"mantranews-block-thumb":["https:\/\/blogopara.com.br\/wp-content\/uploads\/2022\/02\/thumbnail_Obra-Praca-da-Bandeira-2-322x230.jpg",322,230,true],"mantranews-single-large":["https:\/\/blogopara.com.br\/wp-content\/uploads\/2022\/02\/thumbnail_Obra-Praca-da-Bandeira-2.jpg",500,281,false]},"uagb_author_info":{"display_name":"Reda\u00e7\u00e3o geral","author_link":"https:\/\/blogopara.com.br\/index.php\/author\/blogopara"},"uagb_comment_info":0,"uagb_excerpt":"As obras de requalifica\u00e7\u00e3o da Pra\u00e7a da Bandeira j\u00e1 foram iniciadas pela Prefeitura de Juazeiro. A interven\u00e7\u00e3o vai proporcionar mais uma a\u00e7\u00e3o de embelezamento do espa\u00e7o urbano, na \u00e1rea central da cidade, al\u00e9m da valoriza\u00e7\u00e3o do patrim\u00f4nio religioso e hist\u00f3rico-cultural. No local est\u00e3o presentes a Catedral de Nossa Senhora das Grotas, o Memorial Casa da&hellip;","jetpack_sharing_enabled":true,"jetpack_likes_enabled":true,"_links":{"self":[{"href":"https:\/\/blogopara.com.br\/index.php\/wp-json\/wp\/v2\/posts\/33910","targetHints":{"allow":["GET"]}}],"collection":[{"href":"https:\/\/blogopara.com.br\/index.php\/wp-json\/wp\/v2\/posts"}],"about":[{"href":"https:\/\/blogopara.com.br\/index.php\/wp-json\/wp\/v2\/types\/post"}],"author":[{"embeddable":true,"href":"https:\/\/blogopara.com.br\/index.php\/wp-json\/wp\/v2\/users\/1"}],"replies":[{"embeddable":true,"href":"https:\/\/blogopara.com.br\/index.php\/wp-json\/wp\/v2\/comments?post=33910"}],"version-history":[{"count":1,"href":"https:\/\/blogopara.com.br\/index.php\/wp-json\/wp\/v2\/posts\/33910\/revisions"}],"predecessor-version":[{"id":33912,"href":"https:\/\/blogopara.com.br\/index.php\/wp-json\/wp\/v2\/posts\/33910\/revisions\/33912"}],"wp:featuredmedia":[{"embeddable":true,"href":"https:\/\/blogopara.com.br\/index.php\/wp-json\/wp\/v2\/media\/33911"}],"wp:attachment":[{"href":"https:\/\/blogopara.com.br\/index.php\/wp-json\/wp\/v2\/media?parent=33910"}],"wp:term":[{"taxonomy":"category","embeddable":true,"href":"https:\/\/blogopara.com.br\/index.php\/wp-json\/wp\/v2\/categories?post=33910"},{"taxonomy":"post_tag","embeddable":true,"href":"https:\/\/blogopara.com.br\/index.php\/wp-json\/wp\/v2\/tags?post=33910"}],"curies":[{"name":"wp","href":"https:\/\/api.w.org\/{rel}","templated":true}]}}