{"id":33995,"date":"2022-02-17T08:24:00","date_gmt":"2022-02-17T11:24:00","guid":{"rendered":"https:\/\/blogopara.com.br\/?p=33995"},"modified":"2022-02-16T18:40:46","modified_gmt":"2022-02-16T21:40:46","slug":"e-se-der-otto-na-cabeca-para-o-governo-a-questao-esta-ai","status":"publish","type":"post","link":"https:\/\/blogopara.com.br\/index.php\/2022\/02\/17\/e-se-der-otto-na-cabeca-para-o-governo-a-questao-esta-ai","title":{"rendered":"E se der Otto na cabe\u00e7a para o governo? A quest\u00e3o est\u00e1 a\u00ed"},"content":{"rendered":"<p style=\"text-align: justify;\">E se for Otto Alencar\u00a0 o candidato ao governo na banda pilotada por Rui Costa?<\/p>\n<p style=\"text-align: justify;\">A possibilidade pauta algumas rodas de conversas entre os aliados do PT. Ao que dizem, Lula est\u00e1 ingerindo forte na quest\u00e3o baiana, mas pensando mais em si.<\/p>\n<p style=\"text-align: justify;\">Pela tese, Lula tenta minimizar ao m\u00e1ximo o poderio do Centr\u00e3o e para isso contaria com a perman\u00eancia de Jaques Wagner no Senado para adiante ser o presidente do Congresso, Rui Costa disputaria o Senado, Otto Alencar ficaria na cabe\u00e7a da chapa para o governo e Jo\u00e3o Le\u00e3o ficaria governador nove meses.<\/p>\n<p style=\"text-align: justify;\">A conversa \u00e9 turbinada pela entrevista dada por Rui Costa semana passada em Pirip\u00e1, na qual disse que n\u00e3o age sozinho, tem v\u00e1rias lideran\u00e7as ao seu redor e que no fim de mar\u00e7o se saber\u00e1 se ele vai disputar o Senado ou n\u00e3o.<\/p>\n<p style=\"text-align: justify;\"><b>At\u00e9 o fim \u2014<\/b>\u00a0Mas ainda ontem Rui Costa reafirmou a interlocutores aliados: o que ele quer mesmo \u00e9 permanecer no governo at\u00e9 o fim. Ainda assim, mesmo que Rui fique, isso n\u00e3o impediria uma candidatura de Otto Alencar ao governo.<\/p>\n<p style=\"text-align: justify;\">Entre petistas baianos a ideia bate mal. Lembram que h\u00e1 precedentes de interven\u00e7\u00f5es de cima para baixo no PT, como no Rio em 1998 quando a candidatura de Wladimir Palmeira foi rifada em favor de Anthony Garotinho. O resultado foi desastroso: o partido se apagou l\u00e1. Outra foi aqui mesmo na Bahia, em 2012, em Juazeiro, quando O PT detonou Joseph Bandeira em favor de Isaac Carvalho (PCdoB). Tamb\u00e9m n\u00e3o foi bom.<\/p>\n<p>Fonte: Jornal A Tarde<\/p>\n","protected":false},"excerpt":{"rendered":"<p>E se for Otto Alencar\u00a0 o candidato ao governo na banda pilotada por Rui Costa? A possibilidade pauta algumas rodas de conversas entre os aliados do PT. Ao que dizem, Lula est\u00e1 ingerindo forte na quest\u00e3o baiana, mas pensando mais em si. Pela tese, Lula tenta minimizar ao m\u00e1ximo o poderio do Centr\u00e3o e para [&hellip;]<\/p>\n","protected":false},"author":1,"featured_media":34001,"comment_status":"closed","ping_status":"open","sticky":false,"template":"","format":"standard","meta":{"_uag_custom_page_level_css":"","_monsterinsights_skip_tracking":false,"_monsterinsights_sitenote_active":false,"_monsterinsights_sitenote_note":"","_monsterinsights_sitenote_category":0,"jetpack_post_was_ever_published":false,"_jetpack_newsletter_access":"","_jetpack_dont_email_post_to_subs":false,"_jetpack_newsletter_tier_id":0,"_jetpack_memberships_contains_paywalled_content":false,"_jetpack_memberships_contains_paid_content":false,"footnotes":"","jetpack_publicize_message":"","jetpack_publicize_feature_enabled":true,"jetpack_social_post_already_shared":true,"jetpack_social_options":{"image_generator_settings":{"template":"highway","default_image_id":0,"font":"","enabled":false},"version":2}},"categories":[199,197],"tags":[],"class_list":["post-33995","post","type-post","status-publish","format-standard","has-post-thumbnail","hentry","category-bahia","category-politica"],"jetpack_publicize_connections":[],"jetpack_featured_media_url":"https:\/\/blogopara.com.br\/wp-content\/uploads\/2022\/02\/Foto_oficial_de_Otto_Alencar.jpg","uagb_featured_image_src":{"full":["https:\/\/blogopara.com.br\/wp-content\/uploads\/2022\/02\/Foto_oficial_de_Otto_Alencar.jpg",500,625,false],"thumbnail":["https:\/\/blogopara.com.br\/wp-content\/uploads\/2022\/02\/Foto_oficial_de_Otto_Alencar-150x150.jpg",150,150,true],"medium":["https:\/\/blogopara.com.br\/wp-content\/uploads\/2022\/02\/Foto_oficial_de_Otto_Alencar-240x300.jpg",240,300,true],"medium_large":["https:\/\/blogopara.com.br\/wp-content\/uploads\/2022\/02\/Foto_oficial_de_Otto_Alencar.jpg",500,625,false],"large":["https:\/\/blogopara.com.br\/wp-content\/uploads\/2022\/02\/Foto_oficial_de_Otto_Alencar.jpg",500,625,false],"1536x1536":["https:\/\/blogopara.com.br\/wp-content\/uploads\/2022\/02\/Foto_oficial_de_Otto_Alencar.jpg",500,625,false],"2048x2048":["https:\/\/blogopara.com.br\/wp-content\/uploads\/2022\/02\/Foto_oficial_de_Otto_Alencar.jpg",500,625,false],"mantranews-slider-large":["https:\/\/blogopara.com.br\/wp-content\/uploads\/2022\/02\/Foto_oficial_de_Otto_Alencar.jpg",500,625,false],"mantranews-featured-medium":["https:\/\/blogopara.com.br\/wp-content\/uploads\/2022\/02\/Foto_oficial_de_Otto_Alencar-420x307.jpg",420,307,true],"mantranews-featured-long":["https:\/\/blogopara.com.br\/wp-content\/uploads\/2022\/02\/Foto_oficial_de_Otto_Alencar-300x443.jpg",300,443,true],"mantranews-block-medium":["https:\/\/blogopara.com.br\/wp-content\/uploads\/2022\/02\/Foto_oficial_de_Otto_Alencar-464x290.jpg",464,290,true],"mantranews-carousel-image":["https:\/\/blogopara.com.br\/wp-content\/uploads\/2022\/02\/Foto_oficial_de_Otto_Alencar-500x500.jpg",500,500,true],"mantranews-block-thumb":["https:\/\/blogopara.com.br\/wp-content\/uploads\/2022\/02\/Foto_oficial_de_Otto_Alencar-322x230.jpg",322,230,true],"mantranews-single-large":["https:\/\/blogopara.com.br\/wp-content\/uploads\/2022\/02\/Foto_oficial_de_Otto_Alencar.jpg",500,625,false]},"uagb_author_info":{"display_name":"Reda\u00e7\u00e3o geral","author_link":"https:\/\/blogopara.com.br\/index.php\/author\/blogopara"},"uagb_comment_info":0,"uagb_excerpt":"E se for Otto Alencar\u00a0 o candidato ao governo na banda pilotada por Rui Costa? A possibilidade pauta algumas rodas de conversas entre os aliados do PT. Ao que dizem, Lula est\u00e1 ingerindo forte na quest\u00e3o baiana, mas pensando mais em si. Pela tese, Lula tenta minimizar ao m\u00e1ximo o poderio do Centr\u00e3o e para&hellip;","jetpack_sharing_enabled":true,"jetpack_likes_enabled":true,"_links":{"self":[{"href":"https:\/\/blogopara.com.br\/index.php\/wp-json\/wp\/v2\/posts\/33995","targetHints":{"allow":["GET"]}}],"collection":[{"href":"https:\/\/blogopara.com.br\/index.php\/wp-json\/wp\/v2\/posts"}],"about":[{"href":"https:\/\/blogopara.com.br\/index.php\/wp-json\/wp\/v2\/types\/post"}],"author":[{"embeddable":true,"href":"https:\/\/blogopara.com.br\/index.php\/wp-json\/wp\/v2\/users\/1"}],"replies":[{"embeddable":true,"href":"https:\/\/blogopara.com.br\/index.php\/wp-json\/wp\/v2\/comments?post=33995"}],"version-history":[{"count":1,"href":"https:\/\/blogopara.com.br\/index.php\/wp-json\/wp\/v2\/posts\/33995\/revisions"}],"predecessor-version":[{"id":33997,"href":"https:\/\/blogopara.com.br\/index.php\/wp-json\/wp\/v2\/posts\/33995\/revisions\/33997"}],"wp:featuredmedia":[{"embeddable":true,"href":"https:\/\/blogopara.com.br\/index.php\/wp-json\/wp\/v2\/media\/34001"}],"wp:attachment":[{"href":"https:\/\/blogopara.com.br\/index.php\/wp-json\/wp\/v2\/media?parent=33995"}],"wp:term":[{"taxonomy":"category","embeddable":true,"href":"https:\/\/blogopara.com.br\/index.php\/wp-json\/wp\/v2\/categories?post=33995"},{"taxonomy":"post_tag","embeddable":true,"href":"https:\/\/blogopara.com.br\/index.php\/wp-json\/wp\/v2\/tags?post=33995"}],"curies":[{"name":"wp","href":"https:\/\/api.w.org\/{rel}","templated":true}]}}