{"id":34053,"date":"2022-02-19T10:36:00","date_gmt":"2022-02-19T13:36:00","guid":{"rendered":"https:\/\/blogopara.com.br\/?p=34053"},"modified":"2022-02-18T16:47:44","modified_gmt":"2022-02-18T19:47:44","slug":"como-a-esquerda-enxerga-a-entrada-de-ciro-gomes-na-eleicao-de-sp","status":"publish","type":"post","link":"https:\/\/blogopara.com.br\/index.php\/2022\/02\/19\/como-a-esquerda-enxerga-a-entrada-de-ciro-gomes-na-eleicao-de-sp","title":{"rendered":"Como a esquerda enxerga a entrada de Ciro Gomes na elei\u00e7\u00e3o de SP"},"content":{"rendered":"<p style=\"text-align: justify;\">A iniciativa do\u00a0<a href=\"https:\/\/www.metropoles.com\/tag\/pdt\" target=\"_blank\" rel=\"noopener\">PDT<\/a>\u00a0de\u00a0<a href=\"https:\/\/www.metropoles.com\/colunas\/guilherme-amado\/pdt-tera-candidato-ao-governo-de-sp-para-dar-palanque-a-ciro\" target=\"_blank\" rel=\"noopener\">lan\u00e7ar<\/a> candidatos em S\u00e3o Paulo ao governo estadual e ao Senado foi interpretada pelos outros partidos de esquerda como uma tentativa do presidente pedetista, Carlos Lupi, de afastar qualquer boato sobre uma poss\u00edvel desist\u00eancia de Ciro Gomes da corrida presidencial.<\/p>\n<p style=\"text-align: justify;\" data-gtm-vis-recent-on-screen-8752935_845=\"50307\" data-gtm-vis-first-on-screen-8752935_845=\"50308\" data-gtm-vis-total-visible-time-8752935_845=\"100\" data-gtm-vis-has-fired-8752935_845=\"1\">Parlamentares que tentar\u00e3o a reelei\u00e7\u00e3o t\u00eam pressionado o partido para abrir m\u00e3o da candidatura de Ciro, j\u00e1 que o pedetista est\u00e1 estagnado nas pesquisas de inten\u00e7\u00e3o de voto. O temor \u00e9 de que um fracasso prejudique a elei\u00e7\u00e3o da bancada de deputados em outubro.<\/p>\n<p style=\"text-align: justify;\">O PDT tem negocia\u00e7\u00f5es com o PSol para apoiar\u00a0<a href=\"https:\/\/www.metropoles.com\/tag\/guilherme-boulos\" target=\"_blank\" rel=\"noopener\">Guilherme Boulos<\/a>\u00a0na disputa pelo governo de S\u00e3o Paulo. O entorno de Boulos foi pego de surpresa com a\u00a0<a href=\"https:\/\/www.metropoles.com\/colunas\/guilherme-amado\/pdt-tera-candidato-ao-governo-de-sp-para-dar-palanque-a-ciro\" target=\"_blank\" rel=\"noopener\">declara\u00e7\u00e3o de Lupi sobre lan\u00e7ar candidatura pr\u00f3pria<\/a>. A fala foi publicada pela\u00a0<a href=\"https:\/\/www.metropoles.com\/colunas\/guilherme-amado\" target=\"_blank\" rel=\"noopener\">coluna<\/a>\u00a0nesta quinta-feira (17\/2).<\/p>\n<p style=\"text-align: justify;\">A dire\u00e7\u00e3o do PSol afirma que a negocia\u00e7\u00e3o com o PDT transcorre normalmente e que a declara\u00e7\u00e3o n\u00e3o afetar\u00e1 em nada a rela\u00e7\u00e3o entre os partidos.<\/p>\n<p style=\"text-align: justify;\" data-gtm-vis-recent-on-screen-8752935_862=\"76637\" data-gtm-vis-first-on-screen-8752935_862=\"76637\" data-gtm-vis-total-visible-time-8752935_862=\"100\" data-gtm-vis-has-fired-8752935_862=\"1\">Assim como o PT e o PSB, que pretendem ter candidatos no estado, a sigla acredita que Lupi quer enviar um sinal para dentro do PDT e mostrar que Ciro ter\u00e1 palanques em S\u00e3o Paulo porque a candidatura continua de p\u00e9.<\/p>\n<p style=\"text-align: justify;\">Outra explica\u00e7\u00e3o cogitada pela esquerda \u00e9 de que Lupi quer tranquilizar pedetistas insatisfeitos com a aproxima\u00e7\u00e3o do partido com Boulos, que ir\u00e1 apoiar Lula na elei\u00e7\u00e3o presidencial.<\/p>\n<p style=\"text-align: justify;\">O PDT n\u00e3o est\u00e1 entre as principais for\u00e7as de S\u00e3o Paulo e n\u00e3o conta com nenhum deputado federal no estado. T\u00e1bata Amaral teve uma vota\u00e7\u00e3o expressiva e se elegeu pelo PDT em 2018, mas deixou o partido e hoje est\u00e1 no PSB.<\/p>\n<p style=\"text-align: justify;\">Fonte: Metr\u00f3poles<\/p>\n","protected":false},"excerpt":{"rendered":"<p>O presidente do PDT, Carlos Lupi, anunciou que a sigla lan\u00e7ar\u00e1 candidatos em S\u00e3o Paulo para disputar o governo e a vaga ao Senado<\/p>\n","protected":false},"author":1,"featured_media":29297,"comment_status":"closed","ping_status":"open","sticky":false,"template":"","format":"standard","meta":{"_uag_custom_page_level_css":"","_monsterinsights_skip_tracking":false,"_monsterinsights_sitenote_active":false,"_monsterinsights_sitenote_note":"","_monsterinsights_sitenote_category":0,"jetpack_post_was_ever_published":false,"_jetpack_newsletter_access":"","_jetpack_dont_email_post_to_subs":false,"_jetpack_newsletter_tier_id":0,"_jetpack_memberships_contains_paywalled_content":false,"_jetpack_memberships_contains_paid_content":false,"footnotes":"","jetpack_publicize_message":"","jetpack_publicize_feature_enabled":true,"jetpack_social_post_already_shared":true,"jetpack_social_options":{"image_generator_settings":{"template":"highway","default_image_id":0,"font":"","enabled":false},"version":2}},"categories":[200,197],"tags":[],"class_list":["post-34053","post","type-post","status-publish","format-standard","has-post-thumbnail","hentry","category-brasil","category-politica"],"jetpack_publicize_connections":[],"jetpack_featured_media_url":"https:\/\/blogopara.com.br\/wp-content\/uploads\/2021\/10\/CiroGomes-final-com-recorte-1-1024x699-1.jpg","uagb_featured_image_src":{"full":["https:\/\/blogopara.com.br\/wp-content\/uploads\/2021\/10\/CiroGomes-final-com-recorte-1-1024x699-1.jpg",500,341,false],"thumbnail":["https:\/\/blogopara.com.br\/wp-content\/uploads\/2021\/10\/CiroGomes-final-com-recorte-1-1024x699-1-150x150.jpg",150,150,true],"medium":["https:\/\/blogopara.com.br\/wp-content\/uploads\/2021\/10\/CiroGomes-final-com-recorte-1-1024x699-1-300x205.jpg",300,205,true],"medium_large":["https:\/\/blogopara.com.br\/wp-content\/uploads\/2021\/10\/CiroGomes-final-com-recorte-1-1024x699-1.jpg",500,341,false],"large":["https:\/\/blogopara.com.br\/wp-content\/uploads\/2021\/10\/CiroGomes-final-com-recorte-1-1024x699-1.jpg",500,341,false],"1536x1536":["https:\/\/blogopara.com.br\/wp-content\/uploads\/2021\/10\/CiroGomes-final-com-recorte-1-1024x699-1.jpg",500,341,false],"2048x2048":["https:\/\/blogopara.com.br\/wp-content\/uploads\/2021\/10\/CiroGomes-final-com-recorte-1-1024x699-1.jpg",500,341,false],"mantranews-slider-large":["https:\/\/blogopara.com.br\/wp-content\/uploads\/2021\/10\/CiroGomes-final-com-recorte-1-1024x699-1.jpg",500,341,false],"mantranews-featured-medium":["https:\/\/blogopara.com.br\/wp-content\/uploads\/2021\/10\/CiroGomes-final-com-recorte-1-1024x699-1-420x307.jpg",420,307,true],"mantranews-featured-long":["https:\/\/blogopara.com.br\/wp-content\/uploads\/2021\/10\/CiroGomes-final-com-recorte-1-1024x699-1-300x341.jpg",300,341,true],"mantranews-block-medium":["https:\/\/blogopara.com.br\/wp-content\/uploads\/2021\/10\/CiroGomes-final-com-recorte-1-1024x699-1-464x290.jpg",464,290,true],"mantranews-carousel-image":["https:\/\/blogopara.com.br\/wp-content\/uploads\/2021\/10\/CiroGomes-final-com-recorte-1-1024x699-1.jpg",500,341,false],"mantranews-block-thumb":["https:\/\/blogopara.com.br\/wp-content\/uploads\/2021\/10\/CiroGomes-final-com-recorte-1-1024x699-1-322x230.jpg",322,230,true],"mantranews-single-large":["https:\/\/blogopara.com.br\/wp-content\/uploads\/2021\/10\/CiroGomes-final-com-recorte-1-1024x699-1.jpg",500,341,false]},"uagb_author_info":{"display_name":"Reda\u00e7\u00e3o geral","author_link":"https:\/\/blogopara.com.br\/index.php\/author\/blogopara"},"uagb_comment_info":0,"uagb_excerpt":"O presidente do PDT, Carlos Lupi, anunciou que a sigla lan\u00e7ar\u00e1 candidatos em S\u00e3o Paulo para disputar o governo e a vaga ao Senado","jetpack_sharing_enabled":true,"jetpack_likes_enabled":true,"_links":{"self":[{"href":"https:\/\/blogopara.com.br\/index.php\/wp-json\/wp\/v2\/posts\/34053","targetHints":{"allow":["GET"]}}],"collection":[{"href":"https:\/\/blogopara.com.br\/index.php\/wp-json\/wp\/v2\/posts"}],"about":[{"href":"https:\/\/blogopara.com.br\/index.php\/wp-json\/wp\/v2\/types\/post"}],"author":[{"embeddable":true,"href":"https:\/\/blogopara.com.br\/index.php\/wp-json\/wp\/v2\/users\/1"}],"replies":[{"embeddable":true,"href":"https:\/\/blogopara.com.br\/index.php\/wp-json\/wp\/v2\/comments?post=34053"}],"version-history":[{"count":2,"href":"https:\/\/blogopara.com.br\/index.php\/wp-json\/wp\/v2\/posts\/34053\/revisions"}],"predecessor-version":[{"id":34055,"href":"https:\/\/blogopara.com.br\/index.php\/wp-json\/wp\/v2\/posts\/34053\/revisions\/34055"}],"wp:featuredmedia":[{"embeddable":true,"href":"https:\/\/blogopara.com.br\/index.php\/wp-json\/wp\/v2\/media\/29297"}],"wp:attachment":[{"href":"https:\/\/blogopara.com.br\/index.php\/wp-json\/wp\/v2\/media?parent=34053"}],"wp:term":[{"taxonomy":"category","embeddable":true,"href":"https:\/\/blogopara.com.br\/index.php\/wp-json\/wp\/v2\/categories?post=34053"},{"taxonomy":"post_tag","embeddable":true,"href":"https:\/\/blogopara.com.br\/index.php\/wp-json\/wp\/v2\/tags?post=34053"}],"curies":[{"name":"wp","href":"https:\/\/api.w.org\/{rel}","templated":true}]}}