{"id":34159,"date":"2022-02-21T17:39:00","date_gmt":"2022-02-21T20:39:00","guid":{"rendered":"https:\/\/blogopara.com.br\/?p=34159"},"modified":"2022-02-21T17:08:39","modified_gmt":"2022-02-21T20:08:39","slug":"curaca-indicacao-do-deputado-tito-garante-construcao-de-moderna-escola-para-a-comunidade","status":"publish","type":"post","link":"https:\/\/blogopara.com.br\/index.php\/2022\/02\/21\/curaca-indicacao-do-deputado-tito-garante-construcao-de-moderna-escola-para-a-comunidade","title":{"rendered":"CURA\u00c7A: INDICA\u00c7\u00c3O DO DEPUTADO TITO GARANTE CONSTRU\u00c7\u00c3O DE MODERNA ESCOLA PARA A COMUNIDADE"},"content":{"rendered":"<p style=\"text-align: justify;\">O Deputado federal Tito, tem como uma de suas principais bandeiras na vida p\u00fablica o apoio e incentivo \u00e0 educa\u00e7\u00e3o. Inclusive, gra\u00e7as a indica\u00e7\u00e3o de Emenda Parlamentar de sua autoria, o munic\u00edpio de Cura\u00e7a-BA, foi contemplado com um grande investimento federal, a Escola Unificada de Ensino Fundamental, que est\u00e1 sendo constru\u00edda no Povoado de Riacho Seco.<\/p>\n<p style=\"text-align: justify;\">O investimento est\u00e1 avaliado em R$ 8,2 milh\u00f5es de reais e foi aprovado pelo FNDE. <br \/>Trata-se do projeto de escola mais moderno j\u00e1 executado no munic\u00edpio, com 13 salas de aulas, espa\u00e7o multiuso, quadra poliesportiva, laborat\u00f3rios e tudo que h\u00e1 de mais avan\u00e7ado para o ensino.<\/p>\n<p style=\"text-align: justify;\">Esta conquista \u00e9 fruto do empenho do Pr\u00e9-candidato a Deputado Estadual Dr. Willis e do vereador Cezar Mendon\u00e7a, do munic\u00edpio de Cura\u00e7a, que fizeram o pedido ao deputado federal Tito, que prontamente atendeu e indicou essa grande emenda.<\/p>\n<p style=\"text-align: justify;\">\u201c\u00c9 motivo de grande alegria para o nosso munic\u00edpio receber essa moderna escola, que trar\u00e1 conforto e comodidade para centenas de alunos e oferecer\u00e1 melhores condi\u00e7\u00f5es de trabalho para os professores da nossa comunidade. Agrade\u00e7o ao Deputado Tito pelo empenho em viabilizar o nosso pedido e ao vereador Cezar pela parceria de sempre&#8221;, disse Dr. Willis.<\/p>\n<p>\u00a0<\/p>\n","protected":false},"excerpt":{"rendered":"<p>O Deputado federal Tito, tem como uma de suas principais bandeiras na vida p\u00fablica o apoio e incentivo \u00e0 educa\u00e7\u00e3o. Inclusive, gra\u00e7as a indica\u00e7\u00e3o de Emenda Parlamentar de sua autoria, o munic\u00edpio de Cura\u00e7a-BA, foi contemplado com um grande investimento federal, a Escola Unificada de Ensino Fundamental, que est\u00e1 sendo constru\u00edda no Povoado de Riacho [&hellip;]<\/p>\n","protected":false},"author":1,"featured_media":34160,"comment_status":"closed","ping_status":"open","sticky":false,"template":"","format":"standard","meta":{"_uag_custom_page_level_css":"","_monsterinsights_skip_tracking":false,"_monsterinsights_sitenote_active":false,"_monsterinsights_sitenote_note":"","_monsterinsights_sitenote_category":0,"jetpack_post_was_ever_published":false,"_jetpack_newsletter_access":"","_jetpack_dont_email_post_to_subs":false,"_jetpack_newsletter_tier_id":0,"_jetpack_memberships_contains_paywalled_content":false,"_jetpack_memberships_contains_paid_content":false,"footnotes":"","jetpack_publicize_message":"","jetpack_publicize_feature_enabled":true,"jetpack_social_post_already_shared":true,"jetpack_social_options":{"image_generator_settings":{"template":"highway","default_image_id":0,"font":"","enabled":false},"version":2}},"categories":[1503],"tags":[3201,7785,7784,7786],"class_list":["post-34159","post","type-post","status-publish","format-standard","has-post-thumbnail","hentry","category-curaca","tag-construcao","tag-deputado-tito","tag-indicacao","tag-moderna-escola"],"jetpack_publicize_connections":[],"jetpack_featured_media_url":"https:\/\/blogopara.com.br\/wp-content\/uploads\/2022\/02\/WhatsApp-Image-2022-02-21-at-13.33.36.jpeg","uagb_featured_image_src":{"full":["https:\/\/blogopara.com.br\/wp-content\/uploads\/2022\/02\/WhatsApp-Image-2022-02-21-at-13.33.36.jpeg",500,423,false],"thumbnail":["https:\/\/blogopara.com.br\/wp-content\/uploads\/2022\/02\/WhatsApp-Image-2022-02-21-at-13.33.36-150x150.jpeg",150,150,true],"medium":["https:\/\/blogopara.com.br\/wp-content\/uploads\/2022\/02\/WhatsApp-Image-2022-02-21-at-13.33.36-300x254.jpeg",300,254,true],"medium_large":["https:\/\/blogopara.com.br\/wp-content\/uploads\/2022\/02\/WhatsApp-Image-2022-02-21-at-13.33.36.jpeg",500,423,false],"large":["https:\/\/blogopara.com.br\/wp-content\/uploads\/2022\/02\/WhatsApp-Image-2022-02-21-at-13.33.36.jpeg",500,423,false],"1536x1536":["https:\/\/blogopara.com.br\/wp-content\/uploads\/2022\/02\/WhatsApp-Image-2022-02-21-at-13.33.36.jpeg",500,423,false],"2048x2048":["https:\/\/blogopara.com.br\/wp-content\/uploads\/2022\/02\/WhatsApp-Image-2022-02-21-at-13.33.36.jpeg",500,423,false],"mantranews-slider-large":["https:\/\/blogopara.com.br\/wp-content\/uploads\/2022\/02\/WhatsApp-Image-2022-02-21-at-13.33.36.jpeg",500,423,false],"mantranews-featured-medium":["https:\/\/blogopara.com.br\/wp-content\/uploads\/2022\/02\/WhatsApp-Image-2022-02-21-at-13.33.36-420x307.jpeg",420,307,true],"mantranews-featured-long":["https:\/\/blogopara.com.br\/wp-content\/uploads\/2022\/02\/WhatsApp-Image-2022-02-21-at-13.33.36-300x423.jpeg",300,423,true],"mantranews-block-medium":["https:\/\/blogopara.com.br\/wp-content\/uploads\/2022\/02\/WhatsApp-Image-2022-02-21-at-13.33.36-464x290.jpeg",464,290,true],"mantranews-carousel-image":["https:\/\/blogopara.com.br\/wp-content\/uploads\/2022\/02\/WhatsApp-Image-2022-02-21-at-13.33.36.jpeg",500,423,false],"mantranews-block-thumb":["https:\/\/blogopara.com.br\/wp-content\/uploads\/2022\/02\/WhatsApp-Image-2022-02-21-at-13.33.36-322x230.jpeg",322,230,true],"mantranews-single-large":["https:\/\/blogopara.com.br\/wp-content\/uploads\/2022\/02\/WhatsApp-Image-2022-02-21-at-13.33.36.jpeg",500,423,false]},"uagb_author_info":{"display_name":"Reda\u00e7\u00e3o geral","author_link":"https:\/\/blogopara.com.br\/index.php\/author\/blogopara"},"uagb_comment_info":0,"uagb_excerpt":"O Deputado federal Tito, tem como uma de suas principais bandeiras na vida p\u00fablica o apoio e incentivo \u00e0 educa\u00e7\u00e3o. Inclusive, gra\u00e7as a indica\u00e7\u00e3o de Emenda Parlamentar de sua autoria, o munic\u00edpio de Cura\u00e7a-BA, foi contemplado com um grande investimento federal, a Escola Unificada de Ensino Fundamental, que est\u00e1 sendo constru\u00edda no Povoado de Riacho&hellip;","jetpack_sharing_enabled":true,"jetpack_likes_enabled":true,"_links":{"self":[{"href":"https:\/\/blogopara.com.br\/index.php\/wp-json\/wp\/v2\/posts\/34159","targetHints":{"allow":["GET"]}}],"collection":[{"href":"https:\/\/blogopara.com.br\/index.php\/wp-json\/wp\/v2\/posts"}],"about":[{"href":"https:\/\/blogopara.com.br\/index.php\/wp-json\/wp\/v2\/types\/post"}],"author":[{"embeddable":true,"href":"https:\/\/blogopara.com.br\/index.php\/wp-json\/wp\/v2\/users\/1"}],"replies":[{"embeddable":true,"href":"https:\/\/blogopara.com.br\/index.php\/wp-json\/wp\/v2\/comments?post=34159"}],"version-history":[{"count":1,"href":"https:\/\/blogopara.com.br\/index.php\/wp-json\/wp\/v2\/posts\/34159\/revisions"}],"predecessor-version":[{"id":34161,"href":"https:\/\/blogopara.com.br\/index.php\/wp-json\/wp\/v2\/posts\/34159\/revisions\/34161"}],"wp:featuredmedia":[{"embeddable":true,"href":"https:\/\/blogopara.com.br\/index.php\/wp-json\/wp\/v2\/media\/34160"}],"wp:attachment":[{"href":"https:\/\/blogopara.com.br\/index.php\/wp-json\/wp\/v2\/media?parent=34159"}],"wp:term":[{"taxonomy":"category","embeddable":true,"href":"https:\/\/blogopara.com.br\/index.php\/wp-json\/wp\/v2\/categories?post=34159"},{"taxonomy":"post_tag","embeddable":true,"href":"https:\/\/blogopara.com.br\/index.php\/wp-json\/wp\/v2\/tags?post=34159"}],"curies":[{"name":"wp","href":"https:\/\/api.w.org\/{rel}","templated":true}]}}