{"id":34231,"date":"2022-02-23T14:20:25","date_gmt":"2022-02-23T17:20:25","guid":{"rendered":"https:\/\/blogopara.com.br\/?p=34231"},"modified":"2022-02-23T14:20:27","modified_gmt":"2022-02-23T17:20:27","slug":"educacao-um-ato-de-amor-em-um-novo-tempo-jornada-pedagogica-da-rede-municipal-de-ensino-de-juazeiro-acontecera-entre-os-dias-03-e-09-de-marco","status":"publish","type":"post","link":"https:\/\/blogopara.com.br\/index.php\/2022\/02\/23\/educacao-um-ato-de-amor-em-um-novo-tempo-jornada-pedagogica-da-rede-municipal-de-ensino-de-juazeiro-acontecera-entre-os-dias-03-e-09-de-marco","title":{"rendered":"\u201cEduca\u00e7\u00e3o: Um ato de amor em um novo tempo\u201d: Jornada Pedag\u00f3gica da Rede Municipal de ensino de Juazeiro acontecer\u00e1 entre os dias 03 e 09 de mar\u00e7o"},"content":{"rendered":"<p style=\"text-align: justify;\">\u201cEduca\u00e7\u00e3o: um ato de amor em um Novo Tempo\u201d. Esse \u00e9 o tema da Jornada Pedag\u00f3gica 2022, promovida pela Prefeitura de Juazeiro, atrav\u00e9s da Secretaria de Educa\u00e7\u00e3o e Juventude (Seduc), que ser\u00e1 realizada entre os dias 03 e 09 de mar\u00e7o. O evento, que marca o in\u00edcio das atividades letivas na rede municipal, ser\u00e1 realizado na Ch\u00e1cara Bougainville e ir\u00e1 abordar tem\u00e1ticas que v\u00e3o desde a inova\u00e7\u00e3o tecnol\u00f3gica na Educa\u00e7\u00e3o aos aspectos psicossociais presentes nos processos de ensino e aprendizagem.<\/p>\n<p style=\"text-align: justify;\">Com uma programa\u00e7\u00e3o segmentada e pensada para atender todos os p\u00fablicos da rede municipal de ensino, a Jornada Pedag\u00f3gica 2022 re\u00fane um corpo de palestrantes diversificado e de reconhecimento nacional, como por exemplo, o jornalista e escritor Fabr\u00edcio Carpinejar, que ir\u00e1 ministrar na Palestra Magna, no dia 04 de mar\u00e7o. Al\u00e9m do jornalista, tamb\u00e9m comp\u00f5em o corpo de palestrantes, o educador e artista, Guga Cidral, e o professor de m\u00fasica, Daniel Arenhart; a pedagoga e especialista em Educa\u00e7\u00e3o Infantil, Regina Shudo; o coordenador de conte\u00fados e inova\u00e7\u00e3o na Funda\u00e7\u00e3o IOCHPE, Pedro Cunha; o especialista em Inova\u00e7\u00e3o, Eduardo Azevedo; o pedagogo, especialista em Alfabetiza\u00e7\u00e3o e mestre em Educa\u00e7\u00e3o e Cultura, Lourival Martins Filho; o professor e doutor em Neuroci\u00eancias, Nino Paix\u00e3o; a pesquisadora e doutora em Psicologia, Telma Ferraz; e a mestra em Educa\u00e7\u00e3o, Jane Haddad.<\/p>\n<p style=\"text-align: justify;\">Para a secret\u00e1ria de Educa\u00e7\u00e3o e Juventude, Normeide Almeida, essa \u00e9 a maior Jornada Pedag\u00f3gica de todos os tempos, por trazer a educa\u00e7\u00e3o como uma a\u00e7\u00e3o que, para al\u00e9m do aspecto formativo e intelectual, promove tamb\u00e9m uma revolu\u00e7\u00e3o e cria um novo tempo. \u201cA gest\u00e3o da prefeita Suzana Ramos traz como marca o \u201cNovo Tempo\u201d, premissa que se aplica tamb\u00e9m a Educa\u00e7\u00e3o, que \u00e9 vista e tratada como um ato de amor. Dessa forma, por meio dela, \u00e9 poss\u00edvel promover uma transforma\u00e7\u00e3o social e se efetivar esse novo tempo que buscamos para nossa sociedade e que come\u00e7a pela valoriza\u00e7\u00e3o da Educa\u00e7\u00e3o. Convidamos os nossos profissionais para prestigiarem a programa\u00e7\u00e3o que est\u00e1 rica e diversificada\u201d, destacou a secret\u00e1ria.<\/p>\n<p style=\"text-align: justify;\">A programa\u00e7\u00e3o da Jornada Pedag\u00f3gica 2022, com datas, hor\u00e1rios e palestras, segue em anexo.<\/p>\n<p style=\"text-align: justify;\">Simp\u00f3sio<\/p>\n<p style=\"text-align: justify;\">No dia 03 de mar\u00e7o, ser\u00e1 realizado o \u201c1\u00ba Simp\u00f3sio sobre a reconstru\u00e7\u00e3o do curr\u00edculo escolar \u00e0 luz da BNCC\u201d, com o objetivo de apresentar aos profissionais da rede municipal de ensino, a nova proposta curricular, que ir\u00e1 contemplar atualiza\u00e7\u00f5es da Base Nacional Comum Curricular (BNCC), bem como, particularidades de Juazeiro. Para participar, \u00e9 necess\u00e1rio inscri\u00e7\u00e3o pr\u00e9via, dispon\u00edvel a partir de 25 de fevereiro, atrav\u00e9s de grupos de Whatsapp de gestores e coordenadores da rede municipal de ensino.<\/p>\n","protected":false},"excerpt":{"rendered":"<p>\u201cEduca\u00e7\u00e3o: um ato de amor em um Novo Tempo\u201d. Esse \u00e9 o tema da Jornada Pedag\u00f3gica 2022, promovida pela Prefeitura de Juazeiro, atrav\u00e9s da Secretaria de Educa\u00e7\u00e3o e Juventude (Seduc), que ser\u00e1 realizada entre os dias 03 e 09 de mar\u00e7o. O evento, que marca o in\u00edcio das atividades letivas na rede municipal, ser\u00e1 realizado [&hellip;]<\/p>\n","protected":false},"author":1,"featured_media":34232,"comment_status":"closed","ping_status":"open","sticky":false,"template":"","format":"standard","meta":{"_uag_custom_page_level_css":"","_monsterinsights_skip_tracking":false,"_monsterinsights_sitenote_active":false,"_monsterinsights_sitenote_note":"","_monsterinsights_sitenote_category":0,"jetpack_post_was_ever_published":false,"_jetpack_newsletter_access":"","_jetpack_dont_email_post_to_subs":false,"_jetpack_newsletter_tier_id":0,"_jetpack_memberships_contains_paywalled_content":false,"_jetpack_memberships_contains_paid_content":false,"footnotes":"","jetpack_publicize_message":"","jetpack_publicize_feature_enabled":true,"jetpack_social_post_already_shared":true,"jetpack_social_options":{"image_generator_settings":{"template":"highway","default_image_id":0,"font":"","enabled":false},"version":2}},"categories":[209,203],"tags":[],"class_list":["post-34231","post","type-post","status-publish","format-standard","has-post-thumbnail","hentry","category-educacao","category-juazeiro"],"jetpack_publicize_connections":[],"jetpack_featured_media_url":"https:\/\/blogopara.com.br\/wp-content\/uploads\/2022\/02\/Design-sem-nome.jpg","uagb_featured_image_src":{"full":["https:\/\/blogopara.com.br\/wp-content\/uploads\/2022\/02\/Design-sem-nome.jpg",500,707,false],"thumbnail":["https:\/\/blogopara.com.br\/wp-content\/uploads\/2022\/02\/Design-sem-nome-150x150.jpg",150,150,true],"medium":["https:\/\/blogopara.com.br\/wp-content\/uploads\/2022\/02\/Design-sem-nome-212x300.jpg",212,300,true],"medium_large":["https:\/\/blogopara.com.br\/wp-content\/uploads\/2022\/02\/Design-sem-nome.jpg",500,707,false],"large":["https:\/\/blogopara.com.br\/wp-content\/uploads\/2022\/02\/Design-sem-nome.jpg",500,707,false],"1536x1536":["https:\/\/blogopara.com.br\/wp-content\/uploads\/2022\/02\/Design-sem-nome.jpg",500,707,false],"2048x2048":["https:\/\/blogopara.com.br\/wp-content\/uploads\/2022\/02\/Design-sem-nome.jpg",500,707,false],"mantranews-slider-large":["https:\/\/blogopara.com.br\/wp-content\/uploads\/2022\/02\/Design-sem-nome.jpg",500,707,false],"mantranews-featured-medium":["https:\/\/blogopara.com.br\/wp-content\/uploads\/2022\/02\/Design-sem-nome-420x307.jpg",420,307,true],"mantranews-featured-long":["https:\/\/blogopara.com.br\/wp-content\/uploads\/2022\/02\/Design-sem-nome-300x443.jpg",300,443,true],"mantranews-block-medium":["https:\/\/blogopara.com.br\/wp-content\/uploads\/2022\/02\/Design-sem-nome-464x290.jpg",464,290,true],"mantranews-carousel-image":["https:\/\/blogopara.com.br\/wp-content\/uploads\/2022\/02\/Design-sem-nome-500x500.jpg",500,500,true],"mantranews-block-thumb":["https:\/\/blogopara.com.br\/wp-content\/uploads\/2022\/02\/Design-sem-nome-322x230.jpg",322,230,true],"mantranews-single-large":["https:\/\/blogopara.com.br\/wp-content\/uploads\/2022\/02\/Design-sem-nome-500x642.jpg",500,642,true]},"uagb_author_info":{"display_name":"Reda\u00e7\u00e3o geral","author_link":"https:\/\/blogopara.com.br\/index.php\/author\/blogopara"},"uagb_comment_info":0,"uagb_excerpt":"\u201cEduca\u00e7\u00e3o: um ato de amor em um Novo Tempo\u201d. Esse \u00e9 o tema da Jornada Pedag\u00f3gica 2022, promovida pela Prefeitura de Juazeiro, atrav\u00e9s da Secretaria de Educa\u00e7\u00e3o e Juventude (Seduc), que ser\u00e1 realizada entre os dias 03 e 09 de mar\u00e7o. O evento, que marca o in\u00edcio das atividades letivas na rede municipal, ser\u00e1 realizado&hellip;","jetpack_sharing_enabled":true,"jetpack_likes_enabled":true,"_links":{"self":[{"href":"https:\/\/blogopara.com.br\/index.php\/wp-json\/wp\/v2\/posts\/34231","targetHints":{"allow":["GET"]}}],"collection":[{"href":"https:\/\/blogopara.com.br\/index.php\/wp-json\/wp\/v2\/posts"}],"about":[{"href":"https:\/\/blogopara.com.br\/index.php\/wp-json\/wp\/v2\/types\/post"}],"author":[{"embeddable":true,"href":"https:\/\/blogopara.com.br\/index.php\/wp-json\/wp\/v2\/users\/1"}],"replies":[{"embeddable":true,"href":"https:\/\/blogopara.com.br\/index.php\/wp-json\/wp\/v2\/comments?post=34231"}],"version-history":[{"count":1,"href":"https:\/\/blogopara.com.br\/index.php\/wp-json\/wp\/v2\/posts\/34231\/revisions"}],"predecessor-version":[{"id":34233,"href":"https:\/\/blogopara.com.br\/index.php\/wp-json\/wp\/v2\/posts\/34231\/revisions\/34233"}],"wp:featuredmedia":[{"embeddable":true,"href":"https:\/\/blogopara.com.br\/index.php\/wp-json\/wp\/v2\/media\/34232"}],"wp:attachment":[{"href":"https:\/\/blogopara.com.br\/index.php\/wp-json\/wp\/v2\/media?parent=34231"}],"wp:term":[{"taxonomy":"category","embeddable":true,"href":"https:\/\/blogopara.com.br\/index.php\/wp-json\/wp\/v2\/categories?post=34231"},{"taxonomy":"post_tag","embeddable":true,"href":"https:\/\/blogopara.com.br\/index.php\/wp-json\/wp\/v2\/tags?post=34231"}],"curies":[{"name":"wp","href":"https:\/\/api.w.org\/{rel}","templated":true}]}}