{"id":34238,"date":"2022-02-23T19:39:00","date_gmt":"2022-02-23T22:39:00","guid":{"rendered":"https:\/\/blogopara.com.br\/?p=34238"},"modified":"2022-02-23T18:39:01","modified_gmt":"2022-02-23T21:39:01","slug":"com-prejuizos-de-r-80-milhoes-produtores-do-vale-do-sao-francisco-cobrem-os-pomares-se-protegendo-das-chuvas","status":"publish","type":"post","link":"https:\/\/blogopara.com.br\/index.php\/2022\/02\/23\/com-prejuizos-de-r-80-milhoes-produtores-do-vale-do-sao-francisco-cobrem-os-pomares-se-protegendo-das-chuvas","title":{"rendered":"Com preju\u00edzos de R$ 80 milh\u00f5es, produtores do Vale do S\u00e3o Francisco cobrem os pomares se protegendo das chuvas"},"content":{"rendered":"<p style=\"text-align: justify;\">Os produtores de frutas do Vale do S\u00e3o Francisco est\u00e3o investindo alto na cobertura dos pomares e amplia\u00e7\u00e3o dos tratos culturais em fun\u00e7\u00e3o das fortes chuvas que caem na regi\u00e3o desde o m\u00eas de outubro do ano passado e j\u00e1 provocaram um preju\u00edzo estimado em R$ 80 milh\u00f5es com a perda de mais de 30 mil toneladas de uvas de mesa e mangas.<\/p>\n<p style=\"text-align: justify;\">Com a safra do 1\u00ba semestre de 2022 j\u00e1 comprometida em 80% e a previs\u00e3o de mais chuvas at\u00e9 meados do m\u00eas de abril, os propriet\u00e1rios das fazendas produtoras de frutas, que somam mais de 2 mil fruticultores, somente em Petrolina \u2013 PE, enfrentam uma situa\u00e7\u00e3o sem paralelo nos \u00faltimos 15 anos nesta regi\u00e3o que produz com irriga\u00e7\u00e3o controlada e \u00e9 considerada um dos principais produtores de uva e manga do Brasil.<\/p>\n<p style=\"text-align: justify;\">De acordo com o presidente do Sindicato dos Produtores Rurais de Petrolina (SPR), Jailson Lira, os maiores investimentos est\u00e3o sendo realizados pelos produtores de uva, considerada uma das frutas mais sens\u00edveis \u00e0s condi\u00e7\u00f5es clim\u00e1ticas. O segmento ocupa hoje uma \u00e1rea de 12 mil hectares no Vale. \u201cCom as chuvas prolongadas e precipita\u00e7\u00f5es que chegaram a 500 mil\u00edmetros por semana, os produtores est\u00e3o tendo que fazer um investimento que varia entre R$ 60 mil e R$ 80 mil por cada hectare de uva coberto com lonas pl\u00e1sticas. Um valor muito alto para pequenos e m\u00e9dios produtores&#8221;, ressaltou.<\/p>\n<p style=\"text-align: justify;\">O presidente lembrou ainda que para minimizar os preju\u00edzos o segmento est\u00e1 tendo que arcar tamb\u00e9m com um aumento de at\u00e9 40% nos custos com tratos culturais a exemplo da limpeza dos cachos e pulveriza\u00e7\u00e3o dos parreirais em fun\u00e7\u00e3o de doen\u00e7as provocadas por fungos como o M\u00edldio. Lira j\u00e1 fez a cobertura de dois dos 40 hectares que possui no N\u00facleo 10 do projeto de irriga\u00e7\u00e3o Senador Nilo Coelho, ap\u00f3s contabilizar um preju\u00edzo de quase R$ 1 milh\u00e3o com a perda de 250 toneladas da fruta.<\/p>\n<p style=\"text-align: justify;\">Segundo o coordenador de produ\u00e7\u00e3o da fazenda Frutos do Sol, Marcos Ant\u00f4nio, a propriedade, que tamb\u00e9m fica no projeto de irriga\u00e7\u00e3o Senador Nilo Coelho (N\u00facleo 5), perdeu, com as \u00faltimas chuvas, 600 toneladas de uvas das variedades Arra 15 e Vit\u00f3ria, o que representa um preju\u00edzo de R$ 4 milh\u00f5es. \u201cFizemos a cobertura com as lonas pl\u00e1sticas de 11 dos 103 hectares implantados e estamos ampliando a prote\u00e7\u00e3o principalmente nas \u00e1reas que cultivamos as variedades menos resistentes \u00e0s chuvas. De olho nas previs\u00f5es meteorol\u00f3gicas da Ag\u00eancia Pernambucana de \u00c1guas e Clima (Apac), que indicam precipita\u00e7\u00f5es at\u00e9 o m\u00eas de abril, ampliamos ainda os investimentos em m\u00e3o de obra e nos tratos culturais e fitossanit\u00e1rios nas mais diversas fases de produ\u00e7\u00e3o da fruta\u201d, pontuou.<\/p>\n<p style=\"text-align: justify;\">Nas \u00e1reas de plantio de manga, os fruticultores do Vale tamb\u00e9m est\u00e3o aumentando os cuidados visando minimizar as perdas com o aborto das flores, baixa produtividade e o atraso do cronograma de produ\u00e7\u00e3o da fruta. Os produtores j\u00e1 contabilizaram preju\u00edzos de R$ 27 milh\u00f5es com a perda de 10 mil toneladas. Como reflexo j\u00e1 \u00e9 esperado uma diminui\u00e7\u00e3o na comercializa\u00e7\u00e3o com o mercado interno e nas exporta\u00e7\u00f5es que ocorrem com mais for\u00e7a no segundo semestre.<\/p>\n<p style=\"text-align: justify;\">O produtor e consultor de manga, Eduardo Ferraz, revelou que as fazendas est\u00e3o enfrentando o problema com o aumento das pulveriza\u00e7\u00f5es para o combate de pragas e doen\u00e7as e a execu\u00e7\u00e3o do servi\u00e7o de drenagem e manuten\u00e7\u00e3o dos drenos de forma superficial e subterr\u00e2nea. Dono de uma \u00e1rea de 65 hectares no munic\u00edpio de Cabrob\u00f3 &#8211; PE, onde cultiva as variedades Kent, Palmer e Keitt, Ferraz, contabilizou um preju\u00edzo em fun\u00e7\u00e3o das chuvas de R$ 300 mil com a perda de 150 toneladas da fruta, mas poderia ter sido pior. \u201cVenho realizando investimentos com a drenagem da minha \u00e1rea desde a sua implanta\u00e7\u00e3o. E agora com as chuvas s\u00f3 precisei ampliar o servi\u00e7o em algumas partes, aumentando os cuidados, um pouco a cada dia, de olho nas floradas e colheitas futuras\u201d, evidenciou.<\/p>\n<p style=\"text-align: justify;\">Segundo o Sindicato dos Produtores Rurais de Petrolina, a produ\u00e7\u00e3o de frutas no Vale do S\u00e3o Francisco gera 100 mil empregos diretos e movimenta cerca de R$ 2,21 bilh\u00f5es nos mercados internos e externos. Terceiro maior produtor de frutas do mundo, a regi\u00e3o exportou em 2021 cerca de 245 mil toneladas de mangas e 75,1 mil toneladas de uvas para os mercados norte-americano, europeu, pa\u00edses do Mercosul e Canad\u00e1. As culturas de manga e uva s\u00e3o respons\u00e1veis respectivamente por 96% e 99,9% das exporta\u00e7\u00f5es de frutas brasileiras.<\/p>\n<p style=\"text-align: justify;\">Clas Comunica\u00e7\u00e3o e Marketing<\/p>\n","protected":false},"excerpt":{"rendered":"<p>Os produtores de frutas do Vale do S\u00e3o Francisco est\u00e3o investindo alto na cobertura dos pomares e amplia\u00e7\u00e3o dos tratos culturais em fun\u00e7\u00e3o das fortes chuvas que caem na regi\u00e3o desde o m\u00eas de outubro do ano passado e j\u00e1 provocaram um preju\u00edzo estimado em R$ 80 milh\u00f5es com a perda de mais de 30 [&hellip;]<\/p>\n","protected":false},"author":1,"featured_media":34239,"comment_status":"closed","ping_status":"open","sticky":false,"template":"","format":"standard","meta":{"_uag_custom_page_level_css":"","_monsterinsights_skip_tracking":false,"_monsterinsights_sitenote_active":false,"_monsterinsights_sitenote_note":"","_monsterinsights_sitenote_category":0,"jetpack_post_was_ever_published":false,"_jetpack_newsletter_access":"","_jetpack_dont_email_post_to_subs":false,"_jetpack_newsletter_tier_id":0,"_jetpack_memberships_contains_paywalled_content":false,"_jetpack_memberships_contains_paid_content":false,"footnotes":"","jetpack_publicize_message":"","jetpack_publicize_feature_enabled":true,"jetpack_social_post_already_shared":true,"jetpack_social_options":{"image_generator_settings":{"template":"highway","default_image_id":0,"font":"","enabled":false},"version":2}},"categories":[206],"tags":[7825,7823,7824,7826],"class_list":["post-34238","post","type-post","status-publish","format-standard","has-post-thumbnail","hentry","category-economia","tag-cobrem-os-pomares","tag-com-prejuizos","tag-produtores-do-vale-do-sao-francisco","tag-protecao-das-chuvas"],"jetpack_publicize_connections":[],"jetpack_featured_media_url":"https:\/\/blogopara.com.br\/wp-content\/uploads\/2022\/02\/WhatsApp-Image-2022-02-23-at-16.20.43.jpeg","uagb_featured_image_src":{"full":["https:\/\/blogopara.com.br\/wp-content\/uploads\/2022\/02\/WhatsApp-Image-2022-02-23-at-16.20.43.jpeg",500,333,false],"thumbnail":["https:\/\/blogopara.com.br\/wp-content\/uploads\/2022\/02\/WhatsApp-Image-2022-02-23-at-16.20.43-150x150.jpeg",150,150,true],"medium":["https:\/\/blogopara.com.br\/wp-content\/uploads\/2022\/02\/WhatsApp-Image-2022-02-23-at-16.20.43-300x200.jpeg",300,200,true],"medium_large":["https:\/\/blogopara.com.br\/wp-content\/uploads\/2022\/02\/WhatsApp-Image-2022-02-23-at-16.20.43.jpeg",500,333,false],"large":["https:\/\/blogopara.com.br\/wp-content\/uploads\/2022\/02\/WhatsApp-Image-2022-02-23-at-16.20.43.jpeg",500,333,false],"1536x1536":["https:\/\/blogopara.com.br\/wp-content\/uploads\/2022\/02\/WhatsApp-Image-2022-02-23-at-16.20.43.jpeg",500,333,false],"2048x2048":["https:\/\/blogopara.com.br\/wp-content\/uploads\/2022\/02\/WhatsApp-Image-2022-02-23-at-16.20.43.jpeg",500,333,false],"mantranews-slider-large":["https:\/\/blogopara.com.br\/wp-content\/uploads\/2022\/02\/WhatsApp-Image-2022-02-23-at-16.20.43.jpeg",500,333,false],"mantranews-featured-medium":["https:\/\/blogopara.com.br\/wp-content\/uploads\/2022\/02\/WhatsApp-Image-2022-02-23-at-16.20.43-420x307.jpeg",420,307,true],"mantranews-featured-long":["https:\/\/blogopara.com.br\/wp-content\/uploads\/2022\/02\/WhatsApp-Image-2022-02-23-at-16.20.43-300x333.jpeg",300,333,true],"mantranews-block-medium":["https:\/\/blogopara.com.br\/wp-content\/uploads\/2022\/02\/WhatsApp-Image-2022-02-23-at-16.20.43-464x290.jpeg",464,290,true],"mantranews-carousel-image":["https:\/\/blogopara.com.br\/wp-content\/uploads\/2022\/02\/WhatsApp-Image-2022-02-23-at-16.20.43.jpeg",500,333,false],"mantranews-block-thumb":["https:\/\/blogopara.com.br\/wp-content\/uploads\/2022\/02\/WhatsApp-Image-2022-02-23-at-16.20.43-322x230.jpeg",322,230,true],"mantranews-single-large":["https:\/\/blogopara.com.br\/wp-content\/uploads\/2022\/02\/WhatsApp-Image-2022-02-23-at-16.20.43.jpeg",500,333,false]},"uagb_author_info":{"display_name":"Reda\u00e7\u00e3o geral","author_link":"https:\/\/blogopara.com.br\/index.php\/author\/blogopara"},"uagb_comment_info":0,"uagb_excerpt":"Os produtores de frutas do Vale do S\u00e3o Francisco est\u00e3o investindo alto na cobertura dos pomares e amplia\u00e7\u00e3o dos tratos culturais em fun\u00e7\u00e3o das fortes chuvas que caem na regi\u00e3o desde o m\u00eas de outubro do ano passado e j\u00e1 provocaram um preju\u00edzo estimado em R$ 80 milh\u00f5es com a perda de mais de 30&hellip;","jetpack_sharing_enabled":true,"jetpack_likes_enabled":true,"_links":{"self":[{"href":"https:\/\/blogopara.com.br\/index.php\/wp-json\/wp\/v2\/posts\/34238","targetHints":{"allow":["GET"]}}],"collection":[{"href":"https:\/\/blogopara.com.br\/index.php\/wp-json\/wp\/v2\/posts"}],"about":[{"href":"https:\/\/blogopara.com.br\/index.php\/wp-json\/wp\/v2\/types\/post"}],"author":[{"embeddable":true,"href":"https:\/\/blogopara.com.br\/index.php\/wp-json\/wp\/v2\/users\/1"}],"replies":[{"embeddable":true,"href":"https:\/\/blogopara.com.br\/index.php\/wp-json\/wp\/v2\/comments?post=34238"}],"version-history":[{"count":1,"href":"https:\/\/blogopara.com.br\/index.php\/wp-json\/wp\/v2\/posts\/34238\/revisions"}],"predecessor-version":[{"id":34240,"href":"https:\/\/blogopara.com.br\/index.php\/wp-json\/wp\/v2\/posts\/34238\/revisions\/34240"}],"wp:featuredmedia":[{"embeddable":true,"href":"https:\/\/blogopara.com.br\/index.php\/wp-json\/wp\/v2\/media\/34239"}],"wp:attachment":[{"href":"https:\/\/blogopara.com.br\/index.php\/wp-json\/wp\/v2\/media?parent=34238"}],"wp:term":[{"taxonomy":"category","embeddable":true,"href":"https:\/\/blogopara.com.br\/index.php\/wp-json\/wp\/v2\/categories?post=34238"},{"taxonomy":"post_tag","embeddable":true,"href":"https:\/\/blogopara.com.br\/index.php\/wp-json\/wp\/v2\/tags?post=34238"}],"curies":[{"name":"wp","href":"https:\/\/api.w.org\/{rel}","templated":true}]}}